{"id":345271,"date":"2022-07-04T21:04:42","date_gmt":"2022-07-04T21:04:42","guid":{"rendered":"https:\/\/dimensionturistica.com\/es\/?p=345271"},"modified":"2022-07-04T21:04:42","modified_gmt":"2022-07-04T21:04:42","slug":"asi-fue-la-mas-reciente-cena-de-quintonil-10","status":"publish","type":"post","link":"https:\/\/dimensionturistica.com\/es\/asi-fue-la-mas-reciente-cena-de-quintonil-10\/","title":{"rendered":"as\u00ed fue la m\u00e1s reciente cena de Quintonil 10"},"content":{"rendered":"<p> <br \/>\n<\/p>\n<div>\n<p style=\"text-align: justify;\">Un coctel de tequila, toronja, jugo de lim\u00f3n, jarabe e infusi\u00f3n de rosas nos recibi\u00f3 en la mesa para una exclusiva cena donde degustamos algunos de los platillos que el chef <strong>Jorge Vallejo,<\/strong> junto con el franc\u00e9s <strong>Julien Royer,<\/strong> cocinaron para la sexta cena de <strong>Quintonil 10<\/strong>.<\/p>\n<p style=\"text-align: justify;\">Y aunque esta cena <strong>no sucedi\u00f3 en Quintonil, sino en una casona de la colonia Roma<\/strong>, eso no desmereci\u00f3 lo que pudimos disfrutar en la mesa. All\u00ed qued\u00f3 plasmada la <strong>creatividad unida de ambos cocineros<\/strong>, quienes dise\u00f1aron un <strong>men\u00fa especial que forma parte de los festejos por el d\u00e9cimo aniversario de ese famoso restaurante<\/strong>. Revive esta velada.\u00a0<em>Fotos: Cortes\u00eda.<\/em><\/p>\n<p>\u00a0<\/p>\n<h2 style=\"text-align: justify;\">Lo que degustamos de la sexta cena de Quintonil 10<\/h2>\n<p>\u00a0<\/p>\n<p style=\"text-align: justify;\">Siete fueron los tiempos del men\u00fa degustaci\u00f3n de Quintonil 10 que disfrutamos. Comenzamos con una <strong>tarta de aguacate tatemado con escamoles y jerez<\/strong>, as\u00ed como con una <strong>flor de calabaza a la plancha<\/strong>, <strong>rellena de hongos de temporada y queso de Ocosingo<\/strong>.<\/p>\n<p style=\"text-align: justify;\">El siguiente fue un <em><strong>chawanmushi<\/strong><\/em> (especie de flan tibio japon\u00e9s) <strong>de elote<\/strong> con <strong>crema de uchepos<\/strong>, <strong><em>ikura<\/em><\/strong> y <strong>aceite infusionado con vainilla<\/strong>. Estos tres platillos fueron creaci\u00f3n de Jorge Vallejo.<\/p>\n<p style=\"text-align: justify;\">Por su parte, el chef franc\u00e9s <strong>Julien Royer,<\/strong> quien comanda el restaurante <strong><a target=\"_blank\" href=\"https:\/\/www.odetterestaurant.com\/\" rel=\"noopener\"><em>Odette<\/em><\/a>, <\/strong>en Singapur, prepar\u00f3 un <strong>taco de kampachi con miso y r\u00e1banos<\/strong>; una <strong>tartaleta de cebolla con regaliz y caf\u00e9<\/strong>\u00a0y una <strong>tarta de lim\u00f3n<\/strong>, como postre.<\/p>\n<p style=\"text-align: justify;\">El chef Vallejo tambi\u00e9n nos deleit\u00f3 con una <strong><em>cr\u00e8me fra\u00eeche<\/em> con maracuy\u00e1 y caviar<\/strong>. El uso de \u00faltimo ingrediente en un postre<strong> nos sorprendi\u00f3<\/strong>, pero el propietario de Quintonil nos comparti\u00f3 que en su preparaci\u00f3n utiliz\u00f3 la <strong>miel de abeja melipona<\/strong>.<\/p>\n<p style=\"text-align: justify;\">\u201cPara m\u00ed es el ingrediente <strong>m\u00e1s lujoso, al que m\u00e1s cari\u00f1o y respeto le tengo<\/strong>. Lo quer\u00eda poner al lado de un ingrediente que se concibe como <strong>ex\u00f3tico<\/strong> y <strong>lujoso<\/strong> [el caviar] para as\u00ed mostrar y <strong>romper el paradigma de que lo lujoso no tiene que ver necesariamente con el costo monetario<\/strong>, sino en <strong>c\u00f3mo lo aprecies<\/strong>\u201d, explic\u00f3 Jorge Vallejo.<\/p>\n<p>\u00a0<\/p>\n<p><img loading=\"lazy\" decoding=\"async\" alt=\"Platillo de Quintonil 10\" width=\"1920\" height=\"1440\" srcset=\"https:\/\/foodandtravel.mx\/wp-content\/uploads\/2022\/07\/Creme-fraiche-Quintonil-10.jpg 1920w, https:\/\/foodandtravel.mx\/wp-content\/uploads\/2022\/07\/Creme-fraiche-Quintonil-10-450x338.jpg 450w, https:\/\/foodandtravel.mx\/wp-content\/uploads\/2022\/07\/Creme-fraiche-Quintonil-10-1024x768.jpg 1024w, https:\/\/foodandtravel.mx\/wp-content\/uploads\/2022\/07\/Creme-fraiche-Quintonil-10-768x576.jpg 768w, https:\/\/foodandtravel.mx\/wp-content\/uploads\/2022\/07\/Creme-fraiche-Quintonil-10-1536x1152.jpg 1536w\" src=\"https:\/\/foodandtravel.mx\/wp-content\/uploads\/2022\/07\/Creme-fraiche-Quintonil-10.jpg\" data-sizes=\"(max-width: 1920px) 100vw, 1920px\" class=\"img-fluid align-img w-75 aligncenter wp-image-165642 size-full lazyload\" bad-src=\"data:image\/gif;base64,R0lGODlhAQABAAAAACH5BAEKAAEALAAAAAABAAEAAAICTAEAOw==\"\/><noscript><img decoding=\"async\" class=\"img-fluid align-img w-75 aligncenter wp-image-165642 size-full\" src=\"https:\/\/foodandtravel.mx\/wp-content\/uploads\/2022\/07\/Creme-fraiche-Quintonil-10.jpg\" alt=\"Platillo de Quintonil 10\" width=\"1920\" height=\"1440\" srcset=\"https:\/\/foodandtravel.mx\/wp-content\/uploads\/2022\/07\/Creme-fraiche-Quintonil-10.jpg 1920w, https:\/\/foodandtravel.mx\/wp-content\/uploads\/2022\/07\/Creme-fraiche-Quintonil-10-450x338.jpg 450w, https:\/\/foodandtravel.mx\/wp-content\/uploads\/2022\/07\/Creme-fraiche-Quintonil-10-1024x768.jpg 1024w, https:\/\/foodandtravel.mx\/wp-content\/uploads\/2022\/07\/Creme-fraiche-Quintonil-10-768x576.jpg 768w, https:\/\/foodandtravel.mx\/wp-content\/uploads\/2022\/07\/Creme-fraiche-Quintonil-10-1536x1152.jpg 1536w\" sizes=\"(max-width: 1920px) 100vw, 1920px\"\/><\/noscript><\/p>\n<p>\u00a0<\/p>\n<p>\u00a0<\/p>\n<h2 style=\"text-align: justify;\">\u00bfC\u00f3mo eligi\u00f3 a los cooks invitados?<\/h2>\n<p>\u00a0<\/p>\n<p style=\"text-align: justify;\">Aunque ya hab\u00eda escuchado del chef <strong>Julien Royer,<\/strong> Jorge Vallejo lo conoci\u00f3 en 2019 durante la ceremonia de <a target=\"_blank\" href=\"https:\/\/www.theworlds50best.com\/\" rel=\"noopener\"><em><strong>The World\u2019s 50 Best Restaurants<\/strong><\/em><\/a> en Singapur, donde se hicieron buenos amigos.<\/p>\n<p style=\"text-align: justify;\">Despu\u00e9s, en 2021, durante la premiaci\u00f3n de <strong>Amberes,<\/strong> el chef Vallejo le coment\u00f3 a \u00e9l y otros cooks que <strong>Quintonil cumplir\u00eda 10 a\u00f1os<\/strong>. Todos le pidieron que los invitara a cocinar y, entre todos, armaron el calendario. \u201cQuienes han venido fueron mis c\u00f3mplices sobre esta manera de celebrar\u201d, asegur\u00f3 durante la cena.<\/p>\n<p>\u00a0<\/p>\n<p><img loading=\"lazy\" decoding=\"async\" alt=\"Chef Julien Royer\" width=\"800\" height=\"1067\" srcset=\"https:\/\/foodandtravel.mx\/wp-content\/uploads\/2022\/07\/Julien-Royer-Quintonil-10.jpg 800w, https:\/\/foodandtravel.mx\/wp-content\/uploads\/2022\/07\/Julien-Royer-Quintonil-10-337x450.jpg 337w, https:\/\/foodandtravel.mx\/wp-content\/uploads\/2022\/07\/Julien-Royer-Quintonil-10-768x1024.jpg 768w\" src=\"https:\/\/foodandtravel.mx\/wp-content\/uploads\/2022\/07\/Julien-Royer-Quintonil-10.jpg\" data-sizes=\"(max-width: 800px) 100vw, 800px\" class=\"img-fluid align-img w-75 aligncenter wp-image-165643 size-full lazyload\" bad-src=\"data:image\/gif;base64,R0lGODlhAQABAAAAACH5BAEKAAEALAAAAAABAAEAAAICTAEAOw==\"\/><noscript><img decoding=\"async\" class=\"img-fluid align-img w-75 aligncenter wp-image-165643 size-full\" src=\"https:\/\/foodandtravel.mx\/wp-content\/uploads\/2022\/07\/Julien-Royer-Quintonil-10.jpg\" alt=\"Chef Julien Royer\" width=\"800\" height=\"1067\" srcset=\"https:\/\/foodandtravel.mx\/wp-content\/uploads\/2022\/07\/Julien-Royer-Quintonil-10.jpg 800w, https:\/\/foodandtravel.mx\/wp-content\/uploads\/2022\/07\/Julien-Royer-Quintonil-10-337x450.jpg 337w, https:\/\/foodandtravel.mx\/wp-content\/uploads\/2022\/07\/Julien-Royer-Quintonil-10-768x1024.jpg 768w\" sizes=\"(max-width: 800px) 100vw, 800px\"\/><\/noscript><\/p>\n<p>\u00a0<\/p>\n<p>\u00a0<\/p>\n<h2 style=\"text-align: justify;\">Pr\u00f3ximos eventos de Quintonil 10<\/h2>\n<p>\u00a0<\/p>\n<p style=\"text-align: justify;\">Para las siguientes fechas, el chef nos adelant\u00f3 que vendr\u00e1n amigos de Sudam\u00e9rica, como <strong>Rodolfo Guzm\u00e1n,<\/strong> de <strong>Borag\u00f3<\/strong> (Chile); <strong>Manu Buffara,<\/strong> de <strong>Manu<\/strong> (Brasil); <strong>Mitsuharu Tsumura,<\/strong> de <strong>Maido<\/strong> (Per\u00fa), y otros invitados sorpresa.<\/p>\n<p style=\"text-align: justify;\">\u201cQuisimos hacerlo <strong>muy plural,<\/strong> que hubiera gente de todo el mundo. Creo que ha sido un <strong>aprendizaje muy importante porque no todos los a\u00f1os tienes la oportunidad de aprender<\/strong>, convivir y cocinar con varios de los mejores chefs del mundo\u201d, enfatiz\u00f3 al respecto.<\/p>\n<p>\u00a0<\/p>\n<p><img loading=\"lazy\" decoding=\"async\" alt=\"Jorge Vallejo cocinando en Quintonil 10\" width=\"800\" height=\"1067\" srcset=\"https:\/\/foodandtravel.mx\/wp-content\/uploads\/2022\/07\/Jorge-Vallejo-Quintonil-10.jpg 800w, https:\/\/foodandtravel.mx\/wp-content\/uploads\/2022\/07\/Jorge-Vallejo-Quintonil-10-337x450.jpg 337w, https:\/\/foodandtravel.mx\/wp-content\/uploads\/2022\/07\/Jorge-Vallejo-Quintonil-10-768x1024.jpg 768w\" src=\"https:\/\/foodandtravel.mx\/wp-content\/uploads\/2022\/07\/Jorge-Vallejo-Quintonil-10.jpg\" data-sizes=\"(max-width: 800px) 100vw, 800px\" class=\"img-fluid align-img w-75 aligncenter wp-image-165644 size-full lazyload\" bad-src=\"data:image\/gif;base64,R0lGODlhAQABAAAAACH5BAEKAAEALAAAAAABAAEAAAICTAEAOw==\"\/><noscript><img decoding=\"async\" class=\"img-fluid align-img w-75 aligncenter wp-image-165644 size-full\" src=\"https:\/\/foodandtravel.mx\/wp-content\/uploads\/2022\/07\/Jorge-Vallejo-Quintonil-10.jpg\" alt=\"Jorge Vallejo cocinando en Quintonil 10\" width=\"800\" height=\"1067\" srcset=\"https:\/\/foodandtravel.mx\/wp-content\/uploads\/2022\/07\/Jorge-Vallejo-Quintonil-10.jpg 800w, https:\/\/foodandtravel.mx\/wp-content\/uploads\/2022\/07\/Jorge-Vallejo-Quintonil-10-337x450.jpg 337w, https:\/\/foodandtravel.mx\/wp-content\/uploads\/2022\/07\/Jorge-Vallejo-Quintonil-10-768x1024.jpg 768w\" sizes=\"(max-width: 800px) 100vw, 800px\"\/><\/noscript><\/p>\n<p>\u00a0<\/p>\n<p style=\"text-align: justify;\">\u201c[Quintonil 10] ha sido muy cansado, <strong>pero tambi\u00e9n muy enriquecedor <\/strong>tenerlos aqu\u00ed y mostrarles M\u00e9xico, lo afortunados que somos de vivir ac\u00e1. <strong>Y creo que todos se han ido con un buen sabor de boca<\/strong>\u201d, finaliz\u00f3 Jorge Vallejo.<\/p>\n<p>\u00a0<\/p>\n<p style=\"text-align: justify;\">Ent\u00e9rate de las pr\u00f3ximas cenas de Quintonil 10 siguiendo el <strong>perfil de Instagram del restaurante<\/strong>: <a target=\"_blank\" href=\"https:\/\/www.instagram.com\/rest_quintonil\/?hl=es\" rel=\"noopener\"><strong><em>@rest_quintonil<\/em><\/strong><\/a><\/p>\n<p><!-- \/11159420\/ft_leader_home_mobile_1 --><\/p>\n<p><!-- \/11159420\/ft_leader_category_mobile_1 --><\/p><\/div>\n<p><script async defer src=\"https:\/\/platform.instagram.com\/en_US\/embeds.js\"><\/script><br \/>\n<br \/><\/p>\n<p><em> \u2018 The preceding article may include information circulated by third parties \u2019 <\/em><\/p>\n<p><em> \u2018 Some details of this article were extracted from the following source foodandtravel.mx \u2019 <\/em><\/p>\n","protected":false},"excerpt":{"rendered":"<p>Un coctel de tequila, toronja, jugo de lim\u00f3n, jarabe e infusi\u00f3n de rosas nos recibi\u00f3 en la mesa para una exclusiva cena donde degustamos algunos de los platillos que el chef Jorge Vallejo, junto con el franc\u00e9s Julien Royer, cocinaron para la sexta cena de Quintonil 10. Y aunque esta cena no sucedi\u00f3 en Quintonil, [&hellip;]<\/p>\n","protected":false},"author":2,"featured_media":345272,"comment_status":"open","ping_status":"closed","sticky":false,"template":"","format":"standard","meta":{"om_disable_all_campaigns":false,"jnews-multi-image_gallery":[],"jnews_single_post":[],"jnews_primary_category":[],"jnews_social_meta":[],"footnotes":""},"categories":[43],"tags":[],"class_list":["post-345271","post","type-post","status-publish","format-standard","has-post-thumbnail","hentry","category-gourmet"],"_links":{"self":[{"href":"https:\/\/dimensionturistica.com\/es\/wp-json\/wp\/v2\/posts\/345271","targetHints":{"allow":["GET"]}}],"collection":[{"href":"https:\/\/dimensionturistica.com\/es\/wp-json\/wp\/v2\/posts"}],"about":[{"href":"https:\/\/dimensionturistica.com\/es\/wp-json\/wp\/v2\/types\/post"}],"author":[{"embeddable":true,"href":"https:\/\/dimensionturistica.com\/es\/wp-json\/wp\/v2\/users\/2"}],"replies":[{"embeddable":true,"href":"https:\/\/dimensionturistica.com\/es\/wp-json\/wp\/v2\/comments?post=345271"}],"version-history":[{"count":0,"href":"https:\/\/dimensionturistica.com\/es\/wp-json\/wp\/v2\/posts\/345271\/revisions"}],"wp:featuredmedia":[{"embeddable":true,"href":"https:\/\/dimensionturistica.com\/es\/wp-json\/wp\/v2\/media\/345272"}],"wp:attachment":[{"href":"https:\/\/dimensionturistica.com\/es\/wp-json\/wp\/v2\/media?parent=345271"}],"wp:term":[{"taxonomy":"category","embeddable":true,"href":"https:\/\/dimensionturistica.com\/es\/wp-json\/wp\/v2\/categories?post=345271"},{"taxonomy":"post_tag","embeddable":true,"href":"https:\/\/dimensionturistica.com\/es\/wp-json\/wp\/v2\/tags?post=345271"}],"curies":[{"name":"wp","href":"https:\/\/api.w.org\/{rel}","templated":true}]}}