{"id":345215,"date":"2022-07-04T18:41:00","date_gmt":"2022-07-04T18:41:00","guid":{"rendered":"https:\/\/dimensionturistica.com\/es\/?p=345215"},"modified":"2022-07-04T18:41:01","modified_gmt":"2022-07-04T18:41:01","slug":"tengo-resultados-tangibles-dice-benitez-torres-sobre-las-criticas-a-sus-constantes-viajes-al-extranjero","status":"publish","type":"post","link":"https:\/\/dimensionturistica.com\/es\/tengo-resultados-tangibles-dice-benitez-torres-sobre-las-criticas-a-sus-constantes-viajes-al-extranjero\/","title":{"rendered":"Tengo resultados tangibles, dice Ben\u00edtez Torres sobre las criticas a sus constantes viajes al extranjero"},"content":{"rendered":"<p> <br \/>\n<\/p>\n<div itemprop=\"text\">\n<div class=\"paragraph\" mlnid=\"idcon=2302424;order=6.0\">\n<p>Luis Guillermo Ben\u00edtez Torres, Alcalde de Mazatl\u00e1n, defendi\u00f3 que los viajes que ha hecho al extranjero han dado resultados tangibles a favor del Municipio, esto luego de que Roberto Rodr\u00edguez, Regidor de Morena, calific\u00f3 sus viajes como innecesarios.<\/p>\n<p>El integrante del Cabildo mencion\u00f3 que <a rel=\"nofollow noopener\" target=\"_blank\" href=\"https:\/\/www.noroeste.com.mx\/mazatlan\/si-no-le-gusta-rendir-cuentas-al-alcalde-de-mazatlan-que-no-sea-funcionario-publico-dice-edil-de-morena-BB2355322\">el Presidente Municipal viajaba m\u00e1s que incluso Andr\u00e9s Manuel L\u00f3pez Obrador, o Rub\u00e9n Rocha Moya<\/a>, lo cual critic\u00f3.<\/p>\n<p>\u201cEl presupuesto del 2022 aument\u00f3 en mil 100 por ciento los viajes al extranjero \u00bfesto que quiere decir? muchos de los regidores, que somos los m\u00e1s conscientes, no autorizamos el gasto o el aumento del presupuesto de gastos en viajes al extranjero, hay quienes s\u00ed lo autorizaron, pero me hace mucho m\u00e1s ruido a m\u00ed, el que est\u00e9 constantemente saliendo fuera de la ciudad, ni siquiera nuestro Presidente de la Rep\u00fablica lo hace, ni siquiera el Gobernador lo est\u00e1 haciendo, pero s\u00ed lo est\u00e1 haciendo el Presidente Municipal de aqu\u00ed de Mazatl\u00e1n\u201d, mencion\u00f3.<\/p>\n<p>Ante estas declaraciones, Ben\u00edtez Torres sostuvo que sus viajes s\u00ed han sido de beneficio para Mazatl\u00e1n, que hay resultados \u2018tangibles\u2019.<\/p>\n<p>\u201cEs muy respetable lo que diga el Regidor, pero yo tengo resultados tangibles, y el pueblo los tiene, de lo que hemos logrado\u201d, defendi\u00f3.<\/p>\n<p>Durante este a\u00f1o el Alcalde de Mazatl\u00e1n ha visitado las ciudades de Los \u00c1ngeles y Miami; el primer viaje a los \u00c1ngeles se tom\u00f3 fotos con el boxeador \u2018Zurdo\u2019 Ram\u00edrez, y aviso que cuando peleara nuevamente, ir\u00eda a verlo.<\/p>\n<p>El viaje a Miami lo hizo con la intenci\u00f3n de ver una planta para tratar la basura, pero no trajo nada concreto de esta visita, solo que seguir\u00eda analiz\u00e1ndolo.<\/p>\n<\/p><\/div><\/div>\n\n<p><em> &#8221; Fuentes www.noroeste.com.mx &#8221; <\/em><\/p>\n","protected":false},"excerpt":{"rendered":"<p>Luis Guillermo Ben\u00edtez Torres, Alcalde de Mazatl\u00e1n, defendi\u00f3 que los viajes que ha hecho al extranjero han dado resultados tangibles a favor del Municipio, esto luego de que Roberto Rodr\u00edguez, Regidor de Morena, calific\u00f3 sus viajes como innecesarios. El integrante del Cabildo mencion\u00f3 que el Presidente Municipal viajaba m\u00e1s que incluso Andr\u00e9s Manuel L\u00f3pez Obrador, [&hellip;]<\/p>\n","protected":false},"author":4,"featured_media":345216,"comment_status":"open","ping_status":"closed","sticky":false,"template":"","format":"standard","meta":{"om_disable_all_campaigns":false,"jnews-multi-image_gallery":[],"jnews_single_post":[],"jnews_primary_category":[],"jnews_social_meta":[],"footnotes":""},"categories":[39],"tags":[18734],"class_list":["post-345215","post","type-post","status-publish","format-standard","has-post-thumbnail","hentry","category-viajes","tag-antonio-olazabal"],"_links":{"self":[{"href":"https:\/\/dimensionturistica.com\/es\/wp-json\/wp\/v2\/posts\/345215","targetHints":{"allow":["GET"]}}],"collection":[{"href":"https:\/\/dimensionturistica.com\/es\/wp-json\/wp\/v2\/posts"}],"about":[{"href":"https:\/\/dimensionturistica.com\/es\/wp-json\/wp\/v2\/types\/post"}],"author":[{"embeddable":true,"href":"https:\/\/dimensionturistica.com\/es\/wp-json\/wp\/v2\/users\/4"}],"replies":[{"embeddable":true,"href":"https:\/\/dimensionturistica.com\/es\/wp-json\/wp\/v2\/comments?post=345215"}],"version-history":[{"count":0,"href":"https:\/\/dimensionturistica.com\/es\/wp-json\/wp\/v2\/posts\/345215\/revisions"}],"wp:featuredmedia":[{"embeddable":true,"href":"https:\/\/dimensionturistica.com\/es\/wp-json\/wp\/v2\/media\/345216"}],"wp:attachment":[{"href":"https:\/\/dimensionturistica.com\/es\/wp-json\/wp\/v2\/media?parent=345215"}],"wp:term":[{"taxonomy":"category","embeddable":true,"href":"https:\/\/dimensionturistica.com\/es\/wp-json\/wp\/v2\/categories?post=345215"},{"taxonomy":"post_tag","embeddable":true,"href":"https:\/\/dimensionturistica.com\/es\/wp-json\/wp\/v2\/tags?post=345215"}],"curies":[{"name":"wp","href":"https:\/\/api.w.org\/{rel}","templated":true}]}}