{"id":345109,"date":"2022-07-04T15:38:32","date_gmt":"2022-07-04T15:38:32","guid":{"rendered":"https:\/\/dimensionturistica.com\/es\/?p=345109"},"modified":"2022-07-04T15:38:32","modified_gmt":"2022-07-04T15:38:32","slug":"noma-el-mejor-restaurante-del-mundo-registra-perdidas-y-anuncia-un-cambio-de-rumbo","status":"publish","type":"post","link":"https:\/\/dimensionturistica.com\/es\/noma-el-mejor-restaurante-del-mundo-registra-perdidas-y-anuncia-un-cambio-de-rumbo\/","title":{"rendered":"Noma, el mejor restaurante del mundo, registra p\u00e9rdidas y anuncia un cambio de rumbo"},"content":{"rendered":"<p> <br \/>\n<\/p>\n<div>\n<p data-gtm-element-container=\"modulo-texto-link\" class=\"paragraph\">Ser n\u00famero uno en cinco ocasiones no garantiza que los n\u00fameros marchen como deber\u00edan. Hablamos de Noma, el precise mejor restaurante del mundo seg\u00fan el aclamado r\u00e1nking brit\u00e1nico The World&#8217;s 50 Finest Eating places, que a pocos d\u00edas de dejar de serlo (50 Finest anunciar\u00e1 su nuevo listado el pr\u00f3ximo 18 de julio en Londres y Noma pasar\u00e1 a <a target=\"_blank\" href=\"https:\/\/www.lavanguardia.com\/comer\/al-dia\/20190115\/454161477478\/los-restaurantes-que-han-sido-numero-1-dejan-de-competir-en-the-worlds-50-best.html\" title=\"\u2018The World\u2019s 50 Best Restaurants\u2019 cambia sus normas: El Celler entra en \u2018Best of the Best\u2019\" rel=\"noopener\">la clasificaci\u00f3n especial &#8216;Best of the Best&#8217;<\/a>, donde se encuentran los restaurantes que ya fueron l\u00edderes y que por lo tanto no son elegibles) ha saltado al punto de mira de los medios de comunicaci\u00f3n por su situaci\u00f3n financiera.\u00a0<\/p>\n<p data-gtm-element-container=\"modulo-texto-link\" class=\"paragraph\">Seg\u00fan <a target=\"_blank\" href=\"https:\/\/www.bloomberg.com\/news\/articles\/2022-06-29\/world-s-best-restaurant-noma-reports-first-loss-since-2017\" rel=\"nofollow noreferrer noopener\">publica <i>Bloomberg<\/i><\/a>,<i> <\/i>el restaurante dan\u00e9s del chef Ren\u00e9 Redzepi pierde dinero. Lo demuestra un documento enviado por este establecimiento a la Autoridad Comercial Danesa que recoge que en 2021 la cifra asciende concretamente a 1,69 millones de coronas danesas (227.174 euros). En 2020, en cambio, el restaurante s\u00ed period rentable, registrando ganancias que coinciden con la ayuda de 10,9 millones de coronas danesas (1.465.178 euros) que Noma recibi\u00f3 del gobierno dan\u00e9s por la situaci\u00f3n de confinamiento y otras restricciones derivadas de la pandemia.\u00a0<\/p>\n<p><span class=\"content-ad-module  hidden-ad\"><\/p>\n<p><span class=\"content-ad visible-xs roba-container  hidden-ad\"><span class=\"ad-unit roba\"><\/p>\n<p>                <\/span><\/span><span class=\"content-ad visible-md irr-container  hidden-ad\"><span class=\"ad-unit irr\"><\/p>\n<p>                <\/span><\/span><span class=\"content-html\"><span class=\"intext-md hidden-xs hidden-md\" w-constraint=\"\"\/><\/span><\/span><\/p>\n<figure class=\"composite-image image-container \" data-gtm-element-container=\"button-gallery\"><picture><source media=\"(min-width: 638px)\" data-srcset=\"https:\/\/www.lavanguardia.com\/files\/content_image_desktop_filter\/uploads\/2020\/05\/18\/5ec2640124453.jpeg\"><source media=\"(min-width: 480px)\" data-srcset=\"https:\/\/www.lavanguardia.com\/files\/content_image_intermediate_filter\/uploads\/2020\/05\/18\/5ec2640124453.jpeg\"><img decoding=\"async\" data-full-src=\"https:\/\/www.lavanguardia.com\/uploads\/2020\/05\/18\/5ec2640124453.jpeg\" alt=\"La fachada del restaurante Noma\" src=\"https:\/\/www.lavanguardia.com\/files\/content_image_mobile_filter\/uploads\/2020\/05\/18\/5ec2640124453.jpeg\" class=\"lazy\"\/><\/source><\/source><\/picture><figcaption class=\"figure-caption\">\n<p class=\"caption-title \">La fachada del restaurante Noma en\u00a0Christiania\u00a0<\/p>\n<p>                    <span class=\"caption-author \">Noma<\/span><\/p>\n<\/figcaption><\/figure>\n<p data-gtm-element-container=\"modulo-texto-link\" class=\"paragraph\">&#8220;Dadas las circunstancias, el resultado y el desarrollo econ\u00f3mico de la empresa han sido satisfactorios&#8221;, explica Noma con optimismo en su informe financiero de 2021,\u00a0 a\u00f1adiendo que esperan un mejor resultado para el pr\u00f3ximo a\u00f1o. La \u00faltima vez que registraron p\u00e9rdidas econ\u00f3micas fue en 2017, a\u00f1o en el que Redzepi decidi\u00f3 cerrar el restaurante para trasladarlo de ubicaci\u00f3n tras proclamarse n\u00famero 1 en 2010, 2011, 2012 y 2014.\u00a0<\/p>\n<p data-gtm-element-container=\"modulo-texto-link\" class=\"paragraph\">Antes de reabrirlo en 2018 en una antigua zona comercial abandonada de Christiania, de hecho,\u00a0 este chef present\u00f3 <i>pop- ups<\/i> ef\u00edmeras de Noma en diversas ciudades que le permit\u00edan al mismo tiempo investigar junto a su equipo los ingredientes locales de lugares como Tulum (M\u00e9xico).\u00a0<\/p>\n<p><span class=\"content-subtitle \"><\/p>\n<h2 class=\"subtitle\">En pandemia\u00a0<\/h2>\n<h3 class=\"subtitle\">En 2020 Noma s\u00ed period rentable, registrando ganancias que coinciden con una ayuda de\u00a0 10,9 millones de coronas del gobierno dan\u00e9s<\/h3>\n<p><\/span><\/p>\n<p data-gtm-element-container=\"modulo-texto-link\" class=\"paragraph\">Hace pocos d\u00edas Redzepi hac\u00eda un nuevo anuncio en Instagram: &#8220;Hola a todos, saludos desde Copenhague. Hace unos tres a\u00f1os, un plan comenz\u00f3 a tomar forma en mi mente. Hoy es el d\u00eda en que comenzamos a tomar acci\u00f3n, empezando con la apertura de nuestra nueva temporada vegetariana. Esta tambi\u00e9n ser\u00e1 nuestra \u00faltima temporada aqu\u00ed en Copenhague este a\u00f1o. Este oto\u00f1o e invierno volvemos a viajar. Todo nuestro equipo ir\u00e1 a alg\u00fan lugar del mundo a cocinar y aprender. El anuncio completo de hacia d\u00f3nde nos dirigimos se realizar\u00e1 m\u00e1s adelante este verano. Adem\u00e1s, tambi\u00e9n estamos entrando en nuestro vig\u00e9simo a\u00f1o de funcionamiento como restaurante. Cuando regresemos a Copenhague a principios de 2023, comenzaremos nuestro \u00faltimo a\u00f1o con Noma tal como lo conocemos&#8221;.<\/p>\n<p><span class=\"content-ad-module  hidden-ad\"><\/p>\n<p><span class=\"content-ad visible-xs irr-container  hidden-ad\"><span class=\"ad-unit irr\"><\/p>\n<p>                <\/span><\/span><span class=\"content-html\"><span class=\"intext-xs hidden-xs hidden-md\" w-constraint=\"\"\/><\/span><\/span><\/p>\n<p data-gtm-element-container=\"modulo-texto-link\" class=\"paragraph\">\u00bfQuiere decir esto que est\u00e1 pensando de nuevo en trasladarse para poder volver a ser de nuevo n\u00famero 1? &#8220;Tenemos un plan, y no puedo esperar para compartir m\u00e1s con ustedes a fines de este a\u00f1o, pero por ahora, sepan que se est\u00e1n produciendo grandes cambios. Hemos estado colocando algunas nuevas piedras fundamentales para que podamos seguir creciendo como organizaci\u00f3n durante los pr\u00f3ximos 20 a\u00f1os&#8221;, contin\u00faa Redzepi en el submit.\u00a0<\/p>\n<figure class=\"composite-image image-container \" data-gtm-element-container=\"button-gallery\"><picture><source media=\"(min-width: 638px)\" data-srcset=\"https:\/\/www.lavanguardia.com\/files\/content_image_desktop_filter\/uploads\/2021\/10\/06\/615d5e6a856aa.jpeg\"><source media=\"(min-width: 480px)\" data-srcset=\"https:\/\/www.lavanguardia.com\/files\/content_image_intermediate_filter\/uploads\/2021\/10\/06\/615d5e6a856aa.jpeg\"><img decoding=\"async\" data-full-src=\"https:\/\/www.lavanguardia.com\/uploads\/2021\/10\/06\/615d5e6a856aa.jpeg\" alt=\"Horizontal\" src=\"https:\/\/www.lavanguardia.com\/files\/content_image_mobile_filter\/uploads\/2021\/10\/06\/615d5e6a856aa.jpeg\" class=\"lazy\"\/><\/source><\/source><\/picture><figcaption class=\"figure-caption\">\n<p class=\"caption-title \">Noma fue proclamado mejor restaurante del mundo en 2021 por quinta vez\u00a0\u00a0<\/p>\n<p>                    <span class=\"caption-author \">THE WORLD&#8217;S 50 BEST RESTAURANTS \/ EP<\/span><\/p>\n<\/figcaption><\/figure>\n<p data-gtm-element-container=\"modulo-texto-link\" class=\"paragraph\">Hace unos meses el chef dan\u00e9s tambi\u00e9n aseguraba en una entrevista con <i>Expansi\u00f3n <\/i>que uno de sus sue\u00f1os es tener dos Nomas, uno en\u00a0Copenhague para la temporada estival y otro en otro lugar del mundo donde funcionar durante el fr\u00edo invierno dan\u00e9s. &#8220;Quiero vivir como los p\u00e1jaros y cambiar en funci\u00f3n de la estaci\u00f3n\u201d, aseguraba a la periodista Marta Fern\u00e1ndez Guada\u00f1o.\u00a0 \u00bfSer\u00e1n esos los planes del cocinero? \u00bfTrasladar\u00e1 su restaurante a otro lugar del mundo, lo que le permitir\u00eda ser 6 veces l\u00edder mundial superando a El Bulli de Ferran Adri\u00e0 que lo fue 5 veces? \u00bfQu\u00e9 ubicaci\u00f3n habr\u00e1 elegido para la <i>pop-up<\/i> ya anunciada para este invierno? Quedan todav\u00eda muchas preguntas sin resolver.\u00a0<\/p>\n<p><span class=\"content-ad-module  hidden-ad\"><\/p>\n<p><span class=\"content-ad visible-xs roba-container  hidden-ad\"><span class=\"ad-unit roba\"><\/p>\n<p>                <\/span><\/span><\/span><span class=\"content-ad-module  hidden-ad\"><\/p>\n<p><span class=\"content-ad visible-xs roba-container  hidden-ad\"><span class=\"ad-unit roba\"><\/p>\n<p>                <\/span><\/span><\/span>\n<\/div>\n<p><script type=\"script\/gg\">\n  gg.didomi.doWhenConsent(!window.didomiBypass, 'c:facebooka-frU9M5JY', function () {\n  !function(f,b,e,v,n,t,s)\n  {if(f.fbq)return;n=f.fbq=function()\n  {n.callMethod? n.callMethod.apply(n,arguments):n.queue.push(arguments)};\n  if(!f._fbq)f._fbq=n;n.push=n;n.loaded=!0;n.version='2.0';\n  n.queue=[];t=b.createElement(e);t.async=!0;\n  t.src=v;s=b.getElementsByTagName(e)[0];\n  s.parentNode.insertBefore(t,s)}(window, document,'script',\n  'https:\/\/connect.facebook.net\/en_US\/fbevents.js');\n  fbq('init', '316167066837274');\n  fbq('track', 'PageView');\n  });\n<\/script><br \/>\n<br \/><\/p>\n<p><em> \u2018 The preceding article may include information circulated by third parties \u2019 <\/em><\/p>\n<p><em> \u2018 Some details of this article were extracted from the following source www.lavanguardia.com \u2019 <\/em><\/p>\n","protected":false},"excerpt":{"rendered":"<p>Ser n\u00famero uno en cinco ocasiones no garantiza que los n\u00fameros marchen como deber\u00edan. Hablamos de Noma, el precise mejor restaurante del mundo seg\u00fan el aclamado r\u00e1nking brit\u00e1nico The World&#8217;s 50 Finest Eating places, que a pocos d\u00edas de dejar de serlo (50 Finest anunciar\u00e1 su nuevo listado el pr\u00f3ximo 18 de julio en Londres [&hellip;]<\/p>\n","protected":false},"author":2,"featured_media":345110,"comment_status":"open","ping_status":"closed","sticky":false,"template":"","format":"standard","meta":{"om_disable_all_campaigns":false,"jnews-multi-image_gallery":[],"jnews_single_post":[],"jnews_primary_category":[],"jnews_social_meta":[],"footnotes":""},"categories":[43],"tags":[],"class_list":["post-345109","post","type-post","status-publish","format-standard","has-post-thumbnail","hentry","category-gourmet"],"_links":{"self":[{"href":"https:\/\/dimensionturistica.com\/es\/wp-json\/wp\/v2\/posts\/345109","targetHints":{"allow":["GET"]}}],"collection":[{"href":"https:\/\/dimensionturistica.com\/es\/wp-json\/wp\/v2\/posts"}],"about":[{"href":"https:\/\/dimensionturistica.com\/es\/wp-json\/wp\/v2\/types\/post"}],"author":[{"embeddable":true,"href":"https:\/\/dimensionturistica.com\/es\/wp-json\/wp\/v2\/users\/2"}],"replies":[{"embeddable":true,"href":"https:\/\/dimensionturistica.com\/es\/wp-json\/wp\/v2\/comments?post=345109"}],"version-history":[{"count":0,"href":"https:\/\/dimensionturistica.com\/es\/wp-json\/wp\/v2\/posts\/345109\/revisions"}],"wp:featuredmedia":[{"embeddable":true,"href":"https:\/\/dimensionturistica.com\/es\/wp-json\/wp\/v2\/media\/345110"}],"wp:attachment":[{"href":"https:\/\/dimensionturistica.com\/es\/wp-json\/wp\/v2\/media?parent=345109"}],"wp:term":[{"taxonomy":"category","embeddable":true,"href":"https:\/\/dimensionturistica.com\/es\/wp-json\/wp\/v2\/categories?post=345109"},{"taxonomy":"post_tag","embeddable":true,"href":"https:\/\/dimensionturistica.com\/es\/wp-json\/wp\/v2\/tags?post=345109"}],"curies":[{"name":"wp","href":"https:\/\/api.w.org\/{rel}","templated":true}]}}