{"id":345029,"date":"2022-07-04T13:22:12","date_gmt":"2022-07-04T13:22:12","guid":{"rendered":"https:\/\/dimensionturistica.com\/es\/?p=345029"},"modified":"2022-07-04T13:22:12","modified_gmt":"2022-07-04T13:22:12","slug":"aerolineas-argentinas-vuela-de-nuevo-a-la-habana","status":"publish","type":"post","link":"https:\/\/dimensionturistica.com\/es\/aerolineas-argentinas-vuela-de-nuevo-a-la-habana\/","title":{"rendered":"Aerol\u00edneas Argentinas vuela de nuevo a La Habana"},"content":{"rendered":"<p> <br \/>\n<\/p>\n<div>\n<div id=\"attachment_1703702\" style=\"width: 580px\" class=\"wp-caption aligncenter wp-image-1703702 size-large\"><img decoding=\"async\" class=\"wp-image-1703702 size-large\" src=\"http:\/\/media.cubadebate.cu\/wp-content\/uploads\/2022\/07\/AEROLINEA-ARGENTINA-SALIDA-580x330.jpg\" alt=\"\" width=\"580\" height=\"330\"\/><\/p>\n<p class=\"wp-caption-text\">La salida del d\u00eda de hoy, 4 de julio, marcada desde Buenos Aires. Foto: Janet Ayala\/ Embacuba Argentina<\/p>\n<\/div>\n<p><a rel=\"nofollow noopener\" target=\"_blank\" href=\"https:\/\/es.wikipedia.org\/wiki\/Aerol%C3%ADneas_Argentinas\">Aerol\u00edneas Argentinas<\/a> inaugura\u00a0su ruta hacia La Habana, seg\u00fan se hab\u00eda anunciado meses atr\u00e1s por\u00a0 Pablo Ceriani, presidente de la mencionada aerol\u00ednea. Agentes de Viajes y pasajeros han despegado desde el pa\u00eds austral con muchas expectativas para vacacionar y conocer Cuba.<\/p>\n<p>Los vuelos de dicha compa\u00f1\u00eda a\u00e9rea fueron suspendidos en 2016, luego de que Mauricio Macri \u2013presidente de la naci\u00f3n suramericana entre 2015 y 2019\u2013 retirara la mitad del apoyo econ\u00f3mico a dicha aerol\u00ednea que manten\u00eda dos vuelos directos por semana a la capital cubana antes del cese de la ruta entre las dos naciones.<\/p>\n<div id=\"attachment_1703705\" style=\"width: 580px\" class=\"wp-caption aligncenter wp-image-1703705 size-large\"><img decoding=\"async\" class=\"wp-image-1703705 size-large\" src=\"http:\/\/media.cubadebate.cu\/wp-content\/uploads\/2022\/07\/ARGENTINA-AEROLINEA-580x330.jpg\" alt=\"\" width=\"580\" height=\"330\"\/><\/p>\n<p class=\"wp-caption-text\">Despiden la salida desde Buenos Aires. Foto: EmbaCuba Argentina<\/p>\n<\/div>\n<p>La decisi\u00f3n fue anunciada en abril pasado durante una reuni\u00f3n de Ceriani con el embajador cubano en la naci\u00f3n rioplatense, Pedro Pablo Prada.<\/p>\n<p>Esta ruta es &#8220;muy solicitada por agencias y operadores tur\u00edsticos, tanto de Argentina como de diferentes lugares de la regi\u00f3n&#8221;, se\u00f1al\u00f3 Ceriani. Retomar los vuelos &#8220;contribuir\u00e1 a profundizar el intercambio cultural, econ\u00f3mico y tur\u00edstico entre ambos pa\u00edses&#8221;, a\u00f1adi\u00f3.<\/p>\n<p>Seg\u00fan el presidente de esa entidad, Pablo Ceriani, <strong>se realizar\u00e1n tres viajes semanales entre Buenos Aires y La Habana, pues es un trayecto muy solicitado por agencias y operadores tur\u00edsticos, tanto de este pa\u00eds como de diferentes lugares de la regi\u00f3n.<\/strong><\/p>\n<p>En declaraciones a Prensa Latina, la consejera de Turismo de Cuba en Argentina, Janet Ayala, se\u00f1al\u00f3 que esta ruta es muy reclamada en el mercado pues la principal limitaci\u00f3n para crecer en la emisi\u00f3n de viajeros a la mayor de las Antillas es la conectividad a\u00e9rea.<\/p>\n<div id=\"attachment_1703704\" style=\"width: 580px\" class=\"wp-caption aligncenter wp-image-1703704 size-large\"><img decoding=\"async\" class=\"wp-image-1703704 size-large\" src=\"http:\/\/media.cubadebate.cu\/wp-content\/uploads\/2022\/07\/AVION-AEROLINEA-ARGENTINA-580x330.jpg\" alt=\"\" width=\"580\" height=\"330\"\/><\/p>\n<p class=\"wp-caption-text\">Aerol\u00edneas Argentinas es la l\u00ednea a\u00e9rea de bandera de la Rep\u00fablica Argentina, dedicada al transporte comercial de pasajeros y carga. Es la aerol\u00ednea estatal m\u00e1s grande de Am\u00e9rica Latina. Foto: Aerol\u00edneas Argentina<\/p>\n<\/div>\n<p>La demanda por el destino Cuba es muy elevada, sobre todo en las vacaciones de invierno. Nuestro pa\u00eds tiene una elevada preferencia dentro del Caribe debido, no solo a sus maravillosos recursos naturales y sus majestuosas playas, sino por la combinaci\u00f3n entre cultura y patrimonio, afirm\u00f3.<\/p>\n<p>Adem\u00e1s, indic\u00f3 que un elemento muy destacado por los argentinos es la seguridad que ofrece la isla, unida a la hospitalidad de su pueblo.<\/p>\n<p>El reinicio de las operaciones de Aerol\u00edneas refuerza los lazos profundos de amistad entre nuestras naciones, as\u00ed como el intercambio comercial. Tambi\u00e9n influye en una mejora econ\u00f3mica para Cuba, expres\u00f3.<\/p>\n<p>Seg\u00fan Ayala, las capacidades para el vuelo inaugural fueron vendidas en su totalidad y se report\u00f3 un nivel de comercializaci\u00f3n elevada en el cronograma previsto para las pr\u00f3ximas semanas.<\/p>\n<p>Hay muchas expectativas con respecto a la reapertura de nuestro mercado tur\u00edstico. Este mes sobrecumpliremos la emisi\u00f3n de viajeros a la isla. Es una nueva oportunidad para que m\u00e1s argentinos puedan ir a nuestro pa\u00eds, asegur\u00f3.<\/p>\n<p>Antes de suspender sus vuelos a Cuba en 2016, Aerol\u00edneas ten\u00eda dos viajes directos por semana a La Habana, con un importante nivel de ventas.<\/p>\n<p>\u00a0<\/p>\n<p><strong>(Con informaci\u00f3n ofrecida por Janet Ayala, Consejera de Turismo y Prensa Latina)<\/strong><\/p>\n<\/p><\/div>\n\n<p><em> &#8221; Fuentes www.cubadebate.cu &#8221; <\/em><\/p>\n","protected":false},"excerpt":{"rendered":"<p>La salida del d\u00eda de hoy, 4 de julio, marcada desde Buenos Aires. Foto: Janet Ayala\/ Embacuba Argentina Aerol\u00edneas Argentinas inaugura\u00a0su ruta hacia La Habana, seg\u00fan se hab\u00eda anunciado meses atr\u00e1s por\u00a0 Pablo Ceriani, presidente de la mencionada aerol\u00ednea. Agentes de Viajes y pasajeros han despegado desde el pa\u00eds austral con muchas expectativas para vacacionar [&hellip;]<\/p>\n","protected":false},"author":4,"featured_media":345030,"comment_status":"open","ping_status":"closed","sticky":false,"template":"","format":"standard","meta":{"om_disable_all_campaigns":false,"jnews-multi-image_gallery":[],"jnews_single_post":[],"jnews_primary_category":[],"jnews_social_meta":[],"footnotes":""},"categories":[40],"tags":[715,705],"class_list":["post-345029","post","type-post","status-publish","format-standard","has-post-thumbnail","hentry","category-industria","tag-economia","tag-noticias"],"_links":{"self":[{"href":"https:\/\/dimensionturistica.com\/es\/wp-json\/wp\/v2\/posts\/345029","targetHints":{"allow":["GET"]}}],"collection":[{"href":"https:\/\/dimensionturistica.com\/es\/wp-json\/wp\/v2\/posts"}],"about":[{"href":"https:\/\/dimensionturistica.com\/es\/wp-json\/wp\/v2\/types\/post"}],"author":[{"embeddable":true,"href":"https:\/\/dimensionturistica.com\/es\/wp-json\/wp\/v2\/users\/4"}],"replies":[{"embeddable":true,"href":"https:\/\/dimensionturistica.com\/es\/wp-json\/wp\/v2\/comments?post=345029"}],"version-history":[{"count":0,"href":"https:\/\/dimensionturistica.com\/es\/wp-json\/wp\/v2\/posts\/345029\/revisions"}],"wp:featuredmedia":[{"embeddable":true,"href":"https:\/\/dimensionturistica.com\/es\/wp-json\/wp\/v2\/media\/345030"}],"wp:attachment":[{"href":"https:\/\/dimensionturistica.com\/es\/wp-json\/wp\/v2\/media?parent=345029"}],"wp:term":[{"taxonomy":"category","embeddable":true,"href":"https:\/\/dimensionturistica.com\/es\/wp-json\/wp\/v2\/categories?post=345029"},{"taxonomy":"post_tag","embeddable":true,"href":"https:\/\/dimensionturistica.com\/es\/wp-json\/wp\/v2\/tags?post=345029"}],"curies":[{"name":"wp","href":"https:\/\/api.w.org\/{rel}","templated":true}]}}