{"id":344867,"date":"2022-07-04T09:15:21","date_gmt":"2022-07-04T09:15:21","guid":{"rendered":"https:\/\/dimensionturistica.com\/es\/?p=344867"},"modified":"2022-07-04T09:15:22","modified_gmt":"2022-07-04T09:15:22","slug":"arranca-la-ola-de-viajes-de-verano-en-china_spanish-china-org-cn_%e4%b8%ad%e5%9b%bd%e6%9c%80%e6%9d%83%e5%a8%81%e7%9a%84%e8%a5%bf%e7%8f%ad%e7%89%99%e8%af%ad%e6%96%b0%e9%97%bb%e7%bd%91%e7%ab%99","status":"publish","type":"post","link":"https:\/\/dimensionturistica.com\/es\/arranca-la-ola-de-viajes-de-verano-en-china_spanish-china-org-cn_%e4%b8%ad%e5%9b%bd%e6%9c%80%e6%9d%83%e5%a8%81%e7%9a%84%e8%a5%bf%e7%8f%ad%e7%89%99%e8%af%ad%e6%96%b0%e9%97%bb%e7%bd%91%e7%ab%99\/","title":{"rendered":"Arranca la ola de viajes de verano en China_Spanish.china.org.cn_\u4e2d\u56fd\u6700\u6743\u5a01\u7684\u897f\u73ed\u7259\u8bed\u65b0\u95fb\u7f51\u7ad9"},"content":{"rendered":"<p> <br \/>\n<\/p>\n<div>\n<div class=\"title\">\n<table width=\"860\" border=\"0\" align=\"center\" cellpadding=\"0\" cellspacing=\"0\" style=\"margin: 0px auto 8px auto; border-bottom:1px solid #CCCCCC;\">&#13;<\/p>\n<tr>&#13;<\/p>\n<td width=\"456\" height=\"35\" align=\"left\" class=\"f12_386BA3\">spanish.china.org.cn | 04. 07. 2022 |&#13;<br \/>\n                            Editor\uff1aLety Du&#13;\n                    <\/td>\n<p>&#13;<br \/>\n&#13;<\/p>\n<td width=\"415\" style=\"text-align:right; padding-left:3px;\" id=\"font\">&#13;<br \/>\n                        <span>Texto<a rel=\"nofollow noopener\" target=\"_blank\" href=\"http:\/\/spanish.china.org.cn\/photos\/txt\/2022-07\/04\/javascript:changeFontSize(1)\"><img decoding=\"async\" src=\"http:\/\/images.china.cn\/images1\/ja\/2010xinban\/r-1.gif\" \/><\/a><a rel=\"nofollow noopener\" target=\"_blank\" href=\"http:\/\/spanish.china.org.cn\/photos\/txt\/2022-07\/04\/javascript:changeFontSize(-1)\"><img decoding=\"async\" src=\"http:\/\/images.china.cn\/images1\/ja\/2010xinban\/r-2.gif\" \/><\/a><\/span>&#13;\n                    <\/td>\n<p>&#13;<br \/>\n&#13;<br \/>\n&#13;<br \/>\n                <\/tr>\n<p>&#13;<br \/>\n            <\/table>\n<p><span>Palabras clave: <\/span>&#13;<br \/>\n                    <span>ola de viajes de verano, China<\/span>&#13;\n                <\/p>\n<div class=\"f14\" id=\"fontzoom\">\n<div style=\"text-align: left;\">\n<p>                        <!--enpcontent--><\/p>\n<p style=\"text-align: center\"><a rel=\"nofollow noopener\" target=\"_blank\" href=\"http:\/\/spanish.china.org.cn\/photos\/txt\/2022-07\/04\/content_78304882_2.htm\"><img decoding=\"async\" src=\"http:\/\/images.china.cn\/site1006\/2022-07\/04\/f6354488-c8e8-4fb3-9c06-a0ec0318a865.png\" style=\"max-width: 100%;\" classdata=\"next_page\" \/><\/a><\/p>\n<p style=\"text-align: center;\"><span style=\"color: rgb(31, 73, 125);\">Pasajera pide informaci\u00f3n en la Estaci\u00f3n de Tren Este de Nanning, capital de la Regi\u00f3n Aut\u00f3noma Zhuang de Guangxi, en el sur de China, el 1 de julio de 2022.<\/span><\/p>\n<p>\u00a0<\/p>\n<p>La ola de viajes de verano de este a\u00f1o tendr\u00e1 una duraci\u00f3n 62 d\u00edas, desde el 1 de julio al 31 de agosto, de acuerdo con el grupo China State Railway Group Co., Ltd.<\/p>\n<p>Se espera que China registre 520 millones de viajes en tren durante la ola de viajes de verano que comenz\u00f3 el viernes, seg\u00fan el operador ferroviario del pa\u00eds.<\/p>\n<p>La ola de viajes de verano suele ser una temporada alta para el sistema ferroviario de China, ya que los estudiantes universitarios regresan a casa y la demanda de transporte para las visitas familiares y turismo se dispara.<\/p>\n<p><!--\/enpcontent--><!--enpproperty <articleid>78304882<\/articleid><date>2022-07-04 17:06:15:0<\/date><author><\/author><title>Arranca la ola de viajes de verano en China<\/title><keyword>ola de viajes de verano, China<\/keyword><subtitle><\/subtitle><introtitle><\/introtitle><siteid>1006<\/siteid><nodeid>7109799<\/nodeid><nodename>China<\/nodename><nodesearchname>China<\/nodesearchname><picurl>http:\/\/photographs.china.cn\/site1006\/2022-07\/04\/t2_(1X3X555X372)7cf9ecc3-c233-4c35-b60d-2c9dc6b2d4b3.png<\/picurl><picbig>http:\/\/photographs.china.cn\/site1006\/2022-07\/04\/t2_(1X3X555X372)7cf9ecc3-c233-4c35-b60d-2c9dc6b2d4b3.png<\/picbig><picmiddle><\/picmiddle><picsmall><\/picsmall><url>http:\/\/spanish.china.org.cn\/images\/txt\/2022-07\/04\/content_78304882.htm<\/url><urlpad>null<\/urlpad><liability>Lety Du<\/liability><sourcename>Spanish.china.org.cn<\/sourcename><abstract><\/abstract><channel>1<\/channel>\/enpproperty--><\/p><\/div><\/div>\n<p>            <a rel=\"nofollow noopener\" target=\"_blank\" name=\"md\" id=\"md\"><\/a><\/p>\n<p>&#13;<br \/>\n                <iframe loading=\"lazy\" id=\"content_top\" name=\"content_top\" src=\"http:\/\/spanish.china.org.cn\/node_7159460.htm \" width=\"862\" height=\"509\" border=\"0\" frameborder=\"0\" framespacing=\"0\" marginheight=\"0\" marginwidth=\"0\" scrolling=\"no\"><\/iframe>&#13;\n            <\/p>\n<div id=\"phcnlinkpic\"><img decoding=\"async\" src=\"http:\/\/images.china.cn\/site1006\/2022-07\/04\/t2_(1X3X555X372)7cf9ecc3-c233-4c35-b60d-2c9dc6b2d4b3.png\" \/><\/div>\n<div id=\"emMsg\" style=\"display:none;\">\n<ul>&#13;<\/p>\n<li id=\"topic\">&#13;<br \/>\n                        Arranca la ola de viajes de verano en China&#13;\n                    <\/li>\n<p>&#13;<br \/>\n&#13;<\/p>\n<li id=\"abst\">&#13;<br \/>\n                        &#13;\n                    <\/li>\n<p>&#13;\n                <\/ul>\n<\/p><\/div><\/div><\/div>\n\n<p><em> &#8221; Fuentes spanish.china.org.cn &#8221; <\/em><\/p>\n","protected":false},"excerpt":{"rendered":"<p>&#13; &#13; spanish.china.org.cn | 04. 07. 2022 |&#13; Editor\uff1aLety Du&#13; &#13; &#13; &#13; Texto&#13; &#13; &#13; &#13; &#13; Palabras clave: &#13; ola de viajes de verano, China&#13; Pasajera pide informaci\u00f3n en la Estaci\u00f3n de Tren Este de Nanning, capital de la Regi\u00f3n Aut\u00f3noma Zhuang de Guangxi, en el sur de China, el 1 de julio [&hellip;]<\/p>\n","protected":false},"author":4,"featured_media":344868,"comment_status":"open","ping_status":"closed","sticky":false,"template":"","format":"standard","meta":{"om_disable_all_campaigns":false,"jnews-multi-image_gallery":[],"jnews_single_post":[],"jnews_primary_category":[],"jnews_social_meta":[],"footnotes":""},"categories":[39],"tags":[2405,48752],"class_list":["post-344867","post","type-post","status-publish","format-standard","has-post-thumbnail","hentry","category-viajes","tag-china","tag-ola-de-viajes-de-verano"],"_links":{"self":[{"href":"https:\/\/dimensionturistica.com\/es\/wp-json\/wp\/v2\/posts\/344867","targetHints":{"allow":["GET"]}}],"collection":[{"href":"https:\/\/dimensionturistica.com\/es\/wp-json\/wp\/v2\/posts"}],"about":[{"href":"https:\/\/dimensionturistica.com\/es\/wp-json\/wp\/v2\/types\/post"}],"author":[{"embeddable":true,"href":"https:\/\/dimensionturistica.com\/es\/wp-json\/wp\/v2\/users\/4"}],"replies":[{"embeddable":true,"href":"https:\/\/dimensionturistica.com\/es\/wp-json\/wp\/v2\/comments?post=344867"}],"version-history":[{"count":0,"href":"https:\/\/dimensionturistica.com\/es\/wp-json\/wp\/v2\/posts\/344867\/revisions"}],"wp:featuredmedia":[{"embeddable":true,"href":"https:\/\/dimensionturistica.com\/es\/wp-json\/wp\/v2\/media\/344868"}],"wp:attachment":[{"href":"https:\/\/dimensionturistica.com\/es\/wp-json\/wp\/v2\/media?parent=344867"}],"wp:term":[{"taxonomy":"category","embeddable":true,"href":"https:\/\/dimensionturistica.com\/es\/wp-json\/wp\/v2\/categories?post=344867"},{"taxonomy":"post_tag","embeddable":true,"href":"https:\/\/dimensionturistica.com\/es\/wp-json\/wp\/v2\/tags?post=344867"}],"curies":[{"name":"wp","href":"https:\/\/api.w.org\/{rel}","templated":true}]}}