{"id":344861,"date":"2022-07-04T09:00:45","date_gmt":"2022-07-04T09:00:45","guid":{"rendered":"https:\/\/dimensionturistica.com\/es\/?p=344861"},"modified":"2022-07-04T09:00:46","modified_gmt":"2022-07-04T09:00:46","slug":"msc-ampliara-salidas-de-cruceros-en-la-ciudad-de-alicante-en-2023-y-valora-traer-un-barco-mas-grande","status":"publish","type":"post","link":"https:\/\/dimensionturistica.com\/es\/msc-ampliara-salidas-de-cruceros-en-la-ciudad-de-alicante-en-2023-y-valora-traer-un-barco-mas-grande\/","title":{"rendered":"MSC ampliar\u00e1 salidas de cruceros en la ciudad de Alicante en 2023 y valora traer un barco m\u00e1s grande"},"content":{"rendered":"<p> <br \/>\n<\/p>\n<div id=\"article-body-content\" data-action=\"toggle\" data-status=\"on\">\n<p id=\"paragraph_1\">Un &#8220;\u00e9xito rotundo&#8221;. As\u00ed califica el director normal de MSC Cruceros en Espa\u00f1a, <strong>Fernando Pacheco<\/strong>, la vuelta de la naviera italiana a la ciudad de Alicante, <a rel=\"nofollow noopener\" target=\"_blank\" href=\"https:\/\/www.elespanol.com\/alicante\/economia\/turismo\/20211213\/alicante-puerto-embarque-cruceros-msc-verano\/634437226_0.html\">que ser\u00e1 puerto de salida este verano.<\/a> Tanto es as\u00ed que Pacheco ya da por hecho que se ampliar\u00e1 el n\u00famero de operaciones para el a\u00f1o que viene, aunque a\u00fan queda por cerrar la programaci\u00f3n, e incluso explica a EL ESPA\u00d1OL que se estudia sustituir el precise barco destinado a Alicante, el MSC Orchestra,<strong> por otro con mayor capacidad (4.000 pasajeros en lugar de 3.000)<\/strong>, como por ejemplo el MSC Fantasia.\u00a0<\/p>\n<p id=\"paragraph_2\">&#8220;El balance de verano de 2022 es muy, muy positivo, considerando que hace pocos meses hab\u00eda muchas inc\u00f3gnitas y ahora tenemos muchas certezas&#8221;, explica el directivo. <strong>&#8220;El mercado de cruceros est\u00e1 m\u00e1s que vivo y muy sano,<\/strong> y eso que hace unos meses no pod\u00edamos pronosticar lo que iba a suceder&#8221;.\u00a0<\/p>\n<p id=\"paragraph_3\">[<a rel=\"nofollow noopener\" target=\"_blank\" href=\"https:\/\/www.elespanol.com\/alicante\/economia\/turismo\/20220217\/momento-crucial-cruceros-alicante-2022-record-regreso-msc-turismo\/650685337_0.html\"><em>El momento crucial para los cruceros de Alicante: \u00bfser\u00e1 2022 a\u00f1o r\u00e9cord tras el regreso de MSC?<\/em><\/a>]<\/p>\n<p id=\"paragraph_4\">Pacheco, de hecho, precisa que, &#8220;en n\u00fameros, <strong>MSC va a vender m\u00e1s en 2022 que en 2019&#8243;.<\/strong> &#8220;Eso quiere decir que el mercado espa\u00f1ol estaba esperando la llegada de los barcos, aunque es verdad que para este verano hemos vendido <strong>un 10 % m\u00e1s barato<\/strong> que hace dos a\u00f1os&#8221;, explica. &#8220;Esto no se debe a un cambio de estrategia o a ning\u00fan tipo de pasajero, sino simplemente a la falta de tiempo para llenar los barcos&#8221;.\u00a0<\/p>\n<p id=\"paragraph_5\">El director normal de la compa\u00f1\u00eda recuerda que, &#8220;en un ejercicio normal tenemos un a\u00f1o entero para llenar toda la temporada, pero en 2022<strong> hemos empezado a finales de abril,<\/strong> que es cuando empez\u00f3 a despejarse el panorama&#8221;.<\/p>\n<p id=\"paragraph_6\">&#8220;Eso ha provocado que en mayo y junio <strong>hayamos crecido en ventas un 140 %<\/strong> respecto a 2019, pero porque en un a\u00f1o normal los barcos ya estaban pr\u00e1cticamente llenos y no se pod\u00eda comprar&#8221;.<\/p>\n<p id=\"paragraph_7\">Hay que tener tambi\u00e9n en cuenta que un 10 % de la capacidad del barco est\u00e1 reservada por si se producen contagios de Covid-19 durante el trayecto, lo que se conoce como <strong>&#8220;cabinas de aislamiento&#8221;.<\/strong> Son camarotes exteriores que se utilizan en caso de que alg\u00fan pasajero d\u00e9 positivo y, de esta manera, pueda continuar su trayecto.\u00a0<\/p>\n<div class=\"article-media \" itemscope=\"\" itemtype=\"http:\/\/schema.org\/ImageObject\">\n<p><img decoding=\"async\" alt=\"El MSC Orchestra, en imagen de archivo.\" data-imgm=\"true\" height=\"180\" loading=\"lazy\"  src=\"https:\/\/dimensionturistica.com\/es\/wp-content\/uploads\/2022\/07\/MSC-ampliara-salidas-de-cruceros-en-la-ciudad-de-Alicante.jpg\"  width=\"320\"\/><\/p>\n<div class=\"article-media__caption\">\n<p>\n                    <span class=\"article-media__caption-description\"><br \/>\n                                    El MSC Orchestra, en imagen de archivo.<br \/>\n                            <\/span><\/p>\n<\/div><\/div>\n<h3 class=\"content__summary-title\">Campa\u00f1a espec\u00edfica para Alicante<\/h3>\n<p id=\"paragraph_8\">Respecto a Alicante, donde este a\u00f1o MSC<strong> har\u00e1 63 escalas y 12 embarques,<\/strong> Pacheco considera que &#8220;ha cubierto totalmente las expectativas&#8221;. &#8220;Se ha comportado muy bien en verano y oto\u00f1o, y lo vamos a llenar en los dos periodos&#8221;, cube. De ah\u00ed que se plantee <strong>la ampliaci\u00f3n de salidas (de 12 a 14)<\/strong> y el utilizar un barco con mayor capacidad.\u00a0<\/p>\n<p id=\"paragraph_9\">Pacheco tambi\u00e9n avanza que MSC est\u00e1 &#8220;trabajando\u00a0estrechamente con las instituciones para tratar de acercar el Puerto de Alicante al resto de Espa\u00f1a&#8221;. &#8220;Queremos lanzar un programa dedicado a pasajeros<strong> en colaboraci\u00f3n con algunas cadenas hoteleras y con l\u00edneas de tren como Renfe<\/strong> para animar a pasajeros a animar a embarcar desde Alicante&#8221;, afirma.\u00a0<\/p>\n<p id=\"paragraph_10\">&#8220;Mucha gente asocia la salida de cruceros a puertos como Barcelona o Valencia, pero la idea ser\u00eda utilizar alg\u00fan tipo de paquete combinado para que la gente<strong> venga a pasar un par de d\u00edas antes de embarcar&#8221;,<\/strong> agrega.<\/p>\n<p id=\"paragraph_11\">Finalmente, y respecto a la tasa tur\u00edstica que <a rel=\"nofollow noopener\" target=\"_blank\" href=\"https:\/\/www.elespanol.com\/alicante\/economia\/turismo\/20220401\/comunidad-valenciana-impondra-turistica-sin-consensuarla-sector\/661683941_0.html\">los tres partidos del Bot\u00e1nico (PSOE, Comprom\u00eds y Unidas Podemos) quieren poner en marcha en 2023<\/a> (y que afecta a todos los cruceristas, hagan o no noche en el destino), el director normal de MSC manifiesta que su compa\u00f1\u00eda lo ha vivido ya &#8220;en otras ciudades de Espa\u00f1a y <strong>no nos afecta a la hora de planificar<\/strong> el programa o los precios de los destinos&#8221;.\u00a0<\/p>\n<p id=\"paragraph_12\">&#8220;Con tasa o sin tasa,<strong> los planes estrat\u00e9gicos de la empresa est\u00e1n por encima de cualquier impuesto&#8221;<\/strong>, se\u00f1ala. &#8220;Si hay mucho cliente nacional que ha embarcado en Alicante, si nos valoran el destino, nosotros no vamos a repercutir este impuesto en los pasajeros&#8221;.\u00a0<\/p>\n<h3 class=\"follow-topics-title\"><span class=\"follow-topics-title__icon\"\/>Sigue los temas que te interesan<\/h3>\n<\/p><\/div>\n\n<p><em> &#8221; Fuentes www.elespanol.com &#8221; <\/em><\/p>\n","protected":false},"excerpt":{"rendered":"<p>Un &#8220;\u00e9xito rotundo&#8221;. As\u00ed califica el director normal de MSC Cruceros en Espa\u00f1a, Fernando Pacheco, la vuelta de la naviera italiana a la ciudad de Alicante, que ser\u00e1 puerto de salida este verano. Tanto es as\u00ed que Pacheco ya da por hecho que se ampliar\u00e1 el n\u00famero de operaciones para el a\u00f1o que viene, aunque [&hellip;]<\/p>\n","protected":false},"author":4,"featured_media":344862,"comment_status":"open","ping_status":"closed","sticky":false,"template":"","format":"standard","meta":{"om_disable_all_campaigns":false,"jnews-multi-image_gallery":[],"jnews_single_post":[],"jnews_primary_category":[],"jnews_social_meta":[],"footnotes":""},"categories":[41],"tags":[23332,19663,3005,543,1289,544],"class_list":["post-344861","post","type-post","status-publish","format-standard","has-post-thumbnail","hentry","category-cruceros","tag-alicante-ciudad","tag-alicante-provincia","tag-comunidad-valenciana","tag-cruceros","tag-hoteles","tag-turismo"],"_links":{"self":[{"href":"https:\/\/dimensionturistica.com\/es\/wp-json\/wp\/v2\/posts\/344861","targetHints":{"allow":["GET"]}}],"collection":[{"href":"https:\/\/dimensionturistica.com\/es\/wp-json\/wp\/v2\/posts"}],"about":[{"href":"https:\/\/dimensionturistica.com\/es\/wp-json\/wp\/v2\/types\/post"}],"author":[{"embeddable":true,"href":"https:\/\/dimensionturistica.com\/es\/wp-json\/wp\/v2\/users\/4"}],"replies":[{"embeddable":true,"href":"https:\/\/dimensionturistica.com\/es\/wp-json\/wp\/v2\/comments?post=344861"}],"version-history":[{"count":0,"href":"https:\/\/dimensionturistica.com\/es\/wp-json\/wp\/v2\/posts\/344861\/revisions"}],"wp:featuredmedia":[{"embeddable":true,"href":"https:\/\/dimensionturistica.com\/es\/wp-json\/wp\/v2\/media\/344862"}],"wp:attachment":[{"href":"https:\/\/dimensionturistica.com\/es\/wp-json\/wp\/v2\/media?parent=344861"}],"wp:term":[{"taxonomy":"category","embeddable":true,"href":"https:\/\/dimensionturistica.com\/es\/wp-json\/wp\/v2\/categories?post=344861"},{"taxonomy":"post_tag","embeddable":true,"href":"https:\/\/dimensionturistica.com\/es\/wp-json\/wp\/v2\/tags?post=344861"}],"curies":[{"name":"wp","href":"https:\/\/api.w.org\/{rel}","templated":true}]}}