{"id":344765,"date":"2022-07-04T02:32:14","date_gmt":"2022-07-04T02:32:14","guid":{"rendered":"https:\/\/dimensionturistica.com\/es\/?p=344765"},"modified":"2022-07-04T02:32:14","modified_gmt":"2022-07-04T02:32:14","slug":"garabitenos-representaran-al-pais-en-festival-de-aves-mas-importante-del-mundo","status":"publish","type":"post","link":"https:\/\/dimensionturistica.com\/es\/garabitenos-representaran-al-pais-en-festival-de-aves-mas-importante-del-mundo\/","title":{"rendered":"Garabite\u00f1os representar\u00e1n al pa\u00eds en festival de aves m\u00e1s importante del mundo"},"content":{"rendered":"<p> <br \/>\n<\/p>\n<div>\n<div class=\"gallery ng-cloak\">\n<uib-carousel ng-init=\"slides0=[{\" text=\"\" interval=\"0\" no-wrap=\"false\"><br \/>\n<uib-slide ng-repeat=\"slide in slides0\" active=\"slide.active\" onclick=\"showModal(event)\" data-modal-hash=\"{{ ::slide.image }}\"><br \/>\n<img ng-if=\"slide.pos == 'hor'\" ng-src=\"https:\/\/www.crhoy.com\/nacionales\/garabitenos-representaran-al-pais-en-festival-de-aves-mas-importante-del-mundo\/{{slide.image\" imgresponsive:=\"\" style=\"margin:auto;\"\/><br \/>\n<img ng-if=\"slide.pos == 'ver'\" ng-src=\"https:\/\/www.crhoy.com\/nacionales\/garabitenos-representaran-al-pais-en-festival-de-aves-mas-importante-del-mundo\/{{slide.image\" imgresponsive:=\"\" style=\"margin:auto;\"\/><\/p>\n<p class=\"caption-text-slider simple\" ng-if=\"slides0.length &lt; 2 &amp;&amp; slide.text.length&gt;0\">{ html}<\/p>\n<p class=\"caption-text-slider \" ng-if=\"slides0.length &gt; 1 &amp;&amp; slides0.length &lt; 14\">{ html}<\/p>\n<p class=\"caption-text-slider doble-movil\" ng-if=\"slides0.length &gt; 13\">{ html}<\/p>\n<p><\/uib-slide><br \/>\n<a rel=\"nofollow noopener\" target=\"_blank\" ng-show=\"slides0.length &gt; 1\" class=\"flecha-galeria flecha-izq\"><span aria-hidden=\"true\" class=\"glyphicon glyphicon-chevron-left\"\/><\/a><br \/>\n<a rel=\"nofollow noopener\" target=\"_blank\" ng-show=\"slides0.length &gt; 1\" class=\"flecha-galeria flecha-der\"><span aria-hidden=\"true\" class=\"glyphicon glyphicon-chevron-right\"\/><\/a><br \/>\n<\/uib-carousel>\n<\/div>\n<p>(CRHoy.com)\u00a0Los garabite\u00f1os <strong>Randall Ortega y Leonardo Centeno<\/strong> fueron escogidos para representar al pa\u00eds en el reconocido festival de aves,\u00a0<em><strong>Global Birding Fair<\/strong><\/em>, el cual se celebra en Inglaterra y es c<strong>onsiderado uno de los m\u00e1s importantes del mundo.<\/strong><\/p>\n<p>El objetivo principal con su participaci\u00f3n en el festival que se realizar<strong>\u00e1 del 15 al 17 de julio en la ciudad de Rutland, Inglaterra,<\/strong>\u00a0es \u201cpromocionar nuestro pa\u00eds como u<strong>no de los mejores destinos para el avistamiento de aves<\/strong>\u201c, as\u00ed como promover el turismo en el cant\u00f3n del que son oriundos, Garabito.<\/p>\n<p>\u201cCosta Rica posee much\u00edsimas m\u00e1s aves esto en comparaci\u00f3n a otras naciones del Viejo Continente, por lo que somos muy buscados. Hablamos de aves, pero nosotros ta<strong>mbi\u00e9n nos especializamos en lo que es la fotograf\u00eda silvestre<\/strong>\u201d, indic\u00f3 Ortega, quien resalt\u00f3 que ellos est\u00e1n interesados tambi\u00e9n en capturar im\u00e1genes de mam\u00edferos, reptiles, insectos, paisajes entre otros.<\/p>\n<div class=\"gallery ng-cloak\">\n<uib-carousel ng-init=\"slides1=[{\" text=\"\" interval=\"0\" no-wrap=\"false\"><br \/>\n<uib-slide ng-repeat=\"slide in slides1\" active=\"slide.active\" onclick=\"showModal(event)\" data-modal-hash=\"{{ ::slide.image }}\"><br \/>\n<img ng-if=\"slide.pos == 'hor'\" ng-src=\"https:\/\/www.crhoy.com\/nacionales\/garabitenos-representaran-al-pais-en-festival-de-aves-mas-importante-del-mundo\/{{slide.image\" imgresponsive:=\"\" style=\"margin:auto;\"\/><br \/>\n<img ng-if=\"slide.pos == 'ver'\" ng-src=\"https:\/\/www.crhoy.com\/nacionales\/garabitenos-representaran-al-pais-en-festival-de-aves-mas-importante-del-mundo\/{{slide.image\" imgresponsive:=\"\" style=\"margin:auto;\"\/><\/p>\n<p class=\"caption-text-slider simple\" ng-if=\"slides1.length &lt; 2 &amp;&amp; slide.text.length&gt;0\">{ html}<\/p>\n<p class=\"caption-text-slider \" ng-if=\"slides1.length &gt; 1 &amp;&amp; slides1.length &lt; 14\">{ html}<\/p>\n<p class=\"caption-text-slider doble-movil\" ng-if=\"slides1.length &gt; 13\">{ html}<\/p>\n<p><\/uib-slide><br \/>\n<a rel=\"nofollow noopener\" target=\"_blank\" ng-show=\"slides1.length &gt; 1\" class=\"flecha-galeria flecha-izq\"><span aria-hidden=\"true\" class=\"glyphicon glyphicon-chevron-left\"\/><\/a><br \/>\n<a rel=\"nofollow noopener\" target=\"_blank\" ng-show=\"slides1.length &gt; 1\" class=\"flecha-galeria flecha-der\"><span aria-hidden=\"true\" class=\"glyphicon glyphicon-chevron-right\"\/><\/a><br \/>\n<\/uib-carousel>\n<\/div>\n<p>Adem\u00e1s, destac\u00f3 que un aspecto que caracteriza al pa\u00eds es la oportunidad <strong>de ver una gran variedad de especies<\/strong> sin tener que trasladarse grandes distancias o invertir mucho tiempo en ir de un sitio a otro.<\/p>\n<p>\u201cEs importante destacar que el <em>Global Birding Fair<\/em> convoca a pa\u00edses de todo el mundo a trabajar en conjunto para superar los desaf\u00edos de la biodiversidad y la crisis clim\u00e1tica. En <strong>la edici\u00f3n de este a\u00f1o, precisamente buscan construir nuevas colaboraciones para salvar a la naturaleza<\/strong> a trav\u00e9s de proyectos que se buscan implementar en los pr\u00f3ximos 10 a\u00f1os\u201d, menciona el comunicado.<\/p>\n<p>Para m\u00e1s informaci\u00f3n sobre el evento puede visitar la p\u00e1gina: www.globalbirdfair.org.<\/p>\n<div class=\"gallery ng-cloak\">\n<uib-carousel ng-init=\"slides2=[{\" text=\"\" interval=\"0\" no-wrap=\"false\"><br \/>\n<uib-slide ng-repeat=\"slide in slides2\" active=\"slide.active\" onclick=\"showModal(event)\" data-modal-hash=\"{{ ::slide.image }}\"><br \/>\n<img ng-if=\"slide.pos == 'hor'\" ng-src=\"https:\/\/www.crhoy.com\/nacionales\/garabitenos-representaran-al-pais-en-festival-de-aves-mas-importante-del-mundo\/{{slide.image\" imgresponsive:=\"\" style=\"margin:auto;\"\/><br \/>\n<img ng-if=\"slide.pos == 'ver'\" ng-src=\"https:\/\/www.crhoy.com\/nacionales\/garabitenos-representaran-al-pais-en-festival-de-aves-mas-importante-del-mundo\/{{slide.image\" imgresponsive:=\"\" style=\"margin:auto;\"\/><\/p>\n<p class=\"caption-text-slider simple\" ng-if=\"slides2.length &lt; 2 &amp;&amp; slide.text.length&gt;0\">{ html}<\/p>\n<p class=\"caption-text-slider \" ng-if=\"slides2.length &gt; 1 &amp;&amp; slides2.length &lt; 14\">{ html}<\/p>\n<p class=\"caption-text-slider doble-movil\" ng-if=\"slides2.length &gt; 13\">{ html}<\/p>\n<p><\/uib-slide><br \/>\n<a rel=\"nofollow noopener\" target=\"_blank\" ng-show=\"slides2.length &gt; 1\" class=\"flecha-galeria flecha-izq\"><span aria-hidden=\"true\" class=\"glyphicon glyphicon-chevron-left\"\/><\/a><br \/>\n<a rel=\"nofollow noopener\" target=\"_blank\" ng-show=\"slides2.length &gt; 1\" class=\"flecha-galeria flecha-der\"><span aria-hidden=\"true\" class=\"glyphicon glyphicon-chevron-right\"\/><\/a><br \/>\n<\/uib-carousel>\n<\/div>\n<\/div>\n<p><script async defer crossorigin=\"anonymous\" src=\"https:\/\/connect.facebook.net\/en_US\/sdk.js#xfbml=1&#038;version=v10.0&#038;appId=680376892387894&#038;autoLogAppEvents=1\" nonce=\"RpjDP7dL\"><\/script><br \/>\n<br \/><\/p>\n<p><em> &#8221; Fuentes www.crhoy.com &#8221; <\/em><\/p>\n","protected":false},"excerpt":{"rendered":"<p>{ html} { html} { html} (CRHoy.com)\u00a0Los garabite\u00f1os Randall Ortega y Leonardo Centeno fueron escogidos para representar al pa\u00eds en el reconocido festival de aves,\u00a0Global Birding Fair, el cual se celebra en Inglaterra y es considerado uno de los m\u00e1s importantes del mundo. El objetivo principal con su participaci\u00f3n en el festival que se realizar\u00e1 [&hellip;]<\/p>\n","protected":false},"author":4,"featured_media":344766,"comment_status":"open","ping_status":"closed","sticky":false,"template":"","format":"standard","meta":{"om_disable_all_campaigns":false,"jnews-multi-image_gallery":[],"jnews_single_post":[],"jnews_primary_category":[],"jnews_social_meta":[],"footnotes":""},"categories":[39],"tags":[1081,44695,44693,44694,3588,3587,1197,706,2144],"class_list":["post-344765","post","type-post","status-publish","format-standard","has-post-thumbnail","hentry","category-viajes","tag-costa-rica","tag-hackeo-ministerio-hacienda","tag-lo-que-pasa-cuando-pasa","tag-noticias-24-7","tag-noticias-internacionales","tag-noticias-nacionales","tag-periodico-digital","tag-ultima-hora","tag-ultimas-noticias"],"_links":{"self":[{"href":"https:\/\/dimensionturistica.com\/es\/wp-json\/wp\/v2\/posts\/344765","targetHints":{"allow":["GET"]}}],"collection":[{"href":"https:\/\/dimensionturistica.com\/es\/wp-json\/wp\/v2\/posts"}],"about":[{"href":"https:\/\/dimensionturistica.com\/es\/wp-json\/wp\/v2\/types\/post"}],"author":[{"embeddable":true,"href":"https:\/\/dimensionturistica.com\/es\/wp-json\/wp\/v2\/users\/4"}],"replies":[{"embeddable":true,"href":"https:\/\/dimensionturistica.com\/es\/wp-json\/wp\/v2\/comments?post=344765"}],"version-history":[{"count":0,"href":"https:\/\/dimensionturistica.com\/es\/wp-json\/wp\/v2\/posts\/344765\/revisions"}],"wp:featuredmedia":[{"embeddable":true,"href":"https:\/\/dimensionturistica.com\/es\/wp-json\/wp\/v2\/media\/344766"}],"wp:attachment":[{"href":"https:\/\/dimensionturistica.com\/es\/wp-json\/wp\/v2\/media?parent=344765"}],"wp:term":[{"taxonomy":"category","embeddable":true,"href":"https:\/\/dimensionturistica.com\/es\/wp-json\/wp\/v2\/categories?post=344765"},{"taxonomy":"post_tag","embeddable":true,"href":"https:\/\/dimensionturistica.com\/es\/wp-json\/wp\/v2\/tags?post=344765"}],"curies":[{"name":"wp","href":"https:\/\/api.w.org\/{rel}","templated":true}]}}