{"id":344742,"date":"2022-07-04T00:41:43","date_gmt":"2022-07-04T00:41:43","guid":{"rendered":"https:\/\/dimensionturistica.com\/es\/?p=344742"},"modified":"2022-07-04T00:41:43","modified_gmt":"2022-07-04T00:41:43","slug":"crece-la-contratacion-de-viajes-on-line-y-mas-optimismo-turistico","status":"publish","type":"post","link":"https:\/\/dimensionturistica.com\/es\/crece-la-contratacion-de-viajes-on-line-y-mas-optimismo-turistico\/","title":{"rendered":"Crece la contrataci\u00f3n de viajes &#8216;on line&#8217; y m\u00e1s optimismo tur\u00edstico"},"content":{"rendered":"<p> <br \/>\n<\/p>\n<p>El <strong>sector tur\u00edstico<\/strong> vive momentos de <strong>optimismo<\/strong> tras el<strong> varapalo pand\u00e9mico<\/strong>. Y en este proceso de recuperaci\u00f3n, en el que la mayor\u00eda de las previsiones apuntan al aumento de la actividad existente antes de la irrupci\u00f3n del virus del <strong>covid<\/strong>, la digitalizaci\u00f3n del sector est\u00e1 ganando protagonismo. La <strong>compra &#8216;on line&#8217; de viajes<\/strong> crece 23 puntos desde la pandemia y consolida su recuperaci\u00f3n, seg\u00fan datos de un estudio realizado por la firma tecnol\u00f3gica <strong>Adevinta<\/strong>. Seg\u00fan estos datos, el 38% de la poblaci\u00f3n afirma contratar sus viajes por web. <\/p>\n<div>\n<p>Fuentes del grupo hotelero <strong>Hotusa<\/strong> aseguran que en el marco de este optimismo por la recuperaci\u00f3n de la normalidad &#8220;el hu\u00e9sped es ahora m\u00e1s digital, ya que la pandemia ha acelerado la digitalizaci\u00f3n e introducido cambios en el ciclo del viaje. Va a ser necesario abordar modelos basados en calidad, digitalizaci\u00f3n y sostenibilidad cada vez m\u00e1s orientado al cliente que es m\u00e1s exigente que nunca&#8221;.<\/p>\n<p>La multinacional <strong>Edreams Odigeo<\/strong>, agencia de viaje &#8216;on line&#8217; con m\u00e1s de 17 millones de clientes y que cotiza en bolsa, percibe claramente el auge de la demanda. La firma, que trabaja con m\u00e1s de 690 aerol\u00edneas y 2,1 millones de hoteles, asegura que &#8220;los espa\u00f1oles han vuelto a elegir los destinos internacionales para sus vacaciones de verano&#8221;. Palma de Mallorca, Par\u00eds e Ibiza son los destinos preferidos de los espa\u00f1oles para este a\u00f1o seg\u00fan las reservas registradas por <strong>Edreams<\/strong>. Si se habla de pa\u00edses, los m\u00e1s elegidos son Espa\u00f1a, Italia y Francia. El 24% de los turistas espa\u00f1oles alargar\u00e1 sus vacaciones entre una y dos semanas. Lo m\u00e1s normal es hacer dos semanas de vacaciones, pero las escapadas tambi\u00e9n son para el verano. Las de entre tres y cuatro d\u00edas son las m\u00e1s habituales (el 34% de los espa\u00f1oles compran estancias de esta duraci\u00f3n). <\/p>\n<p>\t <!-- --><\/p>\n<p>\t<span class=\"smallTitle center\">Noticias relacionadas<\/span><\/p>\n<p>Seg\u00fan <strong>Evaneos<\/strong>, una plataforma tecnol\u00f3gica especializada en viajes a medida, los espa\u00f1oles pagar\u00e1n en torno a un 20% m\u00e1s este a\u00f1o por sus viajes. Y ese mayor gasto se destina m\u00e1s a viajes al extranjero, con especial \u00e9nfasis en Costa Rica, Tailandia y Per\u00fa, seg\u00fan los resultados de las reservas de la firma hasta septiembre.<\/p>\n<p>Rom\u00e1n Campa, CEO de <strong>Adevinta Spain<\/strong>, considera que el auge de los viajes &#8216;on line&#8217;, detectable entre mayores de 65 a\u00f1os, se debe &#8220;a que antes del covid, este segmento de poblaci\u00f3n acostumbraba a realizar este tipo de compras de manera presencial en las agencias de viaje. Con la pandemia, adquirieron h\u00e1bitos digitales que se reflejan en tendencias como esta y que explican que cada vez sea m\u00e1s com\u00fan el que los m\u00e1s mayores utilicen internet para organizar sus vacaciones.&amp;rdquor; Campa a\u00f1ade que &#8220;este comportamiento ser\u00e1 creciente en los pr\u00f3ximos a\u00f1os, a medida que las generaciones m\u00e1s digitalizadas avancen en la pir\u00e1mide poblacional&#8221;.\u00a0Tras los mayores de 65 a\u00f1os, el segundo mayor incremento se produce entre los Millennials, 7 puntos m\u00e1s (del 35 % al 42 %), mientras que entre los integrantes de las generaciones Z, X y los &#8216;child boomers&#8217;, el incremento es de 6 puntos porcentuales.\u00a0<\/p>\n<\/p><\/div>\n\n<p><em> &#8221; Fuentes www.elperiodico.com &#8221; <\/em><\/p>\n","protected":false},"excerpt":{"rendered":"<p>El sector tur\u00edstico vive momentos de optimismo tras el varapalo pand\u00e9mico. Y en este proceso de recuperaci\u00f3n, en el que la mayor\u00eda de las previsiones apuntan al aumento de la actividad existente antes de la irrupci\u00f3n del virus del covid, la digitalizaci\u00f3n del sector est\u00e1 ganando protagonismo. La compra &#8216;on line&#8217; de viajes crece 23 [&hellip;]<\/p>\n","protected":false},"author":4,"featured_media":344743,"comment_status":"open","ping_status":"closed","sticky":false,"template":"","format":"standard","meta":{"om_disable_all_campaigns":false,"jnews-multi-image_gallery":[],"jnews_single_post":[],"jnews_primary_category":[],"jnews_social_meta":[],"footnotes":""},"categories":[39],"tags":[544,545],"class_list":["post-344742","post","type-post","status-publish","format-standard","has-post-thumbnail","hentry","category-viajes","tag-turismo","tag-viajes"],"_links":{"self":[{"href":"https:\/\/dimensionturistica.com\/es\/wp-json\/wp\/v2\/posts\/344742","targetHints":{"allow":["GET"]}}],"collection":[{"href":"https:\/\/dimensionturistica.com\/es\/wp-json\/wp\/v2\/posts"}],"about":[{"href":"https:\/\/dimensionturistica.com\/es\/wp-json\/wp\/v2\/types\/post"}],"author":[{"embeddable":true,"href":"https:\/\/dimensionturistica.com\/es\/wp-json\/wp\/v2\/users\/4"}],"replies":[{"embeddable":true,"href":"https:\/\/dimensionturistica.com\/es\/wp-json\/wp\/v2\/comments?post=344742"}],"version-history":[{"count":0,"href":"https:\/\/dimensionturistica.com\/es\/wp-json\/wp\/v2\/posts\/344742\/revisions"}],"wp:featuredmedia":[{"embeddable":true,"href":"https:\/\/dimensionturistica.com\/es\/wp-json\/wp\/v2\/media\/344743"}],"wp:attachment":[{"href":"https:\/\/dimensionturistica.com\/es\/wp-json\/wp\/v2\/media?parent=344742"}],"wp:term":[{"taxonomy":"category","embeddable":true,"href":"https:\/\/dimensionturistica.com\/es\/wp-json\/wp\/v2\/categories?post=344742"},{"taxonomy":"post_tag","embeddable":true,"href":"https:\/\/dimensionturistica.com\/es\/wp-json\/wp\/v2\/tags?post=344742"}],"curies":[{"name":"wp","href":"https:\/\/api.w.org\/{rel}","templated":true}]}}