{"id":344518,"date":"2022-07-03T13:30:27","date_gmt":"2022-07-03T13:30:27","guid":{"rendered":"https:\/\/dimensionturistica.com\/es\/?p=344518"},"modified":"2022-07-03T13:30:27","modified_gmt":"2022-07-03T13:30:27","slug":"aeromar-operara-hasta-5-vuelos-diarios-en-la-ruta-guadalajara-puerto-vallarta-guadalajara","status":"publish","type":"post","link":"https:\/\/dimensionturistica.com\/es\/aeromar-operara-hasta-5-vuelos-diarios-en-la-ruta-guadalajara-puerto-vallarta-guadalajara\/","title":{"rendered":"Aeromar operar\u00e1 hasta 5 vuelos diarios en la ruta Guadalajara-Puerto Vallarta Guadalajara."},"content":{"rendered":"<p><img decoding=\"async\" class=\"size-medium wp-image-344525 alignleft\" src=\"https:\/\/dimensionturistica.com\/es\/wp-content\/uploads\/2022\/07\/unnamed-1-1-300x200.jpg\" alt=\"\" width=\"300\" height=\"200\" srcset=\"https:\/\/dimensionturistica.com\/es\/wp-content\/uploads\/2022\/07\/unnamed-1-1-300x200.jpg 300w, https:\/\/dimensionturistica.com\/es\/wp-content\/uploads\/2022\/07\/unnamed-1-1-1024x682.jpg 1024w, https:\/\/dimensionturistica.com\/es\/wp-content\/uploads\/2022\/07\/unnamed-1-1-768x512.jpg 768w, https:\/\/dimensionturistica.com\/es\/wp-content\/uploads\/2022\/07\/unnamed-1-1-1536x1024.jpg 1536w, https:\/\/dimensionturistica.com\/es\/wp-content\/uploads\/2022\/07\/unnamed-1-1-750x500.jpg 750w, https:\/\/dimensionturistica.com\/es\/wp-content\/uploads\/2022\/07\/unnamed-1-1-1140x760.jpg 1140w, https:\/\/dimensionturistica.com\/es\/wp-content\/uploads\/2022\/07\/unnamed-1-1.jpg 2000w\" sizes=\"(max-width: 300px) 100vw, 300px\" \/>Jalisco y Aeromar refuerzan su compromiso de impulsar el turismo al aumentar las frecuencias del vuelo Guadalajara a Puerto Vallarta y viceversa, para que los pasajeros tengan la oportunidad de seleccionar el horario que m\u00e1s les convenga y as\u00ed disfrutar de su estad\u00eda en las hermosas playas del pac\u00edfico mexicano rodeadas de la Sierra Madre.<br \/>\n\u201cEsto es una gran noticia para nuestros turistas, porque habr\u00e1 un aumento sustancial del n\u00famero de asientos y de vuelos programados, para que, en menos de una hora, puedan disfrutar de Puerto Vallarta y sus hermosas playas, deliciosa gastronom\u00eda, adem\u00e1s de las experiencias culturales y comerciales con las que cuenta este destino. As\u00ed, al aumentar frecuencias en la ruta, proporcionaremos al viajero m\u00e1s facilidades para que nos visiten, por eso, a trav\u00e9s de Aeromar aumentamos a 54 frecuencias de lunes a domingo en la ruta Guadalajara \u2013 Puerto Vallarta \u2013 Guadalajara, teniendo hasta 5 vuelos al d\u00eda\u201d, coment\u00f3 la Secretaria de Turismo de Jalisco, Vanessa P\u00e9rez Lamas.<br \/>\nEntre los principales beneficios que ofrece la aerol\u00ednea son el que todos los vuelos incluyen equipaje de mano de hasta 10 kilos, bebidas de cortes\u00eda a bordo y en sal\u00f3n Aeromar, selecci\u00f3n de asiento y la posibilidad de adelantar el vuelo el mismo d\u00eda*<br \/>\nDichos vuelos operar\u00e1n a partir del 11 de julio del 2022 y estar\u00e1n a la venta a trav\u00e9s de<img decoding=\"async\" class=\"size-medium wp-image-344526 alignright\" src=\"https:\/\/dimensionturistica.com\/es\/wp-content\/uploads\/2022\/07\/unnamed-2-300x200.jpg\" alt=\"\" width=\"300\" height=\"200\" srcset=\"https:\/\/dimensionturistica.com\/es\/wp-content\/uploads\/2022\/07\/unnamed-2-300x200.jpg 300w, https:\/\/dimensionturistica.com\/es\/wp-content\/uploads\/2022\/07\/unnamed-2-1024x682.jpg 1024w, https:\/\/dimensionturistica.com\/es\/wp-content\/uploads\/2022\/07\/unnamed-2-768x512.jpg 768w, https:\/\/dimensionturistica.com\/es\/wp-content\/uploads\/2022\/07\/unnamed-2-1536x1024.jpg 1536w, https:\/\/dimensionturistica.com\/es\/wp-content\/uploads\/2022\/07\/unnamed-2-750x500.jpg 750w, https:\/\/dimensionturistica.com\/es\/wp-content\/uploads\/2022\/07\/unnamed-2-1140x760.jpg 1140w, https:\/\/dimensionturistica.com\/es\/wp-content\/uploads\/2022\/07\/unnamed-2.jpg 2000w\" sizes=\"(max-width: 300px) 100vw, 300px\" \/> www.aeromar.mx, globalizadores y agencias de viajes. Actualmente la aerol\u00ednea tiene diversas promociones en viaje sencillo, con tarifas desde $899.00 pesos, e impuestos incluidos, al comprar en sitio web y app.<br \/>\nEs importante mencionar que la aerol\u00ednea cuenta con la certificaci\u00f3n IOSA en cumplimiento de los m\u00e1s altos est\u00e1ndares de calidad, confiabilidad y seguridad de la industria a\u00e9rea mundial. As\u00ed como la certificaci\u00f3n APEX Health Safety Platinum por sus altos est\u00e1ndares de seguridad y salud.<br \/>\nCon el compromiso de resguardar la salud de los viajeros, Aeromar implementa rigurosos protocolos de sanidad que incluyen el uso obligatorio de cubrebocas, as\u00ed como la sanitizaci\u00f3n de espacios comunes, filtros sanitarios, dispensadores de gel antibacterial y respetar la sana distancia.<br \/>\n* Consulta m\u00e1s informaci\u00f3n en www.aeromar.mx<\/p>\n","protected":false},"excerpt":{"rendered":"<p>Jalisco y Aeromar refuerzan su compromiso de impulsar el turismo al aumentar las frecuencias del vuelo Guadalajara a Puerto Vallarta y viceversa, para que los pasajeros tengan la oportunidad de seleccionar el horario que m\u00e1s les convenga y as\u00ed disfrutar de su estad\u00eda en las hermosas playas del pac\u00edfico mexicano rodeadas de la Sierra Madre. [&hellip;]<\/p>\n","protected":false},"author":1,"featured_media":344527,"comment_status":"open","ping_status":"closed","sticky":false,"template":"","format":"standard","meta":{"om_disable_all_campaigns":false,"jnews-multi-image_gallery":[],"jnews_single_post":{"source_name":"","source_url":"","via_name":"","via_url":"","override_template":"0","override":[{"template":"1","single_blog_custom":"","parallax":"1","fullscreen":"1","layout":"right-sidebar","sidebar":"default-sidebar","second_sidebar":"default-sidebar","sticky_sidebar":"1","share_position":"top","share_float_style":"share-monocrhome","show_share_counter":"1","show_view_counter":"1","show_featured":"1","show_post_meta":"1","show_post_author":"1","show_post_author_image":"1","show_post_date":"1","post_date_format":"default","post_date_format_custom":"Y\/m\/d","show_post_category":"1","show_post_reading_time":"0","post_reading_time_wpm":"300","show_zoom_button":"0","zoom_button_out_step":"2","zoom_button_in_step":"3","show_post_tag":"1","show_prev_next_post":"1","show_popup_post":"1","number_popup_post":"1","show_author_box":"0","show_post_related":"0","show_inline_post_related":"0"}],"override_image_size":"0","image_override":[{"single_post_thumbnail_size":"crop-500","single_post_gallery_size":"crop-500"}],"trending_post":"0","trending_post_position":"meta","trending_post_label":"Trending","sponsored_post":"0","sponsored_post_label":"Sponsored by","sponsored_post_name":"","sponsored_post_url":"","sponsored_post_logo_enable":"0","sponsored_post_logo":"","sponsored_post_desc":"","disable_ad":"0"},"jnews_primary_category":{"id":""},"jnews_social_meta":{"fb_title":"","fb_description":"","fb_image":"","twitter_title":"","twitter_description":"","twitter_image":""},"footnotes":""},"categories":[39],"tags":[],"class_list":["post-344518","post","type-post","status-publish","format-standard","has-post-thumbnail","hentry","category-viajes"],"_links":{"self":[{"href":"https:\/\/dimensionturistica.com\/es\/wp-json\/wp\/v2\/posts\/344518","targetHints":{"allow":["GET"]}}],"collection":[{"href":"https:\/\/dimensionturistica.com\/es\/wp-json\/wp\/v2\/posts"}],"about":[{"href":"https:\/\/dimensionturistica.com\/es\/wp-json\/wp\/v2\/types\/post"}],"author":[{"embeddable":true,"href":"https:\/\/dimensionturistica.com\/es\/wp-json\/wp\/v2\/users\/1"}],"replies":[{"embeddable":true,"href":"https:\/\/dimensionturistica.com\/es\/wp-json\/wp\/v2\/comments?post=344518"}],"version-history":[{"count":0,"href":"https:\/\/dimensionturistica.com\/es\/wp-json\/wp\/v2\/posts\/344518\/revisions"}],"wp:featuredmedia":[{"embeddable":true,"href":"https:\/\/dimensionturistica.com\/es\/wp-json\/wp\/v2\/media\/344527"}],"wp:attachment":[{"href":"https:\/\/dimensionturistica.com\/es\/wp-json\/wp\/v2\/media?parent=344518"}],"wp:term":[{"taxonomy":"category","embeddable":true,"href":"https:\/\/dimensionturistica.com\/es\/wp-json\/wp\/v2\/categories?post=344518"},{"taxonomy":"post_tag","embeddable":true,"href":"https:\/\/dimensionturistica.com\/es\/wp-json\/wp\/v2\/tags?post=344518"}],"curies":[{"name":"wp","href":"https:\/\/api.w.org\/{rel}","templated":true}]}}