{"id":344427,"date":"2022-07-03T06:24:27","date_gmt":"2022-07-03T06:24:27","guid":{"rendered":"https:\/\/dimensionturistica.com\/es\/?p=344427"},"modified":"2022-07-03T06:24:28","modified_gmt":"2022-07-03T06:24:28","slug":"turismo-en-incertidumbre-por-quinta-ola-de-contagios-el-sudcaliforniano","status":"publish","type":"post","link":"https:\/\/dimensionturistica.com\/es\/turismo-en-incertidumbre-por-quinta-ola-de-contagios-el-sudcaliforniano\/","title":{"rendered":"Turismo, en incertidumbre por quinta ola de contagios &#8211; El Sudcaliforniano"},"content":{"rendered":"<p> <br \/>\n<\/p>\n<div id=\"content-body-5851641-8538624\">\n<p>La Paz, Baja California Sur (OEM-Informex).- Baja California Sur enfrenta una quinta ola de contagios por Covid-19, desde la llegada del mes de junio se ha presentado un repunte de casos, ante esta situaci\u00f3n prestadores de servicios tur\u00edsticos se encuentran en la incertidumbre por la temporada de verano y vacacional que est\u00e1 cercana, al respecto, Roberto Lomel\u00ed, administrador de Guaycura Excursions, se\u00f1al\u00f3 que ya se ha notado una reducci\u00f3n importante de viajes ante la poca afluencia de turismo que llega a La Paz o en mismos locales que temen viajar.<\/p>\n<p>\u201cDefinitivamente existe de nueva cuenta una incertidumbre por saber qu\u00e9 va a pasar en esta quinta ola de contagios, tanto los compa\u00f1eros prestadores de servicio como los turistas que se acercan llegan aqu\u00ed al destino preguntando si a\u00fan hay problemas con la capacidad de los tours, si se est\u00e1n haciendo regularmente, hay quienes tienen temor de viajar justo por los contagios. Gracias a Dios llevamos un perfecto control por el apoyo que hay tanto con capitan\u00eda de puerto, Secretar\u00eda de Turismo y todo el sector de promotores y agencias tur\u00edsticas\u201d.<\/p>\n<p>A comparaci\u00f3n del a\u00f1o pasado que se tuvo una baja significativa de turismo, detall\u00f3 que estos meses se ha logrado tener un aumento de visitantes y con ello una mejor derrama econ\u00f3mica, en el mes de junio se volvi\u00f3 a caer el servicio y temen que, de seguir con el aumento de contagios el pr\u00f3ximo mes que es de los m\u00e1s importantes por la temporada de vacaciones, se vea afectado.<\/p>\n<p>\u201cMucha gente vive con la preocupaci\u00f3n del viajar porque tal vez se llega a contagiar, son dados a preguntar con cu\u00e1nta gente viajamos, qu\u00e9 tanto espacio hay en las unidades o en las embarcaciones, obviamente ya una vez que les damos la explicaci\u00f3n sin ning\u00fan problema toman los servicios pero s\u00ed ha habido unos altibajos, ahora m\u00e1s por esto que ocurre de nueva cuenta, \u00edbamos bien y esperamos en esta temporada estar en un 100% de ocupaci\u00f3n en recorridos pero ahora prevemos que est\u00e9 en un 60% de lo que hab\u00edamos planeado tener en los meses de junio y julio\u201d.<\/p>\n<p><a rel=\"nofollow noopener\" target=\"_blank\" href=\"http:\/\/oem.pressreader.com\/el-sudcaliforniano\"><b>Suscr\u00edbete aqu\u00ed a la edici\u00f3n digital de El Sudcaliforniano<\/b><\/a><\/p>\n<p>\u201cHa sido un poco complicado porque para las empresas que estamos d\u00eda a d\u00eda comprometidos, que pagamos digamos una locaci\u00f3n, un permiso del municipio, que tenemos cierta inversi\u00f3n se vuelve algo complicado porque el ingreso estimado es mucho menor precisamente por la baja de captaci\u00f3n tur\u00edstica, a final de cuentas no nos queda m\u00e1s que ver con la mejor cara de esta situaci\u00f3n y promover los mejores destinos, darle m\u00e1s publicidad y creo que eso nos ha ayudado tambi\u00e9n en el sector tur\u00edstico\u201d.<\/p>\n<p>Se\u00f1al\u00f3 que cada que existen cambios en las disposiciones del consejo estatal de seguridad en salud se les hacen ver, cada semana reciben por correo recomendaciones del qu\u00e9 hacer durante ese periodo de 7 d\u00edas conforme a los protocolos que se est\u00e1n manejando, tambi\u00e9n los mismos colaboradores y otras compa\u00f1\u00edas tienen un sistema para mantenerse coordinados e incluso la gente cuando sale a los excursions y pasan por el muelle fiscal donde abordan, ya existe todo un protocolo de salud. <\/p>\n<\/div>\n<p><script>(function(d, s, id) {\nvar js, fjs = d.getElementsByTagName(s)[0];\nif (d.getElementById(id)) return;\njs = d.createElement(s); js.id = id;\njs.src=\"https:\/\/connect.facebook.net\/es_LA\/sdk.js#xfbml=1&version=v3.2&appId=376236710603638&autoLogAppEvents=1\";\nfjs.parentNode.insertBefore(js, fjs);\n}(document, 'script', 'facebook-jssdk'));\n<\/script><br \/>\n<br \/><\/p>\n<p><em> &#8221; Fuentes www.elsudcaliforniano.com.mx &#8221; <\/em><\/p>\n","protected":false},"excerpt":{"rendered":"<p>La Paz, Baja California Sur (OEM-Informex).- Baja California Sur enfrenta una quinta ola de contagios por Covid-19, desde la llegada del mes de junio se ha presentado un repunte de casos, ante esta situaci\u00f3n prestadores de servicios tur\u00edsticos se encuentran en la incertidumbre por la temporada de verano y vacacional que est\u00e1 cercana, al respecto, [&hellip;]<\/p>\n","protected":false},"author":4,"featured_media":344428,"comment_status":"open","ping_status":"closed","sticky":false,"template":"","format":"standard","meta":{"om_disable_all_campaigns":false,"jnews-multi-image_gallery":[],"jnews_single_post":[],"jnews_primary_category":[],"jnews_social_meta":[],"footnotes":""},"categories":[39],"tags":[1975,55,510,544],"class_list":["post-344427","post","type-post","status-publish","format-standard","has-post-thumbnail","hentry","category-viajes","tag-contagios","tag-coronavirus","tag-covid-19","tag-turismo"],"_links":{"self":[{"href":"https:\/\/dimensionturistica.com\/es\/wp-json\/wp\/v2\/posts\/344427","targetHints":{"allow":["GET"]}}],"collection":[{"href":"https:\/\/dimensionturistica.com\/es\/wp-json\/wp\/v2\/posts"}],"about":[{"href":"https:\/\/dimensionturistica.com\/es\/wp-json\/wp\/v2\/types\/post"}],"author":[{"embeddable":true,"href":"https:\/\/dimensionturistica.com\/es\/wp-json\/wp\/v2\/users\/4"}],"replies":[{"embeddable":true,"href":"https:\/\/dimensionturistica.com\/es\/wp-json\/wp\/v2\/comments?post=344427"}],"version-history":[{"count":0,"href":"https:\/\/dimensionturistica.com\/es\/wp-json\/wp\/v2\/posts\/344427\/revisions"}],"wp:featuredmedia":[{"embeddable":true,"href":"https:\/\/dimensionturistica.com\/es\/wp-json\/wp\/v2\/media\/344428"}],"wp:attachment":[{"href":"https:\/\/dimensionturistica.com\/es\/wp-json\/wp\/v2\/media?parent=344427"}],"wp:term":[{"taxonomy":"category","embeddable":true,"href":"https:\/\/dimensionturistica.com\/es\/wp-json\/wp\/v2\/categories?post=344427"},{"taxonomy":"post_tag","embeddable":true,"href":"https:\/\/dimensionturistica.com\/es\/wp-json\/wp\/v2\/tags?post=344427"}],"curies":[{"name":"wp","href":"https:\/\/api.w.org\/{rel}","templated":true}]}}