{"id":344244,"date":"2022-07-02T20:35:56","date_gmt":"2022-07-02T20:35:56","guid":{"rendered":"https:\/\/dimensionturistica.com\/es\/?p=344244"},"modified":"2022-07-02T20:35:56","modified_gmt":"2022-07-02T20:35:56","slug":"chiapas-tabasco-campeche-yucatan-y-quintana-roo-tendran-un-lugar-para-participar-en-la-proxima-reunion-de-la-organizacion-mundo-maya","status":"publish","type":"post","link":"https:\/\/dimensionturistica.com\/es\/chiapas-tabasco-campeche-yucatan-y-quintana-roo-tendran-un-lugar-para-participar-en-la-proxima-reunion-de-la-organizacion-mundo-maya\/","title":{"rendered":"Chiapas, Tabasco, Campeche, Yucat\u00e1n y Quintana Roo tendr\u00e1n un lugar para participar en la pr\u00f3xima reuni\u00f3n de la Organizaci\u00f3n Mundo Maya"},"content":{"rendered":"<p><img decoding=\"async\" class=\" wp-image-344248 alignright\" src=\"https:\/\/dimensionturistica.com\/es\/wp-content\/uploads\/2022\/07\/Tulum-300x201.jpeg\" alt=\"\" width=\"406\" height=\"272\" srcset=\"https:\/\/dimensionturistica.com\/es\/wp-content\/uploads\/2022\/07\/Tulum-300x201.jpeg 300w, https:\/\/dimensionturistica.com\/es\/wp-content\/uploads\/2022\/07\/Tulum-1024x685.jpeg 1024w, https:\/\/dimensionturistica.com\/es\/wp-content\/uploads\/2022\/07\/Tulum-768x514.jpeg 768w, https:\/\/dimensionturistica.com\/es\/wp-content\/uploads\/2022\/07\/Tulum-750x502.jpeg 750w, https:\/\/dimensionturistica.com\/es\/wp-content\/uploads\/2022\/07\/Tulum-1140x762.jpeg 1140w, https:\/\/dimensionturistica.com\/es\/wp-content\/uploads\/2022\/07\/Tulum.jpeg 1280w\" sizes=\"(max-width: 406px) 100vw, 406px\" \/>El secretario de Turismo del Gobierno de M\u00e9xico, Miguel Torruco Marqu\u00e9s, propuso ante las ministras de Turismo de Belice, El Salvador, Guatemala y Honduras, que los secretarios de Turismo de Chiapas, Tabasco, Campeche, Yucat\u00e1n y Quintana Roo, participen en la pr\u00f3xima reuni\u00f3n de la Organizaci\u00f3n Mundo Maya, a celebrarse en Antigua, Guatemala, el pr\u00f3ximo mes de noviembre, propuesta que fue aceptada.<br \/>\nEl titular de la Secretar\u00eda de Turismo (Sectur) destac\u00f3, ante la ministra de Turismo de Honduras, en su calidad de presidenta Honorifica de la Organizaci\u00f3n Mundo Maya, Yadira G\u00f3mez, la importancia de integrar a estas entidades que cuentan con una vasta riqueza natural, cultural, e hist\u00f3rica, producto del pasado ancestral de la gran Cultura Maya.<br \/>\nCada uno de los estados de M\u00e9xico que forman parte de esta regi\u00f3n, posee parte de este gran legado, como los son las zonas arqueol\u00f3gicas que se encuentran a lo largo y ancho del territorio, y que se suman a un activo importante en la integraci\u00f3n del producto tur\u00edstico multidestino en el que se trabaja con los pa\u00edses hermanos de Belice, El Salvador, Guatemala y Honduras.<img decoding=\"async\" class=\"size-medium wp-image-344249 alignright\" src=\"https:\/\/dimensionturistica.com\/es\/wp-content\/uploads\/2022\/07\/Chichen-Itza-300x200.jpeg\" alt=\"\" width=\"300\" height=\"200\" srcset=\"https:\/\/dimensionturistica.com\/es\/wp-content\/uploads\/2022\/07\/Chichen-Itza-300x200.jpeg 300w, https:\/\/dimensionturistica.com\/es\/wp-content\/uploads\/2022\/07\/Chichen-Itza-1024x682.jpeg 1024w, https:\/\/dimensionturistica.com\/es\/wp-content\/uploads\/2022\/07\/Chichen-Itza-768x512.jpeg 768w, https:\/\/dimensionturistica.com\/es\/wp-content\/uploads\/2022\/07\/Chichen-Itza-750x500.jpeg 750w, https:\/\/dimensionturistica.com\/es\/wp-content\/uploads\/2022\/07\/Chichen-Itza-1140x760.jpeg 1140w, https:\/\/dimensionturistica.com\/es\/wp-content\/uploads\/2022\/07\/Chichen-Itza.jpeg 1280w\" sizes=\"(max-width: 300px) 100vw, 300px\" \/><br \/>\nTorruco Marqu\u00e9s destac\u00f3 que adem\u00e1s, los estados del sureste de M\u00e9xico se ver\u00e1n beneficiados con el Tren Maya, obra emblem\u00e1tica que se desarrolla en esta zona del pa\u00eds, que a lo largo de sus mil 525 kil\u00f3metros contar\u00e1 con 21 estaciones, en cuyo recorrido se encontrar\u00e1n 190 atractivos de alto impacto, lo que detonar\u00e1 la econom\u00eda de las comunidades localizadas en estas cinco entidades, acorde con la pol\u00edtica del presidente Andr\u00e9s Manuel L\u00f3pez Obrador, de hacer del turismo una verdadera herramienta de reconciliaci\u00f3n social.<br \/>\nEl secretario de Turismo expuso parte de la vasta riqueza que se encuentra en los estados de M\u00e9xico que integran el Mundo Maya, en donde destacan las zonas arqueol\u00f3gicas que forman parte del gran legado ancestral de esta cultura.<br \/>\nTal es el caso de la zona arqueol\u00f3gica de Palenque, en el estado de Chiapas, ciudad prehisp\u00e1nica que fungi\u00f3 como un importante centro ceremonial, siendo en su tiempo una de las m\u00e1s importantes de esta civilizaci\u00f3n y que hoy est\u00e1 catalogada como Patrimonio de la Humanidad, indic\u00f3.<br \/>\nAgreg\u00f3 que en Campeche se localiza la zona arqueol\u00f3gica de Calakmul, cuyas construcciones reflejan un plan urbano \u00fanico para la \u00e9poca; mientras que en Tabasco se encuentra Comalcalco, sitio que tuvo su auge entre los a\u00f1os 950 a.C. al 200 a.C., y son evidencia del paso de la Cultura Maya por esta zona.<img decoding=\"async\" class=\"size-medium wp-image-344250 alignright\" src=\"https:\/\/dimensionturistica.com\/es\/wp-content\/uploads\/2022\/07\/Palenque-300x200.jpeg\" alt=\"\" width=\"300\" height=\"200\" srcset=\"https:\/\/dimensionturistica.com\/es\/wp-content\/uploads\/2022\/07\/Palenque-300x200.jpeg 300w, https:\/\/dimensionturistica.com\/es\/wp-content\/uploads\/2022\/07\/Palenque-1024x682.jpeg 1024w, https:\/\/dimensionturistica.com\/es\/wp-content\/uploads\/2022\/07\/Palenque-768x512.jpeg 768w, https:\/\/dimensionturistica.com\/es\/wp-content\/uploads\/2022\/07\/Palenque-750x500.jpeg 750w, https:\/\/dimensionturistica.com\/es\/wp-content\/uploads\/2022\/07\/Palenque-1140x760.jpeg 1140w, https:\/\/dimensionturistica.com\/es\/wp-content\/uploads\/2022\/07\/Palenque.jpeg 1280w\" sizes=\"(max-width: 300px) 100vw, 300px\" \/><br \/>\nTorruco Marqu\u00e9s subray\u00f3 la importancia que representa para el turismo la zona arqueol\u00f3gica de Chich\u00e9n Izt\u00e1, en Yucat\u00e1n, como un sitio que anualmente atrae a millones de turistas nacionales e internacionales, atra\u00eddos entre otros edificios, por la Pir\u00e1mide de Kukulk\u00e1n; y finalmente en Quintana Roo, est\u00e1 una de las zonas arqueol\u00f3gicas m\u00e1s emblem\u00e1ticas, Tulum, al encontrarse a la orilla del Mar Caribe.<br \/>\nEl secretario de Turismo reiter\u00f3 que la integraci\u00f3n del Mundo Maya se est\u00e1 logrando al pasar a los hechos y dejar atr\u00e1s los discursos, que desde hace 36 a\u00f1os hablaban de conectividad y el producto tur\u00edstico. \u201cHoy es una realidad, el Mundo Maya est\u00e1 m\u00e1s unido y m\u00e1s fuerte, y va a ir creciendo y generando cada vez m\u00e1s activos y mejores experiencias como un multidestino\u201d, concluy\u00f3 el secretario de Turismo.<br \/>\nLa reuni\u00f3n cont\u00f3 tambi\u00e9n con la distinguida presencia del embajador de M\u00e9xico en Honduras, Excmo. David Jim\u00e9nez Gonz\u00e1lez; el subsecretario de Turismo, Humberto Hern\u00e1ndez Haddd; as\u00ed como Nicole Solano, viceministra del Ministerio de Turismo y Relaciones de la Di\u00e1spora de Belice; Morena Valdez, ministra de Turismo del Gobierno de la Rep\u00fablica de El Salvador; y Anayansy Rodr\u00edguez, ministra del Instituto Guatemalteco de Turismo de la Rep\u00fablica de Guatemala.<\/p>\n","protected":false},"excerpt":{"rendered":"<p>El secretario de Turismo del Gobierno de M\u00e9xico, Miguel Torruco Marqu\u00e9s, propuso ante las ministras de Turismo de Belice, El Salvador, Guatemala y Honduras, que los secretarios de Turismo de Chiapas, Tabasco, Campeche, Yucat\u00e1n y Quintana Roo, participen en la pr\u00f3xima reuni\u00f3n de la Organizaci\u00f3n Mundo Maya, a celebrarse en Antigua, Guatemala, el pr\u00f3ximo mes [&hellip;]<\/p>\n","protected":false},"author":1,"featured_media":344252,"comment_status":"open","ping_status":"closed","sticky":false,"template":"","format":"standard","meta":{"om_disable_all_campaigns":false,"jnews-multi-image_gallery":[],"jnews_single_post":{"source_name":"","source_url":"","via_name":"","via_url":"","override_template":"0","override":[{"template":"1","single_blog_custom":"","parallax":"1","fullscreen":"1","layout":"right-sidebar","sidebar":"default-sidebar","second_sidebar":"default-sidebar","sticky_sidebar":"1","share_position":"top","share_float_style":"share-monocrhome","show_share_counter":"1","show_view_counter":"1","show_featured":"1","show_post_meta":"1","show_post_author":"1","show_post_author_image":"1","show_post_date":"1","post_date_format":"default","post_date_format_custom":"Y\/m\/d","show_post_category":"1","show_post_reading_time":"0","post_reading_time_wpm":"300","show_zoom_button":"0","zoom_button_out_step":"2","zoom_button_in_step":"3","show_post_tag":"1","show_prev_next_post":"1","show_popup_post":"1","number_popup_post":"1","show_author_box":"0","show_post_related":"0","show_inline_post_related":"0"}],"override_image_size":"0","image_override":[{"single_post_thumbnail_size":"crop-500","single_post_gallery_size":"crop-500"}],"trending_post":"0","trending_post_position":"meta","trending_post_label":"Trending","sponsored_post":"0","sponsored_post_label":"Sponsored by","sponsored_post_name":"","sponsored_post_url":"","sponsored_post_logo_enable":"0","sponsored_post_logo":"","sponsored_post_desc":"","disable_ad":"0"},"jnews_primary_category":{"id":""},"jnews_social_meta":{"fb_title":"","fb_description":"","fb_image":"","twitter_title":"","twitter_description":"","twitter_image":""},"footnotes":""},"categories":[39],"tags":[],"class_list":["post-344244","post","type-post","status-publish","format-standard","has-post-thumbnail","hentry","category-viajes"],"_links":{"self":[{"href":"https:\/\/dimensionturistica.com\/es\/wp-json\/wp\/v2\/posts\/344244","targetHints":{"allow":["GET"]}}],"collection":[{"href":"https:\/\/dimensionturistica.com\/es\/wp-json\/wp\/v2\/posts"}],"about":[{"href":"https:\/\/dimensionturistica.com\/es\/wp-json\/wp\/v2\/types\/post"}],"author":[{"embeddable":true,"href":"https:\/\/dimensionturistica.com\/es\/wp-json\/wp\/v2\/users\/1"}],"replies":[{"embeddable":true,"href":"https:\/\/dimensionturistica.com\/es\/wp-json\/wp\/v2\/comments?post=344244"}],"version-history":[{"count":0,"href":"https:\/\/dimensionturistica.com\/es\/wp-json\/wp\/v2\/posts\/344244\/revisions"}],"wp:featuredmedia":[{"embeddable":true,"href":"https:\/\/dimensionturistica.com\/es\/wp-json\/wp\/v2\/media\/344252"}],"wp:attachment":[{"href":"https:\/\/dimensionturistica.com\/es\/wp-json\/wp\/v2\/media?parent=344244"}],"wp:term":[{"taxonomy":"category","embeddable":true,"href":"https:\/\/dimensionturistica.com\/es\/wp-json\/wp\/v2\/categories?post=344244"},{"taxonomy":"post_tag","embeddable":true,"href":"https:\/\/dimensionturistica.com\/es\/wp-json\/wp\/v2\/tags?post=344244"}],"curies":[{"name":"wp","href":"https:\/\/api.w.org\/{rel}","templated":true}]}}