{"id":344239,"date":"2022-07-02T20:22:19","date_gmt":"2022-07-02T20:22:19","guid":{"rendered":"https:\/\/dimensionturistica.com\/es\/?p=344239"},"modified":"2022-07-02T20:22:19","modified_gmt":"2022-07-02T20:22:19","slug":"anuncia-american-airlines-una-beca-para-pilotos-en-honor-a-elise-eberwein","status":"publish","type":"post","link":"https:\/\/dimensionturistica.com\/es\/anuncia-american-airlines-una-beca-para-pilotos-en-honor-a-elise-eberwein\/","title":{"rendered":"Anuncia American Airlines una beca para pilotos en Honor a Elise Eberwein"},"content":{"rendered":"<p>American Airlines, en b\u00fasqueda de nuevas oportunidades para impulsar buenas pr\u00e1cticas corporativas en la industria, ha anunciado la creaci\u00f3n de la beca Elise Eberwein American Airlines Pilot Scholarship, una iniciativa que durante los pr\u00f3ximos 10 a\u00f1os otorgar\u00e1 un total de un mill\u00f3n de d\u00f3lares para aumentar y diversificar la formaci\u00f3n de pilotos a trav\u00e9s de su programa Cadet Academy.<br \/>\nLa beca se lanza a finales de este a\u00f1o y rinde homenaje a Eberwein, vicepresidenta Ejecutiva de Personas y Compromiso Global de American, quien se ha jubilado recientemente de la compa\u00f1\u00eda. Eberwein comenz\u00f3 su carrera en la aerol\u00ednea como auxiliar de vuelo y pas\u00f3 los siguientes 35 a\u00f1os apoyando a los miembros del equipo, creando una cultura que da prioridad a las personas y promoviendo programas con visi\u00f3n a futuro para hacer de American un espacio de trabajo de primera categor\u00eda.<br \/>\nElise no s\u00f3lo fue la promotora de la definici\u00f3n de nuestra misi\u00f3n de cuidar a las personas en el viaje de la vida, sino que personifica esta labor cada d\u00eda, dijo el CEO y director de<img decoding=\"async\" class=\" wp-image-344240 alignright\" src=\"https:\/\/dimensionturistica.com\/es\/wp-content\/uploads\/2022\/07\/Elise-Eberwein-and-Robert-Isom--300x200.jpg\" alt=\"\" width=\"378\" height=\"252\" srcset=\"https:\/\/dimensionturistica.com\/es\/wp-content\/uploads\/2022\/07\/Elise-Eberwein-and-Robert-Isom--300x200.jpg 300w, https:\/\/dimensionturistica.com\/es\/wp-content\/uploads\/2022\/07\/Elise-Eberwein-and-Robert-Isom--768x512.jpg 768w, https:\/\/dimensionturistica.com\/es\/wp-content\/uploads\/2022\/07\/Elise-Eberwein-and-Robert-Isom--750x500.jpg 750w, https:\/\/dimensionturistica.com\/es\/wp-content\/uploads\/2022\/07\/Elise-Eberwein-and-Robert-Isom-.jpg 800w\" sizes=\"(max-width: 378px) 100vw, 378px\" \/> Reclutamiento de American Airlines, Robert Isom.<br \/>\nHa defendido incansablemente a nuestro equipo, especialmente a aquellos cuyas voces tienen menos posibilidades de ser escuchadas, y ha trabajado para crear caminos profesionales para todos. El liderazgo de Elise nos ayuda a ver no s\u00f3lo qui\u00e9nes somos hoy, sino qui\u00e9nes queremos ser ma\u00f1ana. Lanzar esta beca mientras reclutamos a la pr\u00f3xima generaci\u00f3n de aviadores es la manera perfecta de honrar su pasi\u00f3n por las personas y el progreso.<br \/>\nLa beca financiar\u00e1 a dos candidatos con $50,000 USD a cada uno, a trav\u00e9s de los costos de entrenamiento en Cadet Academy de American Airlines. Dise\u00f1ada para apoyar a aquellos candidatos con necesidades financieras comprobables y a aspirantes que no pueden acceder f\u00e1cilmente a las carreras de aviaci\u00f3n, la beca Elise Eberwein refuerza a\u00fan m\u00e1s el compromiso de American por apoyar a nuevos y talentosos elementos en su camino para convertirse en pilotos.<\/p>\n","protected":false},"excerpt":{"rendered":"<p>American Airlines, en b\u00fasqueda de nuevas oportunidades para impulsar buenas pr\u00e1cticas corporativas en la industria, ha anunciado la creaci\u00f3n de la beca Elise Eberwein American Airlines Pilot Scholarship, una iniciativa que durante los pr\u00f3ximos 10 a\u00f1os otorgar\u00e1 un total de un mill\u00f3n de d\u00f3lares para aumentar y diversificar la formaci\u00f3n de pilotos a trav\u00e9s de [&hellip;]<\/p>\n","protected":false},"author":1,"featured_media":344241,"comment_status":"open","ping_status":"closed","sticky":false,"template":"","format":"standard","meta":{"om_disable_all_campaigns":false,"jnews-multi-image_gallery":[],"jnews_single_post":{"source_name":"","source_url":"","via_name":"","via_url":"","override_template":"0","override":[{"template":"1","single_blog_custom":"","parallax":"1","fullscreen":"1","layout":"right-sidebar","sidebar":"default-sidebar","second_sidebar":"default-sidebar","sticky_sidebar":"1","share_position":"top","share_float_style":"share-monocrhome","show_share_counter":"1","show_view_counter":"1","show_featured":"1","show_post_meta":"1","show_post_author":"1","show_post_author_image":"1","show_post_date":"1","post_date_format":"default","post_date_format_custom":"Y\/m\/d","show_post_category":"1","show_post_reading_time":"0","post_reading_time_wpm":"300","show_zoom_button":"0","zoom_button_out_step":"2","zoom_button_in_step":"3","show_post_tag":"1","show_prev_next_post":"1","show_popup_post":"1","number_popup_post":"1","show_author_box":"0","show_post_related":"0","show_inline_post_related":"0"}],"override_image_size":"0","image_override":[{"single_post_thumbnail_size":"crop-500","single_post_gallery_size":"crop-500"}],"trending_post":"0","trending_post_position":"meta","trending_post_label":"Trending","sponsored_post":"0","sponsored_post_label":"Sponsored by","sponsored_post_name":"","sponsored_post_url":"","sponsored_post_logo_enable":"0","sponsored_post_logo":"","sponsored_post_desc":"","disable_ad":"0"},"jnews_primary_category":{"id":""},"jnews_social_meta":{"fb_title":"","fb_description":"","fb_image":"","twitter_title":"","twitter_description":"","twitter_image":""},"footnotes":""},"categories":[40],"tags":[],"class_list":["post-344239","post","type-post","status-publish","format-standard","has-post-thumbnail","hentry","category-industria"],"_links":{"self":[{"href":"https:\/\/dimensionturistica.com\/es\/wp-json\/wp\/v2\/posts\/344239","targetHints":{"allow":["GET"]}}],"collection":[{"href":"https:\/\/dimensionturistica.com\/es\/wp-json\/wp\/v2\/posts"}],"about":[{"href":"https:\/\/dimensionturistica.com\/es\/wp-json\/wp\/v2\/types\/post"}],"author":[{"embeddable":true,"href":"https:\/\/dimensionturistica.com\/es\/wp-json\/wp\/v2\/users\/1"}],"replies":[{"embeddable":true,"href":"https:\/\/dimensionturistica.com\/es\/wp-json\/wp\/v2\/comments?post=344239"}],"version-history":[{"count":0,"href":"https:\/\/dimensionturistica.com\/es\/wp-json\/wp\/v2\/posts\/344239\/revisions"}],"wp:featuredmedia":[{"embeddable":true,"href":"https:\/\/dimensionturistica.com\/es\/wp-json\/wp\/v2\/media\/344241"}],"wp:attachment":[{"href":"https:\/\/dimensionturistica.com\/es\/wp-json\/wp\/v2\/media?parent=344239"}],"wp:term":[{"taxonomy":"category","embeddable":true,"href":"https:\/\/dimensionturistica.com\/es\/wp-json\/wp\/v2\/categories?post=344239"},{"taxonomy":"post_tag","embeddable":true,"href":"https:\/\/dimensionturistica.com\/es\/wp-json\/wp\/v2\/tags?post=344239"}],"curies":[{"name":"wp","href":"https:\/\/api.w.org\/{rel}","templated":true}]}}