{"id":344185,"date":"2022-07-02T19:13:04","date_gmt":"2022-07-02T19:13:04","guid":{"rendered":"https:\/\/dimensionturistica.com\/es\/?p=344185"},"modified":"2022-07-02T19:16:33","modified_gmt":"2022-07-02T19:16:33","slug":"viva-aerobus-da-inicio-a-su-ruta-de-temporada-entre-cozumel-y-monterrey","status":"publish","type":"post","link":"https:\/\/dimensionturistica.com\/es\/viva-aerobus-da-inicio-a-su-ruta-de-temporada-entre-cozumel-y-monterrey\/","title":{"rendered":"Viva Aerobus da inicio a su ruta de temporada entre Cozumel y Monterrey"},"content":{"rendered":"<p><img decoding=\"async\" class=\"size-medium wp-image-344187 alignright\" src=\"https:\/\/dimensionturistica.com\/es\/wp-content\/uploads\/2022\/07\/VIVA1-300x160.jpg\" alt=\"\" width=\"300\" height=\"160\" srcset=\"https:\/\/dimensionturistica.com\/es\/wp-content\/uploads\/2022\/07\/VIVA1-300x160.jpg 300w, https:\/\/dimensionturistica.com\/es\/wp-content\/uploads\/2022\/07\/VIVA1.jpg 500w\" sizes=\"(max-width: 300px) 100vw, 300px\" \/>Con 175 pasajeros, aterriz\u00f3 en el Aeropuerto Internacional de Cozumel el primer vuelo, de este a\u00f1o, de la ruta de verano de Viva Aerobus, Monterrey \u2013 Cozumel.<br \/>\nCon el tradicional arco de agua, se celebr\u00f3 la inauguraci\u00f3n de este servicio con la participaci\u00f3n de C.P. Jorge Campos Romero, Administrador del Aeropuerto de Cozumel (ASUR); Pablo Aguilar, representante en la isla del Consejo de Promoci\u00f3n Tur\u00edstica de Quintana Roo; el Ing. Badih Sleme Flores, Director de Turismo y Desarrollo Econ\u00f3mico de Cozumel; Lic. Isela Valenzuela de la<img decoding=\"async\" class=\"size-medium wp-image-344188 alignright\" src=\"https:\/\/dimensionturistica.com\/es\/wp-content\/uploads\/2022\/07\/VIVA2-300x196.jpg\" alt=\"\" width=\"300\" height=\"196\" srcset=\"https:\/\/dimensionturistica.com\/es\/wp-content\/uploads\/2022\/07\/VIVA2-300x196.jpg 300w, https:\/\/dimensionturistica.com\/es\/wp-content\/uploads\/2022\/07\/VIVA2.jpg 500w\" sizes=\"(max-width: 300px) 100vw, 300px\" \/> Asociaci\u00f3n de Hoteles de Cozumel y directivos de Viva Aerobus.<br \/>\nEl Caribe Mexicano se ha caracterizado por ser uno de los\u201cprincipales destinos receptores de turistas; es un orgullo saber que, ahora, nuestro Estado se encuentra m\u00e1s conectado no s\u00f3lo con destinos en el extranjero, sino tambi\u00e9n con ciudades al interior; el anuncio de esta ruta de temporada Cozumel \u2013 Monterrey, sin duda permitir\u00e1 que los m\u00e1s de 3.5 millones de turistas prospectados para\u201cverano 2022, tengan una mayor oferta de nuestros productos tur\u00edsticos, coment\u00f3 Bernardo Cueto Riestra, Secretario de Turismo de Quintana Roo.<img decoding=\"async\" class=\"size-medium wp-image-344189 alignright\" src=\"https:\/\/dimensionturistica.com\/es\/wp-content\/uploads\/2022\/07\/VIVA3-300x172.jpg\" alt=\"\" width=\"300\" height=\"172\" srcset=\"https:\/\/dimensionturistica.com\/es\/wp-content\/uploads\/2022\/07\/VIVA3-300x172.jpg 300w, https:\/\/dimensionturistica.com\/es\/wp-content\/uploads\/2022\/07\/VIVA3.jpg 500w\" sizes=\"(max-width: 300px) 100vw, 300px\" \/><br \/>\nMonterrey \u2013 Cozumel ofrece dos vuelos a la semana donde los\u201cpasajeros podr\u00e1n disfrutar de volar en la flota m\u00e1s moderna de M\u00e9xico y la tercera m\u00e1s joven de toda Norteam\u00e9rica, con una edad promedio de tan s\u00f3lo 5 a\u00f1os.<br \/>\nEstamos entusiasmados por la apertura de esta ruta de temporada que viene a impulsar el turismo, un sector fundamental para la econom\u00eda y el desarrollo de Cozumel, y en un momento clave ahora que se acerca la temporada alta de verano. Agradecemos a Viva Aerobus por conectar estas dos ciudades, seguros que tanto pasajeros como todas las<img decoding=\"async\" class=\"size-medium wp-image-344190 alignright\" src=\"https:\/\/dimensionturistica.com\/es\/wp-content\/uploads\/2022\/07\/VIVA4-300x195.jpg\" alt=\"\" width=\"300\" height=\"195\" srcset=\"https:\/\/dimensionturistica.com\/es\/wp-content\/uploads\/2022\/07\/VIVA4-300x195.jpg 300w, https:\/\/dimensionturistica.com\/es\/wp-content\/uploads\/2022\/07\/VIVA4.jpg 500w\" sizes=\"(max-width: 300px) 100vw, 300px\" \/> familias que dependen de la industria tur\u00edstica, se ver\u00e1n ampliamente beneficiados, afirm\u00f3 Dar\u00edo Flota Ocampo, Director General del Consejo de Promoci\u00f3n Tur\u00edstica de Quintana Viva Aerobus da inicio a su ruta de temporada entre Cozumel y Monterrey Roo.<br \/>\nLa reactivaci\u00f3n a\u00e9rea en Cozumel es una realidad. Bienvenidos sean los pasajeros del vuelo VivaAerobus proveniente de la ciudad de Monterrey, Nuevo Le\u00f3n, expres\u00f3 la Lic. Juanita Alonso Marrufo, Presidenta Municipal de Cozumel.Actualmente, resultado del compromiso de la aerol\u00ednea con enriquecer la accesibilidad de Quintana Roo, estado que alberga\u201cdestinos tur\u00edsticos bandera de M\u00e9xico, Viva Aerobus ya suma m\u00e1s de 30 rutas desde\/hacia Canc\u00fan, una ruta Chetumal a la Ciudad de M\u00e9xico y, ahora, los vuelos de<img decoding=\"async\" class=\"size-medium wp-image-344191 alignleft\" src=\"https:\/\/dimensionturistica.com\/es\/wp-content\/uploads\/2022\/07\/VIVA5-300x199.jpg\" alt=\"\" width=\"300\" height=\"199\" srcset=\"https:\/\/dimensionturistica.com\/es\/wp-content\/uploads\/2022\/07\/VIVA5-300x199.jpg 300w, https:\/\/dimensionturistica.com\/es\/wp-content\/uploads\/2022\/07\/VIVA5.jpg 500w\" sizes=\"(max-width: 300px) 100vw, 300px\" \/> Cozumel a Monterrey.<br \/>\nEstamos felices de aportar al sector tur\u00edstico de la isla brindando una alternativa de vuelo a precios realmente bajos. Con nosotros, los pasajeros pueden ahorrar en su transporte para despu\u00e9s aprovechar m\u00e1s recursos en Cozumel y disfrutar de actividades y lugares tan emblem\u00e1ticos como el Parque Nacional Arrecifes o el Parque Chankanaab, en beneficio de la derrama econ\u00f3mica local, mencion\u00f3 Walfred Castro, Director de Comunicaci\u00f3n Corporativa de Viva Aerobus.<br \/>\nAl respecto, cabe recordar que en lo que va del 2022, Viva ya ha\u201canunciado numerosas nuevas rutas en la entidad tales como el servicio desde\/hacia Canc\u00fan al nuevo Aeropuerto Internacional Felipe \u00c1ngeles en la Ciudad de M\u00e9xico, el reinicio de operaciones de\u201cCanc\u00fan<img decoding=\"async\" class=\"size-medium wp-image-344192 alignleft\" src=\"https:\/\/dimensionturistica.com\/es\/wp-content\/uploads\/2022\/07\/VIVA6-300x167.jpg\" alt=\"\" width=\"300\" height=\"167\" srcset=\"https:\/\/dimensionturistica.com\/es\/wp-content\/uploads\/2022\/07\/VIVA6-300x167.jpg 300w, https:\/\/dimensionturistica.com\/es\/wp-content\/uploads\/2022\/07\/VIVA6.jpg 500w\" sizes=\"(max-width: 300px) 100vw, 300px\" \/> \u2013 Toluca y el incremento de vuelos en siete rutas desde\/hacia Canc\u00fan.<br \/>\nDe esta manera, Viva contin\u00faa fortaleci\u00e9ndose como una de las aerol\u00edneas l\u00edderes en la entidad por su amplia oferta, respaldada por\u201cla preferencia de los pasajeros.<br \/>\nLos pasajeros pueden adquirir sus boletos en el sitio oficial de la aerol\u00ednea Viva: https: \/\/www.vivaaerobus.com\/mx, en las Viva Tiendas, en la Viva App o llamando al Call Center (LADA sin costo) 0181 82 150 150<\/p>\n","protected":false},"excerpt":{"rendered":"<p>Con 175 pasajeros, aterriz\u00f3 en el Aeropuerto Internacional de Cozumel el primer vuelo, de este a\u00f1o, de la ruta de verano de Viva Aerobus, Monterrey \u2013 Cozumel. Con el tradicional arco de agua, se celebr\u00f3 la inauguraci\u00f3n de este servicio con la participaci\u00f3n de C.P. Jorge Campos Romero, Administrador del Aeropuerto de Cozumel (ASUR); Pablo [&hellip;]<\/p>\n","protected":false},"author":1,"featured_media":344186,"comment_status":"open","ping_status":"closed","sticky":false,"template":"","format":"standard","meta":{"om_disable_all_campaigns":false,"jnews-multi-image_gallery":[],"jnews_single_post":{"source_name":"","source_url":"","via_name":"","via_url":"","override_template":"0","override":[{"template":"1","single_blog_custom":"","parallax":"1","fullscreen":"1","layout":"right-sidebar","sidebar":"default-sidebar","second_sidebar":"default-sidebar","sticky_sidebar":"1","share_position":"top","share_float_style":"share-monocrhome","show_share_counter":"1","show_view_counter":"1","show_featured":"1","show_post_meta":"1","show_post_author":"1","show_post_author_image":"1","show_post_date":"1","post_date_format":"default","post_date_format_custom":"Y\/m\/d","show_post_category":"1","show_post_reading_time":"0","post_reading_time_wpm":"300","show_zoom_button":"0","zoom_button_out_step":"2","zoom_button_in_step":"3","show_post_tag":"1","show_prev_next_post":"1","show_popup_post":"1","number_popup_post":"1","show_author_box":"0","show_post_related":"0","show_inline_post_related":"0"}],"override_image_size":"0","image_override":[{"single_post_thumbnail_size":"crop-500","single_post_gallery_size":"crop-500"}],"trending_post":"0","trending_post_position":"meta","trending_post_label":"Trending","sponsored_post":"0","sponsored_post_label":"Sponsored by","sponsored_post_name":"","sponsored_post_url":"","sponsored_post_logo_enable":"0","sponsored_post_logo":"","sponsored_post_desc":"","disable_ad":"0"},"jnews_primary_category":{"id":""},"jnews_social_meta":{"fb_title":"","fb_description":"","fb_image":"","twitter_title":"","twitter_description":"","twitter_image":""},"footnotes":""},"categories":[39],"tags":[],"class_list":["post-344185","post","type-post","status-publish","format-standard","has-post-thumbnail","hentry","category-viajes"],"_links":{"self":[{"href":"https:\/\/dimensionturistica.com\/es\/wp-json\/wp\/v2\/posts\/344185","targetHints":{"allow":["GET"]}}],"collection":[{"href":"https:\/\/dimensionturistica.com\/es\/wp-json\/wp\/v2\/posts"}],"about":[{"href":"https:\/\/dimensionturistica.com\/es\/wp-json\/wp\/v2\/types\/post"}],"author":[{"embeddable":true,"href":"https:\/\/dimensionturistica.com\/es\/wp-json\/wp\/v2\/users\/1"}],"replies":[{"embeddable":true,"href":"https:\/\/dimensionturistica.com\/es\/wp-json\/wp\/v2\/comments?post=344185"}],"version-history":[{"count":0,"href":"https:\/\/dimensionturistica.com\/es\/wp-json\/wp\/v2\/posts\/344185\/revisions"}],"wp:featuredmedia":[{"embeddable":true,"href":"https:\/\/dimensionturistica.com\/es\/wp-json\/wp\/v2\/media\/344186"}],"wp:attachment":[{"href":"https:\/\/dimensionturistica.com\/es\/wp-json\/wp\/v2\/media?parent=344185"}],"wp:term":[{"taxonomy":"category","embeddable":true,"href":"https:\/\/dimensionturistica.com\/es\/wp-json\/wp\/v2\/categories?post=344185"},{"taxonomy":"post_tag","embeddable":true,"href":"https:\/\/dimensionturistica.com\/es\/wp-json\/wp\/v2\/tags?post=344185"}],"curies":[{"name":"wp","href":"https:\/\/api.w.org\/{rel}","templated":true}]}}