{"id":344161,"date":"2022-07-02T18:31:07","date_gmt":"2022-07-02T18:31:07","guid":{"rendered":"https:\/\/dimensionturistica.com\/es\/?p=344161"},"modified":"2022-07-02T18:31:07","modified_gmt":"2022-07-02T18:31:07","slug":"destaca-en-la-categoria-filosofia-sustentable-turistica-reconocen-trayectoria-de-vicente-ferreyra","status":"publish","type":"post","link":"https:\/\/dimensionturistica.com\/es\/destaca-en-la-categoria-filosofia-sustentable-turistica-reconocen-trayectoria-de-vicente-ferreyra\/","title":{"rendered":"Destaca en la categor\u00eda Filosof\u00eda Sustentable Tur\u00edstica Reconocen trayectoria de Vicente Ferreyra"},"content":{"rendered":"<p><img decoding=\"async\" class=\"size-medium wp-image-344165 alignright\" src=\"https:\/\/dimensionturistica.com\/es\/wp-content\/uploads\/2022\/07\/FOOD2-300x200.jpg\" alt=\"\" width=\"300\" height=\"200\" srcset=\"https:\/\/dimensionturistica.com\/es\/wp-content\/uploads\/2022\/07\/FOOD2-300x200.jpg 300w, https:\/\/dimensionturistica.com\/es\/wp-content\/uploads\/2022\/07\/FOOD2.jpg 500w\" sizes=\"(max-width: 300px) 100vw, 300px\" \/>En el marco del Food &amp; Travel Hospitality Awards 2022, Vicente Ferreyra Acosta, director de Sustentur, obtuvo el premio en la categor\u00eda \u201cFilosof\u00eda Sustentable Tur\u00edstica\u201d, por su trayectoria en M\u00e9xico y Latinoam\u00e9rica.<br \/>\nA trav\u00e9s de este evento, Food and Travel M\u00e9xico distingue a los protagonistas de la industria tur\u00edstica y gastron\u00f3mica de M\u00e9xico, que se han destacado durante esta \u00e9poca hist\u00f3rica, llena de retos y resiliencia.<br \/>\nDurante la premiaci\u00f3n se destac\u00f3 a Vicente Ferreyra Acosta como uno de los especialistas en turismo sustentable m\u00e1s reconocidos en Mexico y Latinoamerica, y quien desde hace m\u00e1s de 20 a\u00f1os se ha dedicado a apoyar a destinos, empresas y comunidades rurales para cambiar la forma de hacer turismo con un enfoque de sustentabilidad.<br \/>\nHace 18 a\u00f1os se estableci\u00f3 en Canc\u00fan, Quintana Roo donde lider\u00f3 diversos proyectos en temas de conservaci\u00f3n del medio ambiente, desarrollo social y en especial turismo sustentable y social.<br \/>\nPosteriormente fund\u00f3 Sustentur, empresa social que re\u00fane a un equipo de expertos y expertas en implementaci\u00f3n de buenas pr\u00e1cticas, turismo comunitario, comunicaci\u00f3n de la sustentabilidad, cambio clim\u00e1tico, medici\u00f3n de huella de carbono y capacitaci\u00f3n.<br \/>\nVicente Ferreyra tambi\u00e9n es fundador del Sustainable &amp; Social Tourism Summit, el evento m\u00e1s importante de Mexico y Latinoam\u00e9rica en el tema que este a\u00f1o se realiza en Le\u00f3n Guanajuato.<br \/>\nHa sido conferencista en eventos organizados por la Organizaci\u00f3n Mundial del Turismo, (OMT), y del Programa de Naciones Unidas para el Desarrollo (PNUD), adem\u00e1s es conferencista internacional y TEDx speakers.<br \/>\n\u201cRecibir este reconocimiento por parte del comit\u00e9 de expertos Food &amp; Travel es una demostraci\u00f3n de que la sustentabilidad debe estar en todos los sectores; es un tema que urge para asegurar el futuro de un turismo comprometido con los recursos naturales, las personas y el bienestar econ\u00f3mico\u201d, expres\u00f3.<br \/>\nCon la premiaci\u00f3n en 14 categor\u00edas, los Food &amp; Travel Hospitality Awards 2022 reuni\u00f3 a<img decoding=\"async\" class=\"size-medium wp-image-344169 alignright\" src=\"https:\/\/dimensionturistica.com\/es\/wp-content\/uploads\/2022\/07\/hqdefault-300x225.jpg\" alt=\"\" width=\"300\" height=\"225\" srcset=\"https:\/\/dimensionturistica.com\/es\/wp-content\/uploads\/2022\/07\/hqdefault-300x225.jpg 300w, https:\/\/dimensionturistica.com\/es\/wp-content\/uploads\/2022\/07\/hqdefault.jpg 480w\" sizes=\"(max-width: 300px) 100vw, 300px\" \/> reconocidos CEO \u2019s de empresas, chefs, emprendedores y j\u00f3venes promesas en actividades relacionadas al turismo.<br \/>\nEl evento se llev\u00f3 a cabo en The Ritz Carlton M\u00e9xico City con una cena especial a cargo de los chefs Carlos Gayt\u00e1n, Jonathan F\u00e9lix y Erick Astie. Ha sido conferencista en eventos organizados por la Organizaci\u00f3n Mundial del Turismo, (OMT), y del Programa de Naciones Unidas para el Desarrollo (PNUD), adem\u00e1s es conferencista internacional y TEDx speakers.<br \/>\n\u201cRecibir este reconocimiento por parte del comit\u00e9 de expertos Food &amp; Travel es una demostraci\u00f3n de que la sustentabilidad debe estar en todos los sectores; es un tema que urge para asegurar el futuro de un turismo comprometido con los recursos naturales, las personas y el bienestar<img decoding=\"async\" class=\"size-medium wp-image-344164 alignleft\" src=\"https:\/\/dimensionturistica.com\/es\/wp-content\/uploads\/2022\/07\/FOOD1-1-300x200.jpg\" alt=\"\" width=\"300\" height=\"200\" srcset=\"https:\/\/dimensionturistica.com\/es\/wp-content\/uploads\/2022\/07\/FOOD1-1-300x200.jpg 300w, https:\/\/dimensionturistica.com\/es\/wp-content\/uploads\/2022\/07\/FOOD1-1.jpg 500w\" sizes=\"(max-width: 300px) 100vw, 300px\" \/>\u00a0econ\u00f3mico\u201d, expres\u00f3.<\/p>\n<p>Con la premiaci\u00f3n en 14 categor\u00edas, los Food &amp; Travel Hospitality Awards 2022 reuni\u00f3 a reconocidos CEO \u2019s de empresas, chefs, emprendedores y j\u00f3venes promesas en actividades relacionadas al turismo.<\/p>\n<p>El evento se llev\u00f3 a cabo en The Ritz Carlton M\u00e9xico City con una cena especial a cargo de los chefs Carlos Gayt\u00e1n, Jonathan F\u00e9lix y Erick Astie.<\/p>\n","protected":false},"excerpt":{"rendered":"<p>En el marco del Food &amp; Travel Hospitality Awards 2022, Vicente Ferreyra Acosta, director de Sustentur, obtuvo el premio en la categor\u00eda \u201cFilosof\u00eda Sustentable Tur\u00edstica\u201d, por su trayectoria en M\u00e9xico y Latinoam\u00e9rica. A trav\u00e9s de este evento, Food and Travel M\u00e9xico distingue a los protagonistas de la industria tur\u00edstica y gastron\u00f3mica de M\u00e9xico, que se [&hellip;]<\/p>\n","protected":false},"author":1,"featured_media":344167,"comment_status":"open","ping_status":"closed","sticky":false,"template":"","format":"standard","meta":{"om_disable_all_campaigns":false,"jnews-multi-image_gallery":[],"jnews_single_post":{"source_name":"","source_url":"","via_name":"","via_url":"","override_template":"0","override":[{"template":"1","single_blog_custom":"","parallax":"1","fullscreen":"1","layout":"right-sidebar","sidebar":"default-sidebar","second_sidebar":"default-sidebar","sticky_sidebar":"1","share_position":"top","share_float_style":"share-monocrhome","show_share_counter":"1","show_view_counter":"1","show_featured":"1","show_post_meta":"1","show_post_author":"1","show_post_author_image":"1","show_post_date":"1","post_date_format":"default","post_date_format_custom":"Y\/m\/d","show_post_category":"1","show_post_reading_time":"0","post_reading_time_wpm":"300","show_zoom_button":"0","zoom_button_out_step":"2","zoom_button_in_step":"3","show_post_tag":"1","show_prev_next_post":"1","show_popup_post":"1","number_popup_post":"1","show_author_box":"0","show_post_related":"0","show_inline_post_related":"0"}],"override_image_size":"0","image_override":[{"single_post_thumbnail_size":"crop-500","single_post_gallery_size":"crop-500"}],"trending_post":"0","trending_post_position":"meta","trending_post_label":"Trending","sponsored_post":"0","sponsored_post_label":"Sponsored by","sponsored_post_name":"","sponsored_post_url":"","sponsored_post_logo_enable":"0","sponsored_post_logo":"","sponsored_post_desc":"","disable_ad":"0"},"jnews_primary_category":{"id":""},"jnews_social_meta":{"fb_title":"","fb_description":"","fb_image":"","twitter_title":"","twitter_description":"","twitter_image":""},"footnotes":""},"categories":[40],"tags":[],"class_list":["post-344161","post","type-post","status-publish","format-standard","has-post-thumbnail","hentry","category-industria"],"_links":{"self":[{"href":"https:\/\/dimensionturistica.com\/es\/wp-json\/wp\/v2\/posts\/344161","targetHints":{"allow":["GET"]}}],"collection":[{"href":"https:\/\/dimensionturistica.com\/es\/wp-json\/wp\/v2\/posts"}],"about":[{"href":"https:\/\/dimensionturistica.com\/es\/wp-json\/wp\/v2\/types\/post"}],"author":[{"embeddable":true,"href":"https:\/\/dimensionturistica.com\/es\/wp-json\/wp\/v2\/users\/1"}],"replies":[{"embeddable":true,"href":"https:\/\/dimensionturistica.com\/es\/wp-json\/wp\/v2\/comments?post=344161"}],"version-history":[{"count":0,"href":"https:\/\/dimensionturistica.com\/es\/wp-json\/wp\/v2\/posts\/344161\/revisions"}],"wp:featuredmedia":[{"embeddable":true,"href":"https:\/\/dimensionturistica.com\/es\/wp-json\/wp\/v2\/media\/344167"}],"wp:attachment":[{"href":"https:\/\/dimensionturistica.com\/es\/wp-json\/wp\/v2\/media?parent=344161"}],"wp:term":[{"taxonomy":"category","embeddable":true,"href":"https:\/\/dimensionturistica.com\/es\/wp-json\/wp\/v2\/categories?post=344161"},{"taxonomy":"post_tag","embeddable":true,"href":"https:\/\/dimensionturistica.com\/es\/wp-json\/wp\/v2\/tags?post=344161"}],"curies":[{"name":"wp","href":"https:\/\/api.w.org\/{rel}","templated":true}]}}