{"id":344033,"date":"2022-07-02T10:41:53","date_gmt":"2022-07-02T10:41:53","guid":{"rendered":"https:\/\/dimensionturistica.com\/es\/?p=344033"},"modified":"2022-07-02T10:41:53","modified_gmt":"2022-07-02T10:41:53","slug":"las-vacaciones-mas-caras-de-las-ultimas-decadas-los-hoteles-suben-los-precios-un-30-y-los-aviones-un-20","status":"publish","type":"post","link":"https:\/\/dimensionturistica.com\/es\/las-vacaciones-mas-caras-de-las-ultimas-decadas-los-hoteles-suben-los-precios-un-30-y-los-aviones-un-20\/","title":{"rendered":"Las vacaciones m\u00e1s caras de las \u00faltimas d\u00e9cadas: los hoteles suben los precios un 30% y los aviones, un 20%"},"content":{"rendered":"<p> <br \/>\n<\/p>\n<div>\n<article class=\"voc-article voc-article--detail voc-article--detail--base voc-article--photo-bottom\"><!-- IMAGE --><\/p>\n<div class=\"voc-img-container  \"><picture><a rel=\"nofollow noopener\" target=\"_blank\" href=\"https:\/\/www.elcorreo.com\/bizkaia\/verano-arranca-loiu-20220701124748-ga.html\" class=\"voc-horizontal voc-img-icon-link\"><img decoding=\"async\" src=\"https:\/\/static2.elcorreo.com\/www\/multimedia\/202207\/02\/media\/cortadas\/1449307008-U160150484746oUD-U170601954052J0H-624x385@El%20Correo-ElCorreo.JPG\" title=\"\" alt=\"El aeropuerto de Loiu se llen\u00f3 ayer de pasajeros. \/JORDI ALEMANY\" onload=\"performance.mark('fmp');\"\/><noscript><img decoding=\"async\" src=\"https:\/\/static2.elcorreo.com\/www\/multimedia\/202207\/02\/media\/cortadas\/1449307008-U160150484746oUD-U170601954052J0H-624x385@El%20Correo-ElCorreo.JPG\" alt=\"El aeropuerto de Loiu se llen\u00f3 ayer de pasajeros. \"\/><\/noscript><i class=\"voc-icons photobig voc-multimedia-box voc-ico-xl\"\/><\/a><\/picture>\n<p class=\"figure-caption\"><span class=\"voc-photo-caption\">El aeropuerto de Loiu se llen\u00f3 ayer de pasajeros.  \/ <\/span><span class=\"voc-photo-author\">JORDI ALEMANY<\/span><\/p>\n<\/div>\n<p><!-- INFO CONTAINER --><\/p>\n<p><h2 class=\"voc-sub-title\">Las agencias de viajes calculan que los hoteles han subido un 30% respecto a su tarifa ordinary y los vuelos un 20%<\/h2>\n<\/p>\n<\/article>\n<\/div>\n<div data-voc-share-selection=\"\"><!-- AUTHOR --><\/p>\n<div class=\"voc-author-timesocial \"><!-- AUTHOR --><\/p>\n<div class=\"voc-author-timesocial__signature\"><!-- IMAGE AUTHOR --><picture class=\"voc-image-signature\"><img decoding=\"async\" class=\"voc-image-signature__img\" src=\"https:\/\/static3.elcorreo.com\/comun\/img\/2014\/autor\/autor-3261-foto-1.jpeg\" alt=\"Alba C\u00e1rcamo\"\/><\/picture><!-- INFO AUTHOR --><\/div>\n<\/div>\n<p><!-- COMPONENTS --><\/p>\n<p class=\"voc-paragraph\">Si a la ley de la oferta y la demanda le sumamos la inflaci\u00f3n y las ganas de salir, las de este a\u00f1o ser\u00e1n las vacaciones m\u00e1s caras para los vizca\u00ednos y para quienes lleguen a nuestro territorio. Los ahorros llevan dos a\u00f1os a buen recaudo, queman en las carteras, y lo har\u00e1n pese a que hoy alojarse, volar e incluso tomar un caf\u00e9 cuesta m\u00e1s q\n<\/p>\n<div class=\"ev-engagement\">\n<div class=\"content-exclusive-bg \" data-voc-pw-alert=\"\" data-voc-pw-premium=\"\" data-voc-vtm-id=\"paywall-methode\" data-voc-vtm-info=\"cdn-ce-printwall\">\n<div class=\"container-wall-exclusive wall-exclusive-detail-AB container-wall-exclusive--modifier-white\">\n<div class=\"container-wall-exclusive__grip-content\">\n<div class=\"container-wall-exclusive__left-side-exclusive\"><img decoding=\"async\" src=\"https:\/\/static.vocstatic.com\/common\/assets\/onplus\/elcorreo\/exclusivo.png\" alt=\"\"\/><\/div>\n<div class=\"container-wall-exclusive__right-side-exclusive\">\n<div class=\"container-btn-exclusive\"><a rel=\"nofollow noopener\" target=\"_blank\" href=\"\"><img decoding=\"async\" src=\"https:\/\/static2.elcorreo.com\/squido\/latest\/assets\/images\/elcorreo-on.svg\" alt=\"logo-correo-on2.svg\"\/><\/a><\/p>\n<p><span>Este contenido es exclusivo para suscriptores<\/span><\/p>\n<p><ev-engagement group-name=\"paywall-elcorreo\" redirect=\"false\"\/><\/div>\n<\/div>\n<\/div>\n<div class=\"container-wall-exclusive__content-login\">\n<p class=\"text\">\u00bfYa eres suscriptor\/a? <a rel=\"nofollow noopener\" target=\"_blank\" href=\"https:\/\/secure.elcorreo.com\/login\/login.html#vca=suscribete&amp;vso=elcorreo&amp;vmc=on&amp;vli=cdn-ce-link-login\" class=\"login\" data-voc-vtm-id=\"comienzoSuscripcionON\" data-voc-vtm-info=\"cdn-ce-link-login\">Inicia sesi\u00f3n<\/a><\/p>\n<\/div>\n<\/div>\n<\/div>\n<\/div>\n<\/div>\n\n<p><em> &#8221; Fuentes www.elcorreo.com &#8221; <\/em><\/p>\n","protected":false},"excerpt":{"rendered":"<p>El aeropuerto de Loiu se llen\u00f3 ayer de pasajeros. \/ JORDI ALEMANY Las agencias de viajes calculan que los hoteles han subido un 30% respecto a su tarifa ordinary y los vuelos un 20% Si a la ley de la oferta y la demanda le sumamos la inflaci\u00f3n y las ganas de salir, las de [&hellip;]<\/p>\n","protected":false},"author":4,"featured_media":344034,"comment_status":"open","ping_status":"closed","sticky":false,"template":"","format":"standard","meta":{"om_disable_all_campaigns":false,"jnews-multi-image_gallery":[],"jnews_single_post":[],"jnews_primary_category":[],"jnews_social_meta":[],"footnotes":""},"categories":[40],"tags":[727,24639,13243,1289,1620,26673,10254,1861],"class_list":["post-344033","post","type-post","status-publish","format-standard","has-post-thumbnail","hentry","category-industria","tag-aviones","tag-caras","tag-decadas","tag-hoteles","tag-precios","tag-suben","tag-ultimas","tag-vacaciones"],"_links":{"self":[{"href":"https:\/\/dimensionturistica.com\/es\/wp-json\/wp\/v2\/posts\/344033","targetHints":{"allow":["GET"]}}],"collection":[{"href":"https:\/\/dimensionturistica.com\/es\/wp-json\/wp\/v2\/posts"}],"about":[{"href":"https:\/\/dimensionturistica.com\/es\/wp-json\/wp\/v2\/types\/post"}],"author":[{"embeddable":true,"href":"https:\/\/dimensionturistica.com\/es\/wp-json\/wp\/v2\/users\/4"}],"replies":[{"embeddable":true,"href":"https:\/\/dimensionturistica.com\/es\/wp-json\/wp\/v2\/comments?post=344033"}],"version-history":[{"count":0,"href":"https:\/\/dimensionturistica.com\/es\/wp-json\/wp\/v2\/posts\/344033\/revisions"}],"wp:featuredmedia":[{"embeddable":true,"href":"https:\/\/dimensionturistica.com\/es\/wp-json\/wp\/v2\/media\/344034"}],"wp:attachment":[{"href":"https:\/\/dimensionturistica.com\/es\/wp-json\/wp\/v2\/media?parent=344033"}],"wp:term":[{"taxonomy":"category","embeddable":true,"href":"https:\/\/dimensionturistica.com\/es\/wp-json\/wp\/v2\/categories?post=344033"},{"taxonomy":"post_tag","embeddable":true,"href":"https:\/\/dimensionturistica.com\/es\/wp-json\/wp\/v2\/tags?post=344033"}],"curies":[{"name":"wp","href":"https:\/\/api.w.org\/{rel}","templated":true}]}}