{"id":344021,"date":"2022-07-02T10:19:37","date_gmt":"2022-07-02T10:19:37","guid":{"rendered":"https:\/\/dimensionturistica.com\/es\/?p=344021"},"modified":"2022-07-02T10:19:37","modified_gmt":"2022-07-02T10:19:37","slug":"viajo-para-escapar-para-sentirme-nuevo","status":"publish","type":"post","link":"https:\/\/dimensionturistica.com\/es\/viajo-para-escapar-para-sentirme-nuevo\/","title":{"rendered":"&#8220;Viajo para escapar, para sentirme nuevo&#8221;"},"content":{"rendered":"<p> <br \/>\n<\/p>\n<div>\n<aside class=\"subscription-highlighted\">\n<div class=\"subscription-container\">\n<div class=\"non-subscribed\">\n<p class=\"description\">Somos de rutas, no de rutinas. Descubre Viajes Nationwide Geographic<\/p>\n<p><a rel=\"nofollow noopener\" target=\"_blank\" href=\"https:\/\/tienda.rbarevistas.com\/por-que-viajes-national-geographic.html?rba_source=viajes.nationalgeographic.com.es&amp;rba_medium=referral&amp;rba_campaign=NGMV&amp;rba_content=frase-articulo\" class=\"more-link\">SABER M\u00c1S<\/a><\/div>\n<\/div>\n<\/aside>\n<p style=\"display: none;\"><img decoding=\"async\" id=\"ctl01_ctl00_phMain_phMain_ctl00_ctl02_ctl17_ctl01_imgContent\" src=\"https:\/\/viajes.nationalgeographic.com.es\/medio\/2022\/06\/27\/maximo-huerta-adiospequeno_036369c1_800x800.jpg\" alt=\"Ma\u0301ximo Huerta adio\u0301spequen\u0303o\" style=\"border-width:0px;\"\/><\/p>\n<aside class=\"add300x250 publi-interior-top ad-container-r1 ad-inline\"\/>\n<p dir=\"ltr\"><strong><span id=\"docs-internal-guid-9bc055b2-7fff-41f5-955d-0b6a505fa49e\">Tu libro m\u00e1s importante se ha llevado el Premio de Novela Fernando Lara 2022. \u00bfLa alegr\u00eda es doble?<\/span><\/strong><\/p>\n<p><span id=\"docs-internal-guid-9bc055b2-7fff-41f5-955d-0b6a505fa49e\">El premio Fernando Lara me ha permitido reconectar con mi faceta de escritor que tanto me satisface, recupero con fuerza las sensaciones de creador, de contador de historias. Es un reconocimiento a la parte de m\u00ed que m\u00e1s me gusta.<\/span><\/p>\n<p><strong><span id=\"docs-internal-guid-9bc055b2-7fff-41f5-955d-0b6a505fa49e\">Todas las novelas nacen de la necesidad de contar. En el caso de \u201cAdi\u00f3s, peque\u00f1o\u201d, \u00bfqu\u00e9 la origin\u00f3? T\u00fa mismo has dicho que fue inesperada\u2026 <\/span><\/strong><\/p>\n<p><span id=\"docs-internal-guid-9bc055b2-7fff-41f5-955d-0b6a505fa49e\">Me gusta ser invadido por las historias. No ha hecho falta buscar lejos, estaba cerca. Es un libro que fue haci\u00e9ndose solo, que no me di cuenta de que lo estaba escribiendo. No me lo esperaba. Dec\u00eda Proust que hay libros que est\u00e1n dentro de uno, el escritor no debe escribirlos, sino traducirlos porque ya est\u00e1n dentro de uno mismo. <\/span><\/p>\n<p><strong><span id=\"docs-internal-guid-9bc055b2-7fff-41f5-955d-0b6a505fa49e\">El t\u00edtulo habla de una despedida. La de un adulto, t\u00fa mismo, que desea decir adi\u00f3s al ni\u00f1o que ha crecido a la sombra de la infelicidad de una madre. Y tambi\u00e9n la de ese hijo, ya adulto, que trata de amortiguar el dolor por la p\u00e9rdida de una madre que se muere. \u00bfEste libro, adem\u00e1s de un ejercicio puro de narrativa, es tambi\u00e9n una terapia? <\/span><\/strong><\/p>\n<p><span id=\"docs-internal-guid-9bc055b2-7fff-41f5-955d-0b6a505fa49e\">La terapia es leer, y espero que esta novela sea un espejo donde los lectores encuentren a sus padres y abuelos, c\u00f3mo eran antes de ser matrimonios. Los padres y madres fueron, evidentemente, hombres y mujeres, ni\u00f1os y ni\u00f1as. Cuesta mirar as\u00ed a los padres, pero es interesant\u00edsimo. <\/span><\/p>\n<blockquote>\n<p>Los libros siempre te llevan de viaje, es la \u00fanica m\u00e1quina del tiempo que existe.<\/p>\n<\/blockquote>\n<p><span id=\"docs-internal-guid-9bc055b2-7fff-41f5-955d-0b6a505fa49e\"><strong>En la novela conviven dos viajes: el f\u00edsico y exterior, al pueblo, a la casa de Bu\u00f1ol; y el inside y emocional, a la infancia, a los fantasmas. Siempre a trav\u00e9s de todos esos recuerdos que construyen el relato. \u00bfLa novela es un viaje en s\u00ed mismo?<\/strong><\/span><\/p>\n<p><span id=\"docs-internal-guid-9bc055b2-7fff-41f5-955d-0b6a505fa49e\">Los libros siempre te llevan de viaje, es la \u00fanica m\u00e1quina del tiempo que existe. La mejor. La m\u00e1s perfecta. Poca tecnolog\u00eda: palabras. La memoria es muy novelera. Y es buena compa\u00f1era de viaje. <\/span><\/p>\n<figure class=\"thumb zoom\"><img loading=\"lazy\" decoding=\"async\" sizes=\"auto, 100vw\" srcset=\"https:\/\/viajes.nationalgeographic.com.es\/medio\/2022\/06\/27\/istock-1313720387_e614d437_720x480.jpg 720w,https:\/\/viajes.nationalgeographic.com.es\/medio\/2022\/06\/27\/istock-1313720387_65ca2c26_1200x800.jpg 1200w\" src=\"https:\/\/viajes.nationalgeographic.com.es\/medio\/2022\/06\/27\/istock-1313720387_65ca2c26_1200x800.jpg\" class=\"lazyload\" width=\"1200\" height=\"800\" data-aspectratio=\"1200\/800\"\/><noscript><img decoding=\"async\" src=\"https:\/\/viajes.nationalgeographic.com.es\/medio\/2022\/06\/27\/istock-1313720387_65ca2c26_1200x800.jpg\"\/><\/noscript><\/p>\n<p>&#13;<figcaption class=\"by\">&#13;La costa italiana del Adri\u00e1tico es el escenario de uno de los viajes inolvidables del autor. Foto: Istock<\/figcaption>&#13;<\/p>\n<\/figure>\n<p><strong><span id=\"docs-internal-guid-9bc055b2-7fff-41f5-955d-0b6a505fa49e\">Siempre desde tu propio universo acquainted, \u201cAdi\u00f3s, peque\u00f1o\u201d es tambi\u00e9n el testimonio de una \u00e9poca: los a\u00f1os setenta. El retrato de una Espa\u00f1a de pueblo&#8230;<\/span><\/strong><\/p>\n<p><span id=\"docs-internal-guid-9bc055b2-7fff-41f5-955d-0b6a505fa49e\">He regresado a esa Espa\u00f1a, a la infancia de mi abuela, nacida en 1913, a la de mi madre, 1937, familias campesinas, de pueblo. He regresado a los mismos caminos para ver la vida de entonces, incluso para imitarla. Vecinos, invierno, lumbre, ocio sin televisi\u00f3n. Este mundo es muy disperso, se necesita algo de la lentitud de entonces.<\/span><\/p>\n<p><strong><span id=\"docs-internal-guid-9bc055b2-7fff-41f5-955d-0b6a505fa49e\">Por Espa\u00f1a y fuera de ella has viajado por trabajo y placer. Para contar la experiencia (como cronista de viajes) o para qued\u00e1rtela para ti mismo. Pregunta obligada: \u00bfpor qu\u00e9 viajas? <\/span><\/strong><\/p>\n<p><span id=\"docs-internal-guid-9bc055b2-7fff-41f5-955d-0b6a505fa49e\">Viajo para escapar, para sentirme nuevo. Todos somos diferentes en otros escenarios. El secreto est\u00e1 en la intuici\u00f3n y asombro, tan f\u00e1ciles de ni\u00f1o. La imaginaci\u00f3n se entrena cuando viajas. <\/span><\/p>\n<p><strong><span id=\"docs-internal-guid-9bc055b2-7fff-41f5-955d-0b6a505fa49e\">\u00bfA qu\u00e9 \u201cespecie\u201d de viajero perteneces?<\/span><\/strong><\/p>\n<p><span id=\"docs-internal-guid-9bc055b2-7fff-41f5-955d-0b6a505fa49e\">Soy cero organizado. Improviso todo el mismo d\u00eda. Incluso elijo lodge con celeridad y la ruta que recorrer\u00e9 ya en la misma ciudad. <\/span><\/p>\n<p><strong><span id=\"docs-internal-guid-9bc055b2-7fff-41f5-955d-0b6a505fa49e\">\u00bfQu\u00e9 tipo de experiencias te conquistan? <\/span><\/strong><\/p>\n<p><span id=\"docs-internal-guid-9bc055b2-7fff-41f5-955d-0b6a505fa49e\">Para m\u00ed el viaje debe ser <\/span>loosen up. Disfrute. Las aventuras pueden pasar en cualquier terraza de una ciudad extra\u00f1a.<\/p>\n<p><strong><span id=\"docs-internal-guid-9bc055b2-7fff-41f5-955d-0b6a505fa49e\">\u00bfCu\u00e1l es el viaje m\u00e1s inolvidable que has hecho en tu vida? <\/span><\/strong><\/p>\n<p><span id=\"docs-internal-guid-9bc055b2-7fff-41f5-955d-0b6a505fa49e\">La costa italiana del Adri\u00e1tico, de sur a norte, en coche. De pueblo en pueblo. <\/span><\/p>\n<p><strong><span id=\"docs-internal-guid-9bc055b2-7fff-41f5-955d-0b6a505fa49e\">\u00bfY ese que siempre tienes pendiente hacer? <\/span><\/strong><\/p>\n<p><span id=\"docs-internal-guid-9bc055b2-7fff-41f5-955d-0b6a505fa49e\">Buenos Aires y la Patagonia.<\/span><\/p>\n<div class=\"cuadro-destacado\">\n<p class=\"overtitle\">Coordenadas viajeras<\/p>\n<h3 class=\"title\">M\u00e1ximo Huerta<\/h3>\n<ol class=\"destacado-list\">\n<li class=\"destacado-list-item\">\n<p class=\"list-item-title\">\u00bfAd\u00f3nde nos llevas si vamos al norte?<\/p>\n<p class=\"list-item-text\">Nos vamos de ruta por los pueblos dels Ports de Castell\u00f3n. Peque\u00f1os, preciosos, de piedra.<\/p>\n<\/li>\n<li class=\"destacado-list-item\">\n<p class=\"list-item-title\">\u00bfQu\u00e9 destino eliges mirando al sur?<\/p>\n<p class=\"list-item-text\"><span id=\"docs-internal-guid-9bc055b2-7fff-41f5-955d-0b6a505fa49e\">Moraira es bien bonita. Y las calas de Javea.<\/span><\/p>\n<\/li>\n<li class=\"destacado-list-item\">\n<p class=\"list-item-title\">\u00bfY si vamos al este?<\/p>\n<p class=\"list-item-text\">Saltemos a Menorca, busquemos a un amigo con barco, que nos de la vuelta a la isla.<\/p>\n<\/li>\n<li class=\"destacado-list-item\">\n<p class=\"list-item-title\">Toca el oeste\u2026<\/p>\n<p class=\"list-item-text\">Una escapada entre vi\u00f1as, en las bodegas del maravilloso cava de Requena.<\/p>\n<\/li>\n<\/ol>\n<\/div>\n<p dir=\"ltr\">\n<figure class=\"thumb zoom\"><img loading=\"lazy\" decoding=\"async\" sizes=\"auto, 100vw\" srcset=\"https:\/\/viajes.nationalgeographic.com.es\/medio\/2022\/06\/27\/istock-951021592_964a2b61_720x480.jpg 720w,https:\/\/viajes.nationalgeographic.com.es\/medio\/2022\/06\/27\/istock-951021592_20970777_1200x801.jpg 1200w\" src=\"https:\/\/viajes.nationalgeographic.com.es\/medio\/2022\/06\/27\/istock-951021592_20970777_1200x801.jpg\" class=\"lazyload\" width=\"1200\" height=\"801\" data-aspectratio=\"1200\/801\"\/><noscript><img decoding=\"async\" src=\"https:\/\/viajes.nationalgeographic.com.es\/medio\/2022\/06\/27\/istock-951021592_20970777_1200x801.jpg\"\/><\/noscript><\/p>\n<p>&#13;<figcaption class=\"by\">&#13;Menorca en velero es el viaje so\u00f1ado de M\u00e1ximo Huerta&#8230; \u00bfY de qui\u00e9n no? Foto: iStock<\/figcaption>&#13;<\/p>\n<\/figure>\n<p>&#13;<\/p>\n<p dir=\"ltr\"><strong><span id=\"docs-internal-guid-9bc055b2-7fff-41f5-955d-0b6a505fa49e\">\u00bfQu\u00e9 no puede faltar en tu equipaje cuando viajas? <\/span><\/strong><\/p>\n<p><span id=\"docs-internal-guid-9bc055b2-7fff-41f5-955d-0b6a505fa49e\">Una libreta para pintar acuarelas. <\/span><\/p>\n<p><span id=\"docs-internal-guid-9bc055b2-7fff-41f5-955d-0b6a505fa49e\"><strong>\u00bfGastas alguna man\u00eda viajera?<\/strong><\/span><\/p>\n<p><span id=\"docs-internal-guid-9bc055b2-7fff-41f5-955d-0b6a505fa49e\">Ni man\u00edas, ni porsiacasos.<\/span><\/p>\n<p><strong><span id=\"docs-internal-guid-9bc055b2-7fff-41f5-955d-0b6a505fa49e\">\u00bfEl memento m\u00e1s preciado de cuantos tienes en casa? <\/span><\/strong><\/p>\n<p><span id=\"docs-internal-guid-9bc055b2-7fff-41f5-955d-0b6a505fa49e\">Me gustan las estampas de los santos de las iglesias que visito. Es una rareza, pero habla del lugar.<\/span><\/p>\n<p><strong><span id=\"docs-internal-guid-9bc055b2-7fff-41f5-955d-0b6a505fa49e\">\u00bfUn plato que tengas grabado a fuego?<\/span><\/strong><\/p>\n<p><span id=\"docs-internal-guid-9bc055b2-7fff-41f5-955d-0b6a505fa49e\">D\u00e9jame un c\u00f3ctel, alimento, del Boia Nit de Cadaqu\u00e9s.<\/span><\/p>\n<p><strong><span id=\"docs-internal-guid-9bc055b2-7fff-41f5-955d-0b6a505fa49e\">Hablemos de futuro: \u00bfSue\u00f1as con retirarte a alg\u00fan lugar cuando la vida empiece a ir m\u00e1s despacio?<\/span><\/strong><\/p>\n<p><span id=\"docs-internal-guid-9bc055b2-7fff-41f5-955d-0b6a505fa49e\">Cada d\u00eda. Cada noche. <\/span><\/p>\n<p><strong><span id=\"docs-internal-guid-9bc055b2-7fff-41f5-955d-0b6a505fa49e\">Y hablemos de pasado: \u00bfQu\u00e9 ciudad aglutina los mejores momentos de tu vida?<\/span><\/strong><\/p>\n<p><span id=\"docs-internal-guid-9bc055b2-7fff-41f5-955d-0b6a505fa49e\">Madrid, 1999-2015.<\/span><\/p>\n<aside class=\"add300x600 publi-interior-bot ad-inline ad-container-r2\"\/><\/div>\n\n<p><em> &#8221; Fuentes viajes.nationalgeographic.com.es &#8221; <\/em><\/p>\n","protected":false},"excerpt":{"rendered":"<p>Somos de rutas, no de rutinas. Descubre Viajes Nationwide Geographic SABER M\u00c1S Tu libro m\u00e1s importante se ha llevado el Premio de Novela Fernando Lara 2022. \u00bfLa alegr\u00eda es doble? El premio Fernando Lara me ha permitido reconectar con mi faceta de escritor que tanto me satisface, recupero con fuerza las sensaciones de creador, de [&hellip;]<\/p>\n","protected":false},"author":4,"featured_media":344022,"comment_status":"open","ping_status":"closed","sticky":false,"template":"","format":"standard","meta":{"om_disable_all_campaigns":false,"jnews-multi-image_gallery":[],"jnews_single_post":[],"jnews_primary_category":[],"jnews_social_meta":[],"footnotes":""},"categories":[39],"tags":[47258,47257],"class_list":["post-344021","post","type-post","status-publish","format-standard","has-post-thumbnail","hentry","category-viajes","tag-cargado-desde-el-fichero-de-recursos","tag-keywords-por-defecto"],"_links":{"self":[{"href":"https:\/\/dimensionturistica.com\/es\/wp-json\/wp\/v2\/posts\/344021","targetHints":{"allow":["GET"]}}],"collection":[{"href":"https:\/\/dimensionturistica.com\/es\/wp-json\/wp\/v2\/posts"}],"about":[{"href":"https:\/\/dimensionturistica.com\/es\/wp-json\/wp\/v2\/types\/post"}],"author":[{"embeddable":true,"href":"https:\/\/dimensionturistica.com\/es\/wp-json\/wp\/v2\/users\/4"}],"replies":[{"embeddable":true,"href":"https:\/\/dimensionturistica.com\/es\/wp-json\/wp\/v2\/comments?post=344021"}],"version-history":[{"count":0,"href":"https:\/\/dimensionturistica.com\/es\/wp-json\/wp\/v2\/posts\/344021\/revisions"}],"wp:featuredmedia":[{"embeddable":true,"href":"https:\/\/dimensionturistica.com\/es\/wp-json\/wp\/v2\/media\/344022"}],"wp:attachment":[{"href":"https:\/\/dimensionturistica.com\/es\/wp-json\/wp\/v2\/media?parent=344021"}],"wp:term":[{"taxonomy":"category","embeddable":true,"href":"https:\/\/dimensionturistica.com\/es\/wp-json\/wp\/v2\/categories?post=344021"},{"taxonomy":"post_tag","embeddable":true,"href":"https:\/\/dimensionturistica.com\/es\/wp-json\/wp\/v2\/tags?post=344021"}],"curies":[{"name":"wp","href":"https:\/\/api.w.org\/{rel}","templated":true}]}}