{"id":343826,"date":"2022-07-01T22:58:15","date_gmt":"2022-07-01T22:58:15","guid":{"rendered":"https:\/\/dimensionturistica.com\/es\/?p=343826"},"modified":"2022-07-01T22:58:15","modified_gmt":"2022-07-01T22:58:15","slug":"reconocen-a-aeromexico-por-su-participacion-en-jovenes-construyendo-el-futuro","status":"publish","type":"post","link":"https:\/\/dimensionturistica.com\/es\/reconocen-a-aeromexico-por-su-participacion-en-jovenes-construyendo-el-futuro\/","title":{"rendered":"Reconocen a Aerom\u00e9xico por su participaci\u00f3n en \u201c J\u00f3venes Construyendo el Futuro\u201d"},"content":{"rendered":"<p><img decoding=\"async\" class=\"size-medium wp-image-343830 alignright\" src=\"https:\/\/dimensionturistica.com\/es\/wp-content\/uploads\/2022\/07\/Premiacion-2-300x200.jpeg\" alt=\"\" width=\"300\" height=\"200\" srcset=\"https:\/\/dimensionturistica.com\/es\/wp-content\/uploads\/2022\/07\/Premiacion-2-300x200.jpeg 300w, https:\/\/dimensionturistica.com\/es\/wp-content\/uploads\/2022\/07\/Premiacion-2-768x512.jpeg 768w, https:\/\/dimensionturistica.com\/es\/wp-content\/uploads\/2022\/07\/Premiacion-2-750x500.jpeg 750w, https:\/\/dimensionturistica.com\/es\/wp-content\/uploads\/2022\/07\/Premiacion-2.jpeg 1024w\" sizes=\"(max-width: 300px) 100vw, 300px\" \/>Aerom\u00e9xico recibi\u00f3 un reconocimiento por parte de la Secretar\u00eda del Trabajo y Previsi\u00f3n Social (STPS), por haber desarrollado un plan de capacitaci\u00f3n integral de calidad destinado a los aprendices del programa \u201cJ\u00f3venes construyendo el futuro\u201d que forman parte de su equipo.<br \/>\nAdem\u00e1s del acompa\u00f1amiento que cada uno de ellos ha recibido por su tutor, la aerol\u00ednea les proporciona cursos y talleres en dos enfoques:<br \/>\nFuncional: Conocimientos y habilidades relacionadas a su \u00e1rea laboral.<br \/>\nDesarrollo humano: Que complementan su formaci\u00f3n con tem\u00e1ticas diversas como imagen, negociaci\u00f3n, orientaci\u00f3n a resultados, administraci\u00f3n del tiempo, entre otros.<br \/>\nA trav\u00e9s de esta iniciativa Aerom\u00e9xico ha recibido a 72 aprendices, quienes se han integrado a las \u00e1reas de Operaciones y Mantenimiento; Digital y Experiencia al Cliente; Comercial; Finanzas, Recursos Humanos, entre otras. 40% de ellos han decidido quedarse en la compa\u00f1\u00eda para seguir desarrollando su carrera y potencial.<br \/>\n\u201cEn Aerom\u00e9xico nos sentimos orgullos de ser parte de esta iniciativa, pues nos brinda la oportunidad de seguir contribuyendo a la formaci\u00f3n del talento que sostendr\u00e1 a nuestra industria y al pa\u00eds entero en los<img decoding=\"async\" class=\"size-medium wp-image-343831 alignleft\" src=\"https:\/\/dimensionturistica.com\/es\/wp-content\/uploads\/2022\/07\/Premiacion-1-223x300.jpeg\" alt=\"\" width=\"223\" height=\"300\" srcset=\"https:\/\/dimensionturistica.com\/es\/wp-content\/uploads\/2022\/07\/Premiacion-1-223x300.jpeg 223w, https:\/\/dimensionturistica.com\/es\/wp-content\/uploads\/2022\/07\/Premiacion-1-750x1009.jpeg 750w, https:\/\/dimensionturistica.com\/es\/wp-content\/uploads\/2022\/07\/Premiacion-1.jpeg 761w\" sizes=\"(max-width: 223px) 100vw, 223px\" \/> pr\u00f3ximos a\u00f1os. Nos hemos enfocado en el desarrollo de habilidades funcionales y humanas porque sabemos que es esencial crear las condiciones adecuadas para que cada persona alcance su m\u00e1ximo potencial\u201d, destac\u00f3 Ang\u00e9lica Garza, Vicepresidenta Ejecutiva de Recursos Humanos de Aerom\u00e9xico.<br \/>\nEl reconocimiento fue entregado durante una ceremonia celebrada este mi\u00e9rcoles 29 de junio, encabezada por Luisa Mar\u00eda Alcalde, Secretaria del Trabajo y Previsi\u00f3n Social; Francisco Cervantes, Presidente del Consejo Coordinador Empresarial (CCE), y Antonio Del Valle, Presidente del Consejo Mexicano de Negocios (CMN).<br \/>\nDe esta manera, la aerol\u00ednea bandera de M\u00e9xico refuerza su compromiso por seguir trabajando para generar un impacto positivo en la vida de sus colaboradores, as\u00ed como en las comunidades en donde opera.<\/p>\n","protected":false},"excerpt":{"rendered":"<p>Aerom\u00e9xico recibi\u00f3 un reconocimiento por parte de la Secretar\u00eda del Trabajo y Previsi\u00f3n Social (STPS), por haber desarrollado un plan de capacitaci\u00f3n integral de calidad destinado a los aprendices del programa \u201cJ\u00f3venes construyendo el futuro\u201d que forman parte de su equipo. Adem\u00e1s del acompa\u00f1amiento que cada uno de ellos ha recibido por su tutor, la [&hellip;]<\/p>\n","protected":false},"author":1,"featured_media":342324,"comment_status":"open","ping_status":"closed","sticky":false,"template":"","format":"standard","meta":{"om_disable_all_campaigns":false,"jnews-multi-image_gallery":[],"jnews_single_post":{"source_name":"","source_url":"","via_name":"","via_url":"","override_template":"0","override":[{"template":"1","single_blog_custom":"","parallax":"1","fullscreen":"1","layout":"right-sidebar","sidebar":"default-sidebar","second_sidebar":"default-sidebar","sticky_sidebar":"1","share_position":"top","share_float_style":"share-monocrhome","show_share_counter":"1","show_view_counter":"1","show_featured":"1","show_post_meta":"1","show_post_author":"1","show_post_author_image":"1","show_post_date":"1","post_date_format":"default","post_date_format_custom":"Y\/m\/d","show_post_category":"1","show_post_reading_time":"0","post_reading_time_wpm":"300","show_zoom_button":"0","zoom_button_out_step":"2","zoom_button_in_step":"3","show_post_tag":"1","show_prev_next_post":"1","show_popup_post":"1","number_popup_post":"1","show_author_box":"0","show_post_related":"0","show_inline_post_related":"0"}],"override_image_size":"0","image_override":[{"single_post_thumbnail_size":"crop-500","single_post_gallery_size":"crop-500"}],"trending_post":"0","trending_post_position":"meta","trending_post_label":"Trending","sponsored_post":"0","sponsored_post_label":"Sponsored by","sponsored_post_name":"","sponsored_post_url":"","sponsored_post_logo_enable":"0","sponsored_post_logo":"","sponsored_post_desc":"","disable_ad":"0"},"jnews_primary_category":{"id":""},"jnews_social_meta":{"fb_title":"","fb_description":"","fb_image":"","twitter_title":"","twitter_description":"","twitter_image":""},"footnotes":""},"categories":[40],"tags":[],"class_list":["post-343826","post","type-post","status-publish","format-standard","has-post-thumbnail","hentry","category-industria"],"_links":{"self":[{"href":"https:\/\/dimensionturistica.com\/es\/wp-json\/wp\/v2\/posts\/343826","targetHints":{"allow":["GET"]}}],"collection":[{"href":"https:\/\/dimensionturistica.com\/es\/wp-json\/wp\/v2\/posts"}],"about":[{"href":"https:\/\/dimensionturistica.com\/es\/wp-json\/wp\/v2\/types\/post"}],"author":[{"embeddable":true,"href":"https:\/\/dimensionturistica.com\/es\/wp-json\/wp\/v2\/users\/1"}],"replies":[{"embeddable":true,"href":"https:\/\/dimensionturistica.com\/es\/wp-json\/wp\/v2\/comments?post=343826"}],"version-history":[{"count":0,"href":"https:\/\/dimensionturistica.com\/es\/wp-json\/wp\/v2\/posts\/343826\/revisions"}],"wp:featuredmedia":[{"embeddable":true,"href":"https:\/\/dimensionturistica.com\/es\/wp-json\/wp\/v2\/media\/342324"}],"wp:attachment":[{"href":"https:\/\/dimensionturistica.com\/es\/wp-json\/wp\/v2\/media?parent=343826"}],"wp:term":[{"taxonomy":"category","embeddable":true,"href":"https:\/\/dimensionturistica.com\/es\/wp-json\/wp\/v2\/categories?post=343826"},{"taxonomy":"post_tag","embeddable":true,"href":"https:\/\/dimensionturistica.com\/es\/wp-json\/wp\/v2\/tags?post=343826"}],"curies":[{"name":"wp","href":"https:\/\/api.w.org\/{rel}","templated":true}]}}