{"id":343796,"date":"2022-07-01T22:37:31","date_gmt":"2022-07-01T22:37:31","guid":{"rendered":"https:\/\/dimensionturistica.com\/es\/?p=343796"},"modified":"2022-07-01T22:37:31","modified_gmt":"2022-07-01T22:37:31","slug":"fovissste-tendra-proceso-de-inscripcion-continua-para-solicitud-de-creditos","status":"publish","type":"post","link":"https:\/\/dimensionturistica.com\/es\/fovissste-tendra-proceso-de-inscripcion-continua-para-solicitud-de-creditos\/","title":{"rendered":"Fovissste tendr\u00e1 proceso de inscripci\u00f3n continua para solicitud de cr\u00e9ditos"},"content":{"rendered":"<p><img decoding=\"async\" class=\"size-medium wp-image-343800 alignright\" src=\"https:\/\/dimensionturistica.com\/es\/wp-content\/uploads\/2022\/07\/Fovissste_127_2o-300x200.jpg\" alt=\"\" width=\"300\" height=\"200\" srcset=\"https:\/\/dimensionturistica.com\/es\/wp-content\/uploads\/2022\/07\/Fovissste_127_2o-300x200.jpg 300w, https:\/\/dimensionturistica.com\/es\/wp-content\/uploads\/2022\/07\/Fovissste_127_2o-1024x682.jpg 1024w, https:\/\/dimensionturistica.com\/es\/wp-content\/uploads\/2022\/07\/Fovissste_127_2o-768x512.jpg 768w, https:\/\/dimensionturistica.com\/es\/wp-content\/uploads\/2022\/07\/Fovissste_127_2o-1536x1024.jpg 1536w, https:\/\/dimensionturistica.com\/es\/wp-content\/uploads\/2022\/07\/Fovissste_127_2o-2048x1365.jpg 2048w, https:\/\/dimensionturistica.com\/es\/wp-content\/uploads\/2022\/07\/Fovissste_127_2o-750x500.jpg 750w, https:\/\/dimensionturistica.com\/es\/wp-content\/uploads\/2022\/07\/Fovissste_127_2o-1140x760.jpg 1140w\" sizes=\"(max-width: 300px) 100vw, 300px\" \/> La Junta Directiva del Instituto de Seguridad y Servicios Sociales de los Trabajadores del Estado (Issste), presidida por Pedro Zenteno Santaella, y de la cual forma parte como invitado permanente el vocal ejecutivo del Fondo de la Vivienda del Issste (Fovissste), C\u00e9sar Moreno Buenrostro, aprob\u00f3 el cambio del Sistema de Puntaje para el registro de solicitudes de cr\u00e9dito por el proceso de inscripci\u00f3n continua, el cual se caracterizar\u00e1 por atender la demanda de forma permanente.<br \/>\nCon el acceso abierto a todos los derechohabientes que cumplan los requisitos legales para ejercer este financiamiento hipotecario en el momento que decidan y cuando m\u00e1s les convenga, se convertir\u00e1n en el<img decoding=\"async\" class=\"size-medium wp-image-343805 alignright\" src=\"https:\/\/dimensionturistica.com\/es\/wp-content\/uploads\/2022\/07\/Fovissste-comunicado-127_4-300x208.jpg\" alt=\"\" width=\"300\" height=\"208\" srcset=\"https:\/\/dimensionturistica.com\/es\/wp-content\/uploads\/2022\/07\/Fovissste-comunicado-127_4-300x208.jpg 300w, https:\/\/dimensionturistica.com\/es\/wp-content\/uploads\/2022\/07\/Fovissste-comunicado-127_4-1024x708.jpg 1024w, https:\/\/dimensionturistica.com\/es\/wp-content\/uploads\/2022\/07\/Fovissste-comunicado-127_4-768x531.jpg 768w, https:\/\/dimensionturistica.com\/es\/wp-content\/uploads\/2022\/07\/Fovissste-comunicado-127_4-1536x1063.jpg 1536w, https:\/\/dimensionturistica.com\/es\/wp-content\/uploads\/2022\/07\/Fovissste-comunicado-127_4-2048x1417.jpg 2048w, https:\/\/dimensionturistica.com\/es\/wp-content\/uploads\/2022\/07\/Fovissste-comunicado-127_4-750x519.jpg 750w, https:\/\/dimensionturistica.com\/es\/wp-content\/uploads\/2022\/07\/Fovissste-comunicado-127_4-1140x789.jpg 1140w\" sizes=\"(max-width: 300px) 100vw, 300px\" \/> centro de sus decisiones patrimoniales para adquirir una vivienda que cubra sus necesidades particulares.<br \/>\nSe prev\u00e9 iniciar inscripci\u00f3n continua en octubre del presente a\u00f1o con el registro de solicitudes para el Programa de Cr\u00e9dito 2023.<br \/>\nBajo este nuevo proceso se pondr\u00e1 a disposici\u00f3n de los derechohabientes que deseen iniciar el tr\u00e1mite, un sitio de f\u00e1cil acceso dentro del portal web de Fovissste, para dar seguimiento y consultar avances.<br \/>\nEste sitio tendr\u00e1 una herramienta que permitir\u00e1 conocer los diferentes esquemas crediticios que ofrece la instituci\u00f3n, as\u00ed como las condiciones y obligaciones de cada cr\u00e9dito hipotecario.<br \/>\nAsimismo, dentro del proceso de inscripci\u00f3n continua se implementar\u00e1 un taller de educaci\u00f3n financiera denominado \u201cAprendiendo para elegir mejor\u201d, cuyo objetivo principal ser\u00e1 impulsar al derechohabiente a mejorar la toma de decisiones en cuanto a su futuro patrimonial.<br \/>\nCon esta modalidad, el tr\u00e1mite ser\u00e1 m\u00e1s f\u00e1cil, transparente y accesible, y se fortalecer\u00e1 la libertad del derechohabiente para elegir la entidad financiera que lo acompa\u00f1ar\u00e1 a lo largo de todo el proceso para solicitar su cr\u00e9dito hipotecario.<br \/>\nPara m\u00e1s informaci\u00f3n, los derechohabientes pueden llamar al 800 368 4783, ingresar a la p\u00e1gina gob.mx\/fovissste o seguir las redes sociales de Facebook: FovisssteMX, Twitter: @FOVISSSTEmx, Instagram: FovisssteMX, y Youtube: FOVISSSTE.<\/p>\n","protected":false},"excerpt":{"rendered":"<p>La Junta Directiva del Instituto de Seguridad y Servicios Sociales de los Trabajadores del Estado (Issste), presidida por Pedro Zenteno Santaella, y de la cual forma parte como invitado permanente el vocal ejecutivo del Fondo de la Vivienda del Issste (Fovissste), C\u00e9sar Moreno Buenrostro, aprob\u00f3 el cambio del Sistema de Puntaje para el registro de [&hellip;]<\/p>\n","protected":false},"author":1,"featured_media":343804,"comment_status":"open","ping_status":"closed","sticky":false,"template":"","format":"standard","meta":{"om_disable_all_campaigns":false,"jnews-multi-image_gallery":[],"jnews_single_post":{"source_name":"","source_url":"","via_name":"","via_url":"","override_template":"0","override":[{"template":"1","single_blog_custom":"","parallax":"1","fullscreen":"1","layout":"right-sidebar","sidebar":"default-sidebar","second_sidebar":"default-sidebar","sticky_sidebar":"1","share_position":"top","share_float_style":"share-monocrhome","show_share_counter":"1","show_view_counter":"1","show_featured":"1","show_post_meta":"1","show_post_author":"1","show_post_author_image":"1","show_post_date":"1","post_date_format":"default","post_date_format_custom":"Y\/m\/d","show_post_category":"1","show_post_reading_time":"0","post_reading_time_wpm":"300","show_zoom_button":"0","zoom_button_out_step":"2","zoom_button_in_step":"3","show_post_tag":"1","show_prev_next_post":"1","show_popup_post":"1","number_popup_post":"1","show_author_box":"0","show_post_related":"0","show_inline_post_related":"0"}],"override_image_size":"0","image_override":[{"single_post_thumbnail_size":"crop-500","single_post_gallery_size":"crop-500"}],"trending_post":"0","trending_post_position":"meta","trending_post_label":"Trending","sponsored_post":"0","sponsored_post_label":"Sponsored by","sponsored_post_name":"","sponsored_post_url":"","sponsored_post_logo_enable":"0","sponsored_post_logo":"","sponsored_post_desc":"","disable_ad":"0"},"jnews_primary_category":{"id":""},"jnews_social_meta":{"fb_title":"","fb_description":"","fb_image":"","twitter_title":"","twitter_description":"","twitter_image":""},"footnotes":""},"categories":[40],"tags":[],"class_list":["post-343796","post","type-post","status-publish","format-standard","has-post-thumbnail","hentry","category-industria"],"_links":{"self":[{"href":"https:\/\/dimensionturistica.com\/es\/wp-json\/wp\/v2\/posts\/343796","targetHints":{"allow":["GET"]}}],"collection":[{"href":"https:\/\/dimensionturistica.com\/es\/wp-json\/wp\/v2\/posts"}],"about":[{"href":"https:\/\/dimensionturistica.com\/es\/wp-json\/wp\/v2\/types\/post"}],"author":[{"embeddable":true,"href":"https:\/\/dimensionturistica.com\/es\/wp-json\/wp\/v2\/users\/1"}],"replies":[{"embeddable":true,"href":"https:\/\/dimensionturistica.com\/es\/wp-json\/wp\/v2\/comments?post=343796"}],"version-history":[{"count":0,"href":"https:\/\/dimensionturistica.com\/es\/wp-json\/wp\/v2\/posts\/343796\/revisions"}],"wp:featuredmedia":[{"embeddable":true,"href":"https:\/\/dimensionturistica.com\/es\/wp-json\/wp\/v2\/media\/343804"}],"wp:attachment":[{"href":"https:\/\/dimensionturistica.com\/es\/wp-json\/wp\/v2\/media?parent=343796"}],"wp:term":[{"taxonomy":"category","embeddable":true,"href":"https:\/\/dimensionturistica.com\/es\/wp-json\/wp\/v2\/categories?post=343796"},{"taxonomy":"post_tag","embeddable":true,"href":"https:\/\/dimensionturistica.com\/es\/wp-json\/wp\/v2\/tags?post=343796"}],"curies":[{"name":"wp","href":"https:\/\/api.w.org\/{rel}","templated":true}]}}