{"id":343658,"date":"2022-07-01T20:13:22","date_gmt":"2022-07-01T20:13:22","guid":{"rendered":"https:\/\/dimensionturistica.com\/es\/?p=343658"},"modified":"2022-07-01T20:13:23","modified_gmt":"2022-07-01T20:13:23","slug":"6-venues-green-style-decoracion-frondosa-y-selvatica","status":"publish","type":"post","link":"https:\/\/dimensionturistica.com\/es\/6-venues-green-style-decoracion-frondosa-y-selvatica\/","title":{"rendered":"6 venues green style: decoraci\u00f3n frondosa y selv\u00e1tica"},"content":{"rendered":"<p> <br \/>\n<\/p>\n<p><span><strong>Con la llegada del verano y el calor, apetece estar en espacios fresquitos y verdes, venues que inviten a tomarte un mojito o un c\u00f3ctel caribe\u00f1o. Te traemos seis espacios, donde sentirte el &#8220;rey de la selva&#8221;.<\/strong><\/span><\/p>\n<div itemprop=\"articleBody\">\n<p><strong>Asia Backyard, un resort m\u00e1s tropical en Alicante<\/strong><\/p>\n<p>Situado en Benidorm, a los pies de Sierra Cortina, es un resort de cinco estrellas, miembro de Main Accommodations of the World, un membership que re\u00fane a algunos de los mejores hoteles del mundo, es el venue que m\u00e1s representa este recopilatorio, ya que ofrece unas instalaciones y espacios con m\u00e1s de 40 hect\u00e1reas de jardines creados con m\u00e1s de 3.000 especies tra\u00eddas de Asia, el resort consigue un espacio de gran privacidad y disfrutar de espacios de descanso, piscinas y lagos.<\/p>\n<p style=\"text-align: center;\"><img decoding=\"async\" src=\"https:\/\/www.eventoplus.com\/articulos\/6-venues-green-style-decoracion-frondosa-tropical\/content\/imgsxml\/textos_internos\/asiangardens.jpg\" alt=\"\" width=\"80%\"\/><\/p>\n<p><strong>Ginko Backyard, un jard\u00edn en el inside del <a rel=\"nofollow noopener\" target=\"_blank\" href=\"https:\/\/www.eventoplus.com\/directorio\/proveedores\/6009\/vp-jardin-de-recoletos\/\">VP Hotels Recoletos<\/a><\/strong><\/p>\n<p>El restaurante Ginkgo Backyard, con terraza acristalada, est\u00e1 repleto de vegetaci\u00f3n y totalmente acondicionado para los 365 d\u00edas del a\u00f1o. \u00a0Adem\u00e1s, el espacio ofrece experiencias gastron\u00f3micas. Adem\u00e1s de poder celebrar comidas de empresa, agradables veladas, o simplemente leer un libro o tomar un caf\u00e9 rodeado de abundante vegetaci\u00f3n.<\/p>\n<p style=\"text-align: center;\"><img decoding=\"async\" src=\"https:\/\/www.eventoplus.com\/articulos\/6-venues-green-style-decoracion-frondosa-tropical\/content\/imgsxml\/textos_internos\/ginkovp.jpg\" alt=\"\" width=\"80%\"\/><\/p>\n<p><strong>El Invernadero de los Pe\u00f1otes, oasis floral en Madrid<\/strong><\/p>\n<p style=\"text-align: left;\">Aparentemente un invernadero desde fuera, y un acogedor espacio para eventos y restaurante en su inside. Es un espacio lleno de plantas tanto en el exterior como en el inside del invernadero. Est\u00e1 dividido en tres salas: \u2018polivalente\u2019 de 200m2 y 180 pax en formato c\u00f3ctel; \u2018patio de los naranjos\u2019 con 120m2 y el restaurante con 260m2 y 350 pax en formato c\u00f3ctel.<\/p>\n<p style=\"text-align: center;\"><img decoding=\"async\" src=\"https:\/\/www.eventoplus.com\/articulos\/6-venues-green-style-decoracion-frondosa-tropical\/imgsbk\" alt=\"\" width=\"80%\"\/><img decoding=\"async\" src=\"https:\/\/www.eventoplus.com\/articulos\/6-venues-green-style-decoracion-frondosa-tropical\/content\/imgsxml\/textos_internos\/lospeotes.jpg\" alt=\"\" width=\"80%\"\/><\/p>\n<p><strong>Alma Accommodations y su \u2018Jard\u00edn del alma\u2019 en el inside del resort<\/strong><\/p>\n<p>El jard\u00edn es un bien muy preciado en el resort y por eso da nombre al restaurante en Barcelona. Y si el jard\u00edn cambia con las estaciones, tambi\u00e9n el restaurante es un organismo vivo que conecta con ellas. Este debe ser el alma de toda cocina de temporada. M\u00e1s que un restaurante con jard\u00edn en Barcelona, es un oasis donde disfrutar de cada plato en un entorno de singular belleza y armon\u00eda, sin distracciones innecesarias para los sentidos. Adem\u00e1s, cuenta con un espacio privado para almuerzos, cenas y c\u00f3cteles: una sala especialmente splendid para eventos en Barcelona.\u00a0<\/p>\n<p style=\"text-align: center;\"><img decoding=\"async\" src=\"https:\/\/www.eventoplus.com\/articulos\/6-venues-green-style-decoracion-frondosa-tropical\/content\/imgsxml\/textos_internos\/jardndelalma.jpg\" alt=\"\" width=\"80%\"\/><\/p>\n<p><strong>El Cel de Gaud\u00ed, un bonito patio en el Resort Casa Mimosa<\/strong><\/p>\n<p>Ubicado en la c\u00e9ntrica calle Pau Claris, en la misma manzana que La Pedrera y junto al Passeig de Gr\u00e0cia, la milla de oro de los edificios modernistas y las tiendas m\u00e1s lujosas de Barcelona, se erige H10 Casa Mimosa. Encontramos en la \u00faltima planta: El Cel de Gaud\u00ed, una terraza chill-out con piscina, zona de hamacas, y con vistas privilegiadas a la terraza de La Pedrera. Todo ello, rodeado de plantas y flores.<\/p>\n<p style=\"text-align: center;\"><img decoding=\"async\" src=\"https:\/\/www.eventoplus.com\/articulos\/6-venues-green-style-decoracion-frondosa-tropical\/content\/imgsxml\/textos_internos\/hotelcasamimosaok.jpg\" alt=\"\" width=\"80%\"\/><\/p>\n<p><strong>Bosc de les Fades, una selva en el centro de Barcelona<\/strong><\/p>\n<p style=\"text-align: left;\">En abril de 1973 abrio\u0301 puertas junto al museo El Bosc de les Fades, un lugar ambientado en un bosque encantado do\u0301nde la magia juega un papel importante. Un espacio que recrea un mundo fanta\u0301stico de los cuentos, donde ofrecen el unique cafe\u0301-bar para la organizacio\u0301n de eventos: networking, encuentros, presentaciones, actos\u2026<strong>\u00a0<\/strong><\/p>\n<p style=\"text-align: center;\"><strong><img decoding=\"async\" src=\"https:\/\/www.eventoplus.com\/articulos\/6-venues-green-style-decoracion-frondosa-tropical\/content\/imgsxml\/textos_internos\/boscdelesfades.jpg\" alt=\"\" width=\"80%\"\/><\/strong><\/p>\n<p><strong>\u00a0<\/strong><\/p>\n<p><strong>\u00a0<\/strong><\/p>\n<p><strong>\u00a0<\/strong><\/p>\n<\/p><\/div>\n\n<p><em> &#8221; Fuentes www.eventoplus.com &#8221; <\/em><\/p>\n","protected":false},"excerpt":{"rendered":"<p>Con la llegada del verano y el calor, apetece estar en espacios fresquitos y verdes, venues que inviten a tomarte un mojito o un c\u00f3ctel caribe\u00f1o. Te traemos seis espacios, donde sentirte el &#8220;rey de la selva&#8221;. Asia Backyard, un resort m\u00e1s tropical en Alicante Situado en Benidorm, a los pies de Sierra Cortina, es [&hellip;]<\/p>\n","protected":false},"author":4,"featured_media":343659,"comment_status":"open","ping_status":"closed","sticky":false,"template":"","format":"standard","meta":{"om_disable_all_campaigns":false,"jnews-multi-image_gallery":[],"jnews_single_post":[],"jnews_primary_category":[],"jnews_social_meta":[],"footnotes":""},"categories":[39],"tags":[48580,48581,2917,48585,48582,48584,48583,700],"class_list":["post-343658","post","type-post","status-publish","format-standard","has-post-thumbnail","hentry","category-viajes","tag-alicamte","tag-asia-garden","tag-barcelona","tag-bosc-de-les-fades","tag-ginko-garden","tag-hotel-casa-mimosa","tag-invernadero-penotes","tag-madrid"],"_links":{"self":[{"href":"https:\/\/dimensionturistica.com\/es\/wp-json\/wp\/v2\/posts\/343658","targetHints":{"allow":["GET"]}}],"collection":[{"href":"https:\/\/dimensionturistica.com\/es\/wp-json\/wp\/v2\/posts"}],"about":[{"href":"https:\/\/dimensionturistica.com\/es\/wp-json\/wp\/v2\/types\/post"}],"author":[{"embeddable":true,"href":"https:\/\/dimensionturistica.com\/es\/wp-json\/wp\/v2\/users\/4"}],"replies":[{"embeddable":true,"href":"https:\/\/dimensionturistica.com\/es\/wp-json\/wp\/v2\/comments?post=343658"}],"version-history":[{"count":0,"href":"https:\/\/dimensionturistica.com\/es\/wp-json\/wp\/v2\/posts\/343658\/revisions"}],"wp:featuredmedia":[{"embeddable":true,"href":"https:\/\/dimensionturistica.com\/es\/wp-json\/wp\/v2\/media\/343659"}],"wp:attachment":[{"href":"https:\/\/dimensionturistica.com\/es\/wp-json\/wp\/v2\/media?parent=343658"}],"wp:term":[{"taxonomy":"category","embeddable":true,"href":"https:\/\/dimensionturistica.com\/es\/wp-json\/wp\/v2\/categories?post=343658"},{"taxonomy":"post_tag","embeddable":true,"href":"https:\/\/dimensionturistica.com\/es\/wp-json\/wp\/v2\/tags?post=343658"}],"curies":[{"name":"wp","href":"https:\/\/api.w.org\/{rel}","templated":true}]}}