{"id":343602,"date":"2022-07-01T19:04:20","date_gmt":"2022-07-01T19:04:20","guid":{"rendered":"https:\/\/dimensionturistica.com\/es\/?p=343602"},"modified":"2022-07-01T19:04:21","modified_gmt":"2022-07-01T19:04:21","slug":"asi-sera-la-novena-version-del-restaurant-tour-by-alimentarte","status":"publish","type":"post","link":"https:\/\/dimensionturistica.com\/es\/asi-sera-la-novena-version-del-restaurant-tour-by-alimentarte\/","title":{"rendered":"As\u00ed ser\u00e1 la novena versi\u00f3n del Restaurant Tour by Alimentarte"},"content":{"rendered":"<p> <br \/>\n<\/p>\n<div id=\"\">\n<p class=\"section sp-8\">Del 11 al 15 de julio, 7 Estrellas Michelin, 12 cooks del listado 50 Finest Latam, Asia y Mundo, 2 cocineros pertenecientes a la lista Finest Cooks Awards, 6 Soles repsol y la mejor chef del mundo seg\u00fan la lista de los <i>50 greatest en 2019<\/i> conformar\u00e1n la n\u00f3mina que protagonizar\u00e1n los men\u00fas dise\u00f1ados a cuatro manos junto a los cooks de los restaurantes anfitriones en Colombia en esta novena edici\u00f3n del Davivienda Tour by Alimentarte.<\/p>\n<p class=\"section sp-8\">Cooks provenientes de 8 pa\u00edses visitar\u00e1n 6 ciudades de C<a target=\"_blank\" href=\"https:\/\/www.semana.com\/vida-moderna\/articulo\/asi-sera-la-octava-version-del-restaurant-tour-en-colombia\/202128\/\" rel=\"noopener\">olombia con sus t\u00e9cnicas y sabores provenientes de Per\u00fa, Espa\u00f1a, Argentina, M\u00e9xico, Venezuela, Italia, Turqu\u00eda, Estados Unidos y Hong Kong. <\/a><\/p>\n<p class=\"section sp-8\">Adem\u00e1s, las cenas contar\u00e1n con la participaci\u00f3n de los j\u00f3venes talentos nacionales que est\u00e1n marcando la tendencia gastron\u00f3mica del pa\u00eds como cooks invitados especiales a las cenas, provenientes de Bogot\u00e1, Pasto, Barichara y Mocoa.<\/p>\n<p class=\"section sp-8\">La Fundaci\u00f3n Coraz\u00f3n Verde asegur\u00f3 que, para este a\u00f1o, los ingredientes provenientes de la regi\u00f3n amaz\u00f3nica colombiana que conservan el bosque, la biodiversidad y promueven medios de vida sostenibles a comunidades locales se tomar\u00e1n las recetas de los cooks.<\/p>\n<p class=\"section sp-8\">Para ello la Fundaci\u00f3n mantiene su alianza con la Agencia de Estados Unidos para el Desarrollo Internacional (USAID) y el programa Amazon\u00eda Very important para continuar con Alimentarte Biodiverso, una propuesta gastron\u00f3mica que tiene como eje la conservaci\u00f3n de nuestros recursos y su inclusi\u00f3n en el ecosistema gastron\u00f3mico.<\/p>\n<div class=\"section sp-10 mb-24\"><picture class=\"container-picture\"><source srcset=\"https:\/\/www.semana.com\/resizer\/AU8Hp4bxEKo1nosnXw_UX-qUbGE=\/370x208\/filters:format(jpg):quality(50)\/cloudfront-us-east-1.images.arcpublishing.com\/semana\/2WFYW2ZS5NBH5ACXIT4OCE7IJQ.jpg\" media=\"(max-width: 370px)\"\/><source srcset=\"https:\/\/www.semana.com\/resizer\/fxYMqKgnkR8BoDtzrbJv8YaUKyY=\/768x432\/filters:format(jpg):quality(50)\/cloudfront-us-east-1.images.arcpublishing.com\/semana\/2WFYW2ZS5NBH5ACXIT4OCE7IJQ.jpg\" media=\"(max-width: 768px)\"\/><source srcset=\"https:\/\/www.semana.com\/resizer\/ROPP83m-fJ7e5ks7L1-9FNOL5Nw=\/960x540\/filters:format(jpg):quality(50)\/cloudfront-us-east-1.images.arcpublishing.com\/semana\/2WFYW2ZS5NBH5ACXIT4OCE7IJQ.jpg\" media=\"(max-width: 960px)\"\/><source srcset=\"https:\/\/www.semana.com\/resizer\/ROPP83m-fJ7e5ks7L1-9FNOL5Nw=\/960x540\/filters:format(jpg):quality(50)\/cloudfront-us-east-1.images.arcpublishing.com\/semana\/2WFYW2ZS5NBH5ACXIT4OCE7IJQ.jpg\" media=\"(max-width: 1200px)\"\/><img decoding=\"async\" aria-label=\"Restaurant Tour Aimentarte\" alt=\"Restaurant Tour Aimentarte\" class=\"img-responsive\" type=\"image\/jpg\" src=\"https:\/\/www.semana.com\/resizer\/e_uWsDhePila9kjnfNKxX3gMjPA=\/1200x675\/filters:format(jpg):quality(50)\/\/cloudfront-us-east-1.images.arcpublishing.com\/semana\/2WFYW2ZS5NBH5ACXIT4OCE7IJQ.jpg\" height=\"1667\" width=\"2500\"\/><figcaption class=\"\">Restaurant Tour Aimentarte &#8211; <span>Foto: Cortes\u00eda Restaurant Tour Aimentarte<\/span><\/figcaption><\/picture><\/div>\n<p class=\"section sp-8\">Adem\u00e1s, los fondos recaudados estar\u00e1n destinados a los programas de inversi\u00f3n social de la Fundaci\u00f3n Coraz\u00f3n Verde a beneficio de los polic\u00edas y familias v\u00edctimas de la violencia y el conflicto armado.<\/p>\n<p class=\"section sp-8\">En su novena edici\u00f3n, el Davivienda Restaurant Tour by Alimentarte llegar\u00e1 a los comensales con un men\u00fa de cinco pasos y maridado, el cual ha sido dise\u00f1ado en colaboraci\u00f3n entre el chef native, el chef internacional y los nuevos talentos invitados, entre 30 cooks nacionales y 20 reconocidos cooks internacionales invitados de manera presencial.<\/p>\n<p class=\"section sp-8\">\u201cEl resultado ser\u00e1 una experiencia gastron\u00f3mica \u00fanica mundial que podr\u00e1 disfrutarse en los mejores restaurantes del pa\u00eds que se han vinculado a Davivienda Restaurant Tour en su novena edici\u00f3n\u201d, explican sus organizadores.<\/p>\n<p class=\"section sp-8\">El valor de las cenas por persona est\u00e1 entre 250 mil y 300 mil pesos e incluyen maridaje en Bogot\u00e1 ,y entre 200 y 250 mil pesos en las otras ciudades. Los clientes de <a target=\"_blank\" href=\"https:\/\/www.semana.com\/manu-la-chef-brasilera\/32881\/\" rel=\"noopener\">Davivienda podr\u00e1n comprar con un 15 % de descuento las entradas, las cuales estar\u00e1n disponibles para todo el p\u00fablico a trav\u00e9s de atrapalo.com.co.<\/a><\/p>\n<p class=\"section sp-8\">Estos son algunos de los cooks invitados:<\/p>\n<p class=\"section sp-8\">Martina Puigvert (Espa\u00f1a)<\/p>\n<p class=\"section sp-8\">\u2981\t2 estrellas Michelin<\/p>\n<p class=\"section sp-8\">\u2981\t3 Soles Gu\u00eda Repsol<\/p>\n<p class=\"section sp-8\">\u2981\tReconocimiento EROSKI &#8211; Basque Culinay Middle 2021<\/p>\n<p class=\"section sp-8\">Graduada en Gastronomi\u0301a y Artes Culinarias del Basque Culinary Middle, cuenta que su vocacio\u0301n \u201cse ha visto favorecida por el entorno familiar donde he crecido\u201d (sus padres, Fina Puigdevall y Manel Puigvert, son los due\u00f1os de Les Cols). En 2016, asumio\u0301 el cargo de jefa de cocina en el restaurante Les Cols, galardonado con 2 estrellas Michelin, trabajando conjuntamente con Fina Puigdevall para dar continuidad al proyecto iniciado en 1990.<\/p>\n<p class=\"section sp-8\">Virgilo Martinez (Per\u00fa)<\/p>\n<p class=\"section sp-8\">\u2981\tN\u00b04 The World\u2019s 50 Finest 2021.<\/p>\n<p class=\"section sp-8\">\u2981\tN\u00b01 Latin America\u2019s 50 Finest 2021.<\/p>\n<p class=\"section sp-8\">Propietario y chef del restaurante Central en Lima, el cual est\u00e1 catalogado como uno de los mejores restaurantes de Latinoam\u00e9rica y el mundo. En 2021 Central ocup\u00f3 el puesto N\u00b0 1 de Latinoam\u00e9rica y el N\u00b0 4 del mundo en la lista 50 Finest Eating places. Su propuesta gastron\u00f3mica muestra la biodiversidad de Per\u00fa.<\/p>\n<p class=\"section sp-8\">Daniela Soto-Innes (M\u00e9xico)<\/p>\n<p class=\"section sp-8\">\u2981\tMejor Chef del Mundo &#8211; The World\u2019s 50 Finest Eating places 2019<\/p>\n<p class=\"section sp-8\">Una de las cocineras m\u00e1s destacadas a nivel mundial, reconocimiento que adem\u00e1s se ratific\u00f3 en 2019 cuando fue galardonada como la Mejor Chef del Mundo por The World\u2019s 50 Finest Eating places. Daniela estuvo al frente de Cosme, el famoso restaurante del Chef Enrique Olvera. Su \u00e9xito se ha destacado por posicionar los sabores tradicionales mexicanos en otros pa\u00edses fuera de M\u00e9xico.<\/p>\n<div class=\"section sp-10 mb-24\"><picture class=\"container-picture\"><source srcset=\"https:\/\/www.semana.com\/resizer\/WPvVoNRwyscl5dGtMt24cDyd_Tg=\/370x208\/filters:format(jpg):quality(50)\/cloudfront-us-east-1.images.arcpublishing.com\/semana\/CBYOENGLKJDI5BEO2ZHNWNSAHQ.jpg\" media=\"(max-width: 370px)\"\/><source srcset=\"https:\/\/www.semana.com\/resizer\/DORbCnhuOX-9RvI07foVHmn60ig=\/768x432\/filters:format(jpg):quality(50)\/cloudfront-us-east-1.images.arcpublishing.com\/semana\/CBYOENGLKJDI5BEO2ZHNWNSAHQ.jpg\" media=\"(max-width: 768px)\"\/><source srcset=\"https:\/\/www.semana.com\/resizer\/RvYyRSI03RUiwUeDYqFASoz8vvQ=\/960x540\/filters:format(jpg):quality(50)\/cloudfront-us-east-1.images.arcpublishing.com\/semana\/CBYOENGLKJDI5BEO2ZHNWNSAHQ.jpg\" media=\"(max-width: 960px)\"\/><source srcset=\"https:\/\/www.semana.com\/resizer\/RvYyRSI03RUiwUeDYqFASoz8vvQ=\/960x540\/filters:format(jpg):quality(50)\/cloudfront-us-east-1.images.arcpublishing.com\/semana\/CBYOENGLKJDI5BEO2ZHNWNSAHQ.jpg\" media=\"(max-width: 1200px)\"\/><img decoding=\"async\" aria-label=\"Restaurant Tour Aimentarte\" alt=\"Restaurant Tour Aimentarte\" class=\"img-responsive\" type=\"image\/jpg\" src=\"https:\/\/www.semana.com\/resizer\/o-IixdZqqkcqT5FcBnLDEEC0NUE=\/1200x675\/filters:format(jpg):quality(50)\/\/cloudfront-us-east-1.images.arcpublishing.com\/semana\/CBYOENGLKJDI5BEO2ZHNWNSAHQ.jpg\" height=\"4000\" width=\"6000\"\/><figcaption class=\"\">Restaurant Tour Aimentarte &#8211; <span>Foto: Cortes\u00eda Restaurant Tour Aimentarte<\/span><\/figcaption><\/picture><\/div>\n<p class=\"section sp-8\">Maksut Askar (Turqu\u00eda)<\/p>\n<p class=\"section sp-8\">\u2981\tSe encuentra entre los candidatos que ingresan entre los 100 mejores en The Finest Chef Awards.<\/p>\n<p class=\"section sp-8\">\u2981\tSu restaurante Neolokal figura en la lista de los 50 greatest Discovery.<\/p>\n<p class=\"section sp-8\">Chef del restaurante Neolokal y uno de los representantes m\u00e1s emblem\u00e1ticos de la nueva cocina turca, su restaurante est\u00e1 ubicado en el Museo Salt Galata de Estambul y promete una comida genuina basada en el producto, pero inspirada y dise\u00f1ada a partir de la tradici\u00f3n. <a target=\"_blank\" href=\"https:\/\/www.semana.com\/vida-moderna\/articulo\/sneider-molina-es-hora-de-hacer-tributo-a-los-sabores-unicos-de-la-cocina-ancestral-colombiana\/202214\/\" rel=\"noopener\">Neolokal es el restaurante recomendado de los chefs Michel\u00edn si viajas a Estambul; a\u00fan no hay Gu\u00eda Michelin en este pa\u00eds pero este restaurante y su chef es el denominado a obtener estrella si hubiese lista (inicia en octubre del 2022). <\/a>Adem\u00e1s, Neolokal figura en la lista de los 50 greatest Discovery.<\/p>\n<\/div>\n<p><script type=\"text\/javascript\">!function(f,b,e,v,n,t,s)\n    {if(f.fbq)return;n=f.fbq=function(){n.callMethod?\n    n.callMethod.apply(n,arguments):n.queue.push(arguments)};\n    if(!f._fbq)f._fbq=n;n.push=n;n.loaded=!0;n.version='2.0';\n    n.queue=[];t=b.createElement(e);t.async=!0;\n    t.src=v;s=b.getElementsByTagName(e)[0];\n    s.parentNode.insertBefore(t,s)}(window, document,'script',\n    'https:\/\/connect.facebook.net\/en_US\/fbevents.js');\n    fbq('init', '2212776525671673');<\/script><br \/>\n<br \/><\/p>\n<p><em> \u2018 The preceding article may include information circulated by third parties \u2019 <\/em><\/p>\n<p><em> \u2018 Some details of this article were extracted from the following source www.semana.com \u2019 <\/em><\/p>\n","protected":false},"excerpt":{"rendered":"<p>Del 11 al 15 de julio, 7 Estrellas Michelin, 12 cooks del listado 50 Finest Latam, Asia y Mundo, 2 cocineros pertenecientes a la lista Finest Cooks Awards, 6 Soles repsol y la mejor chef del mundo seg\u00fan la lista de los 50 greatest en 2019 conformar\u00e1n la n\u00f3mina que protagonizar\u00e1n los men\u00fas dise\u00f1ados a [&hellip;]<\/p>\n","protected":false},"author":2,"featured_media":343603,"comment_status":"open","ping_status":"closed","sticky":false,"template":"","format":"standard","meta":{"om_disable_all_campaigns":false,"jnews-multi-image_gallery":[],"jnews_single_post":[],"jnews_primary_category":[],"jnews_social_meta":[],"footnotes":""},"categories":[43],"tags":[],"class_list":["post-343602","post","type-post","status-publish","format-standard","has-post-thumbnail","hentry","category-gourmet"],"_links":{"self":[{"href":"https:\/\/dimensionturistica.com\/es\/wp-json\/wp\/v2\/posts\/343602","targetHints":{"allow":["GET"]}}],"collection":[{"href":"https:\/\/dimensionturistica.com\/es\/wp-json\/wp\/v2\/posts"}],"about":[{"href":"https:\/\/dimensionturistica.com\/es\/wp-json\/wp\/v2\/types\/post"}],"author":[{"embeddable":true,"href":"https:\/\/dimensionturistica.com\/es\/wp-json\/wp\/v2\/users\/2"}],"replies":[{"embeddable":true,"href":"https:\/\/dimensionturistica.com\/es\/wp-json\/wp\/v2\/comments?post=343602"}],"version-history":[{"count":0,"href":"https:\/\/dimensionturistica.com\/es\/wp-json\/wp\/v2\/posts\/343602\/revisions"}],"wp:featuredmedia":[{"embeddable":true,"href":"https:\/\/dimensionturistica.com\/es\/wp-json\/wp\/v2\/media\/343603"}],"wp:attachment":[{"href":"https:\/\/dimensionturistica.com\/es\/wp-json\/wp\/v2\/media?parent=343602"}],"wp:term":[{"taxonomy":"category","embeddable":true,"href":"https:\/\/dimensionturistica.com\/es\/wp-json\/wp\/v2\/categories?post=343602"},{"taxonomy":"post_tag","embeddable":true,"href":"https:\/\/dimensionturistica.com\/es\/wp-json\/wp\/v2\/tags?post=343602"}],"curies":[{"name":"wp","href":"https:\/\/api.w.org\/{rel}","templated":true}]}}