{"id":343566,"date":"2022-07-01T18:30:01","date_gmt":"2022-07-01T18:30:01","guid":{"rendered":"https:\/\/dimensionturistica.com\/es\/?p=343566"},"modified":"2022-07-01T18:30:01","modified_gmt":"2022-07-01T18:30:01","slug":"libreria-el-crucero-de-revilla-representante-camarguesa-entre-las-dieciseis-librerias-participantes-en-la-feria-del-libro-de-santander-y-cantabria","status":"publish","type":"post","link":"https:\/\/dimensionturistica.com\/es\/libreria-el-crucero-de-revilla-representante-camarguesa-entre-las-dieciseis-librerias-participantes-en-la-feria-del-libro-de-santander-y-cantabria\/","title":{"rendered":"Librer\u00eda El-Crucero de Revilla, representante camarguesa entre las diecis\u00e9is librer\u00edas participantes en la &#8216;Feria del Libro de Santander y Cantabria&#8217;"},"content":{"rendered":"<p> <br \/>\n<\/p>\n<div>\n<p><span style=\"font-size: 12pt;\">Diecis\u00e9is librer\u00edas y el Gremio de Libreros de Cantabria (entre ellas &#8216;el Crucero&#8217;, de Revilla de Camargo) acercan a lectores\u00a0<\/span><span style=\"font-size: 12pt;\">y lectoras en la Plaza Porticada de Santander desde este viernes 1 al 10 de julio, y con importantes descuentos, sus propuestas literarias en &#8216;Felisa 2022&#8217;, la 41\u00ba edici\u00f3n de la Feria del Libro de Santander y Cantabria, que ha abierto sus puertas.<\/span><\/p>\n<p><span style=\"font-size: 12pt;\">Este a\u00f1o, participan diecis\u00e9is librer\u00edas de toda la regi\u00f3n, junto al\u00a0<\/span><span style=\"font-size: 12pt;\">Gremio de Editores de Cantabria, distribuidas en las casetas ubicadas en\u00a0<\/span><span style=\"font-size: 12pt;\">la Plaza Porticada de Santander, en una Feria que aspira a ser una\u00a0<\/span><span style=\"font-size: 12pt;\">referencia en todo el norte. &#8216;Felisa&#8217; est\u00e1 organizada por Librer\u00edas\u00a0<\/span><span style=\"font-size: 12pt;\">Asociadas de Cantabria (LAC) con el apoyo de la Concejal\u00eda de Cultura\u00a0<\/span><span style=\"font-size: 12pt;\">del Ayuntamiento de Santander y la Consejer\u00eda de Universidades,\u00a0<\/span><span style=\"font-size: 12pt;\">Igualdad, Cultura y Deportes del Gobierno de Cantabria.<\/span><\/p>\n<p><span style=\"font-size: 12pt;\"> Para la inauguraci\u00f3n de este viernes 1 de julio, Felisa 2022 ha contado con\u00a0<\/span><span style=\"font-size: 12pt;\">una de las escritoras en espa\u00f1ol m\u00e1s importantes de las \u00faltimas d\u00e9cadas:\u00a0<\/span><span style=\"font-size: 12pt;\">la colombiana Laura Restrepo. <\/span><\/p>\n<p><span style=\"font-size: 12pt;\">Adem\u00e1s, la gran novedad de la Feria del Libro esta edici\u00f3n es la inclusi\u00f3n de una jornada nocturna, consistente en espect\u00e1culos musicales y art\u00edsticos relacionados con el mundo de la literatura. <\/span><\/p>\n<p><span style=\"font-size: 12pt;\">Este viernes en concreto, podremos disfrutar de Verso a Verso, un recital po\u00e9tico de la actriz Charo L\u00f3pez y el bar\u00edtono Luis Santana, acompa\u00f1ados al piano del maestro Jos\u00e9 Mar\u00eda Berdejo.<\/span><\/p>\n<p><span style=\"font-size: 12pt;\"> El primer encuentro de Felisa 2022, con Laura Restrepo, nos acerca a\u00a0<\/span><span style=\"font-size: 12pt;\">una de las escritoras contempor\u00e1neas m\u00e1s destacadas de Colombia y de\u00a0<\/span><span style=\"font-size: 12pt;\">Am\u00e9rica Latina. Su obra, fruto de la conjunci\u00f3n de lecturas, militancia\u00a0<\/span><span style=\"font-size: 12pt;\">pol\u00edtica y periodismo, busca reflejar la problem\u00e1tica situaci\u00f3n por la\u00a0<\/span><span style=\"font-size: 12pt;\">que atraviesa su pa\u00eds, que Restrepo ha vivido en sus propias carnes, ya<\/span><br \/><span style=\"font-size: 12pt;\"> que tuvo que exiliarse de Colombia tras haber participado en las\u00a0<\/span><span style=\"font-size: 12pt;\">negociaciones de paz con la guerrilla del M-19. <\/span><\/p>\n<p><span style=\"font-size: 12pt;\">Llega a la apertura oficial de la feria con su \u00faltima novela, Canci\u00f3n de antiguos amantes, a\u00fan oliendo a imprenta. Estaba previsto que hoy tambi\u00e9n interviniera el \u00faltimo Premio Comillas, Miguel Dalmau, pero urgencias m\u00e9dicas de \u00faltima<\/span><br \/><span style=\"font-size: 12pt;\"> hora lo han impedido.<em> \u201cPara m\u00ed es triste no poder asistir a Felisa, que\u00a0<\/em><\/span><em><span style=\"font-size: 12pt;\">hab\u00eda cuidado hasta el \u00faltimo detalle para la presentaci\u00f3n de Pasolini,\u00a0<\/span><\/em><span style=\"font-size: 12pt;\"><em>el \u00faltimo profeta\u201d,<\/em> ha escrito Miguel Dalmau.<\/span><\/p>\n<p><span style=\"font-size: 12pt;\"> La franja horaria nocturna, una de las novedades de esta 41\u00aa edici\u00f3n de\u00a0<\/span><span style=\"font-size: 12pt;\">la Feria del Libro de Santander y Cantabria, tiene como objetivo ofrecer\u00a0<\/span><span style=\"font-size: 12pt;\">otra perspectiva del mundo de la literatura, m\u00e1s festiva y cercana a las\u00a0<\/span><span style=\"font-size: 12pt;\">artes esc\u00e9nicas. <\/span><\/p>\n<p><span style=\"font-size: 12pt;\">Para ello, este viernes 1 de julio hay programado, a las 21.30 en la misma Plaza Porticada, un recital de la actriz Charo L\u00f3pez, ganadora de un Goya, y el bar\u00edtono Luis Santana, que estar\u00e1n acompa\u00f1ados al piano por el maestro Jos\u00e9 Mar\u00eda Berdejo. Su espect\u00e1culo Verso a Verso transita por la poes\u00eda de Lorca, Machado, Miguel Hern\u00e1ndez o Santa Teresa de Jes\u00fas, para reconstruir nuestro pasado, presente y futuro y salvarnos del olvido.<\/span><\/p>\n<p><span style=\"font-size: 12pt;\"> <\/p>\n<div class=\"custom\">\n<div class=\"gkLegend3\">\n<h4 style=\"text-align: justify;\"><span style=\"font-size: 10pt;\">\u00a1ATENCION!<\/span><\/h4>\n<p style=\"text-align: justify;\"><span style=\"font-size: 10pt;\">Aviso authorized. Todos los derechos de propiedad intelectual e industrial reservados. Est\u00e1 expresamente prohibida la redistribuci\u00f3n y redifusi\u00f3n de todo o parte de los contenidos informativos publicados en esta WEB por Radio Camargo, sin previo y expreso consentimiento del titular.<\/span><\/p>\n<\/div>\n<\/div>\n<p><\/span><\/p>\n<\/p><\/div>\n<p><script type=\"text\/javascript\">                                                         window.addEvent('load', function(){\n\t\t\t\t\t\t\t\t      (function(){\n\t\t\t\t\t\t\t\t                  if(document.id('fb-auth') == null) {\n\t\t\t\t\t\t\t\t                  var root = document.createElement('div');\n\t\t\t\t\t\t\t\t                  root.id = 'fb-root';\n\t\t\t\t\t\t\t\t                  $$('.itemFacebookButton')[0].appendChild(root);\n\t\t\t\t\t\t\t\t                  (function(d, s, id) {\n\t\t\t\t\t\t\t\t                    var js, fjs = d.getElementsByTagName(s)[0];\n\t\t\t\t\t\t\t\t                    if (d.getElementById(id)) {return;}\n\t\t\t\t\t\t\t\t                    js = d.createElement(s); js.id = id;\n\t\t\t\t\t\t\t\t                    js.src = \"\/\/connect.facebook.net\/en_US\/all.js#xfbml=1\";\n\t\t\t\t\t\t\t\t                    fjs.parentNode.insertBefore(js, fjs);\n\t\t\t\t\t\t\t\t                  }(document, 'script', 'facebook-jssdk')); \n\t\t\t\t\t\t\t\t              }\n\t\t\t\t\t\t\t\t      }());\n\t\t\t\t\t\t\t\t  });\n\t\t\t\t\t\t\t\t<\/script><script type=\"text\/javascript\">\n\/\/<![CDATA[\n   \twindow.fbAsyncInit = function() {\n\t\tFB.init({ appId: '', \n\t\t\tstatus: true, \n\t\t\tcookie: true,\n\t\t\txfbml: true,\n\t\t\toauth: true\n\t\t});\n   \t\t    \n\t  \t\t};\n    \/\/      \n   window.addEvent('load', function(){\n        (function(){\n                if(!document.getElementById('fb-root')) {\n                     var root = document.createElement('div');\n                     root.id = 'fb-root';\n                     document.getElementById('gkfb-root').appendChild(root);\n                     var e = document.createElement('script');\n                 e.src = document.location.protocol + '\/\/connect.facebook.net\/es_ES\/all.js';\n                     e.async = true;\n                 document.getElementById('fb-root').appendChild(e);   \n                }\n        }());\n    }); \n    \/\/]]>\n<\/script><br \/>\n<br \/><\/p>\n<p><em> &#8221; Fuentes www.radiocamargo.es &#8221; <\/em><\/p>\n","protected":false},"excerpt":{"rendered":"<p>Diecis\u00e9is librer\u00edas y el Gremio de Libreros de Cantabria (entre ellas &#8216;el Crucero&#8217;, de Revilla de Camargo) acercan a lectores\u00a0y lectoras en la Plaza Porticada de Santander desde este viernes 1 al 10 de julio, y con importantes descuentos, sus propuestas literarias en &#8216;Felisa 2022&#8217;, la 41\u00ba edici\u00f3n de la Feria del Libro de Santander [&hellip;]<\/p>\n","protected":false},"author":4,"featured_media":0,"comment_status":"open","ping_status":"closed","sticky":false,"template":"","format":"standard","meta":{"om_disable_all_campaigns":false,"jnews-multi-image_gallery":[],"jnews_single_post":[],"jnews_primary_category":[],"jnews_social_meta":[],"footnotes":""},"categories":[41],"tags":[14382,48564],"class_list":["post-343566","post","type-post","status-publish","format-standard","hentry","category-cruceros","tag-el-crucero","tag-libreria-el-crucero"],"_links":{"self":[{"href":"https:\/\/dimensionturistica.com\/es\/wp-json\/wp\/v2\/posts\/343566","targetHints":{"allow":["GET"]}}],"collection":[{"href":"https:\/\/dimensionturistica.com\/es\/wp-json\/wp\/v2\/posts"}],"about":[{"href":"https:\/\/dimensionturistica.com\/es\/wp-json\/wp\/v2\/types\/post"}],"author":[{"embeddable":true,"href":"https:\/\/dimensionturistica.com\/es\/wp-json\/wp\/v2\/users\/4"}],"replies":[{"embeddable":true,"href":"https:\/\/dimensionturistica.com\/es\/wp-json\/wp\/v2\/comments?post=343566"}],"version-history":[{"count":0,"href":"https:\/\/dimensionturistica.com\/es\/wp-json\/wp\/v2\/posts\/343566\/revisions"}],"wp:attachment":[{"href":"https:\/\/dimensionturistica.com\/es\/wp-json\/wp\/v2\/media?parent=343566"}],"wp:term":[{"taxonomy":"category","embeddable":true,"href":"https:\/\/dimensionturistica.com\/es\/wp-json\/wp\/v2\/categories?post=343566"},{"taxonomy":"post_tag","embeddable":true,"href":"https:\/\/dimensionturistica.com\/es\/wp-json\/wp\/v2\/tags?post=343566"}],"curies":[{"name":"wp","href":"https:\/\/api.w.org\/{rel}","templated":true}]}}