{"id":343453,"date":"2022-07-01T16:38:53","date_gmt":"2022-07-01T16:38:53","guid":{"rendered":"https:\/\/dimensionturistica.com\/es\/?p=343453"},"modified":"2022-07-01T16:38:53","modified_gmt":"2022-07-01T16:38:53","slug":"sensitur-pro-la-palma-turismo-mas-sostenible-para-superar-la-crisis-volcanica","status":"publish","type":"post","link":"https:\/\/dimensionturistica.com\/es\/sensitur-pro-la-palma-turismo-mas-sostenible-para-superar-la-crisis-volcanica\/","title":{"rendered":"Sensitur PRO La Palma: Turismo m\u00e1s sostenible para superar la crisis volc\u00e1nica"},"content":{"rendered":"<p> <br \/>\n<\/p>\n<div>\n<p>Las jornadas de sensibilizaci\u00f3n tur\u00edstica y medioambiental dirigidas a empresarios y profesionales del sector vuelve con m\u00e1s fuerza que nunca. <strong>Sensitur PRO La Palma 2022<\/strong> se celebrar\u00e1 el <strong>jueves 30 de junio de 2022 de 9:00 a 15:00 horas<\/strong> en el Parador de La Palma (Bre\u00f1a Baja), en las Islas Canarias. Bajo el lema \u201cEl reto de reconstruir un destino con futuro\u201d, proponen crear una conciencia medioambiental en los futuros modelos de las industrias tur\u00edsticas. El evento se llevar\u00e1 a cabo de forma presencial y videostreaming. <\/p>\n<p>Sensitur PRO La Palma 2022, aspira a impulsar los modelos sostenibles en el sector tur\u00edstico y fomentar la econom\u00eda round dentro de toda la cadena de valor. Esta jornada aparece en un momento clave, pues el issue medioambiental se ha convertido en un punto imprescindible a tener en cuenta en la industria tur\u00edstica y, por ello, somos conscientes de la importancia de analizar, debatir, aportar herramientas y reflexionar sobre el futuro modelo del sector tur\u00edstico en materia de sostenibilidad, conciencia y humanizaci\u00f3n. <\/p>\n<p>Esta <strong>jornada de sensibilizaci\u00f3n tur\u00edstica y medioambiental<\/strong> contar\u00e1 con cinco apasionantes paneles de debate, tres interesantes ponencias y cinco desaf\u00edos entre los que se encuentran la aplicaci\u00f3n directa de los ODS en las empresas y en el destino tur\u00edstico que impliquen a toda la cadena de valor; concretar acciones en la implementaci\u00f3n de la econom\u00eda round; el tratamiento de residuos y reciclaje integral dentro del destino tur\u00edstico; la reconstrucci\u00f3n de un destino tras una disaster volc\u00e1nica, y, por \u00faltimo, la comunicaci\u00f3n inter-direccional sostenible, sensibilizaci\u00f3n, promoci\u00f3n y educaci\u00f3n medioambiental.<\/p>\n<p>Conocemos la situaci\u00f3n devastadora que sufri\u00f3 la isla de La Palma el pasado 19 de septiembre de 2021. Por ello, queremos ayudar en el resurgir tur\u00edstico del destino, fomentando el turismo responsable, resaltando la econom\u00eda round y la sostenibilidad como factores clave en la recuperaci\u00f3n tur\u00edstica. Es evidente que es el momento de unirnos con una isla en plena reactivaci\u00f3n tur\u00edstica y econ\u00f3mica, por lo que lanzamos un sentimiento esperanzador a la conocida Isla Bonita para que desde cualquier rinc\u00f3n del planeta brille m\u00e1s que nunca.<\/p>\n<p>Sensitur PRO La Palma 2022 ofrece la posibilidad de acudir al evento de forma presencial o por videostreaming de forma gratuita. La primera opci\u00f3n va destinada a toda aquella persona o entidad vinculada directa o indirectamente con el turismo que quiera poner su granito de enviornment en la recuperaci\u00f3n del motor econ\u00f3mico de la Isla. Por otro lado, la jornada gratuita por videostreaming est\u00e1 dirigida a los amantes del turismo sostenible y los denominados eco journey &amp; sluggish journey lovers que quieran descubrir de primera mano las extraordinarias experiencias que puede vivir un viajero al visitar la Isla de La Palma.<\/p>\n<p>Sensitur PRO La Palma 2022 est\u00e1 creado y organizado por Futurcan Advertising and marketing &amp; Eventos, cuenta con el apoyo de prestigiosas entidades como la Consejer\u00eda de Turismo, Industria y Comercio del Gobierno de Canarias, Promotur Turismo de Canarias y Fondo Europeo de Desarrollo Regional (FEDER). A su vez, con la colaboraci\u00f3n del Ayuntamiento de Bre\u00f1a Baja como municipio anfitri\u00f3n, y el Cabildo Insular de La Palma, entre otros.<\/p>\n<p>Puedes inscribirte de forma gratuita para disfrutar de esta jornada en https:\/\/sensitur.com\/sensitur-pro-la-palma<\/p>\n<\/p><\/div>\n\n<p><em> &#8221; Fuentes www.hosteltur.com &#8221; <\/em><\/p>\n","protected":false},"excerpt":{"rendered":"<p>Las jornadas de sensibilizaci\u00f3n tur\u00edstica y medioambiental dirigidas a empresarios y profesionales del sector vuelve con m\u00e1s fuerza que nunca. Sensitur PRO La Palma 2022 se celebrar\u00e1 el jueves 30 de junio de 2022 de 9:00 a 15:00 horas en el Parador de La Palma (Bre\u00f1a Baja), en las Islas Canarias. Bajo el lema \u201cEl [&hellip;]<\/p>\n","protected":false},"author":4,"featured_media":334568,"comment_status":"open","ping_status":"closed","sticky":false,"template":"","format":"standard","meta":{"om_disable_all_campaigns":false,"jnews-multi-image_gallery":[],"jnews_single_post":[],"jnews_primary_category":[],"jnews_social_meta":[],"footnotes":""},"categories":[40],"tags":[715],"class_list":["post-343453","post","type-post","status-publish","format-standard","has-post-thumbnail","hentry","category-industria","tag-economia"],"_links":{"self":[{"href":"https:\/\/dimensionturistica.com\/es\/wp-json\/wp\/v2\/posts\/343453","targetHints":{"allow":["GET"]}}],"collection":[{"href":"https:\/\/dimensionturistica.com\/es\/wp-json\/wp\/v2\/posts"}],"about":[{"href":"https:\/\/dimensionturistica.com\/es\/wp-json\/wp\/v2\/types\/post"}],"author":[{"embeddable":true,"href":"https:\/\/dimensionturistica.com\/es\/wp-json\/wp\/v2\/users\/4"}],"replies":[{"embeddable":true,"href":"https:\/\/dimensionturistica.com\/es\/wp-json\/wp\/v2\/comments?post=343453"}],"version-history":[{"count":0,"href":"https:\/\/dimensionturistica.com\/es\/wp-json\/wp\/v2\/posts\/343453\/revisions"}],"wp:featuredmedia":[{"embeddable":true,"href":"https:\/\/dimensionturistica.com\/es\/wp-json\/wp\/v2\/media\/334568"}],"wp:attachment":[{"href":"https:\/\/dimensionturistica.com\/es\/wp-json\/wp\/v2\/media?parent=343453"}],"wp:term":[{"taxonomy":"category","embeddable":true,"href":"https:\/\/dimensionturistica.com\/es\/wp-json\/wp\/v2\/categories?post=343453"},{"taxonomy":"post_tag","embeddable":true,"href":"https:\/\/dimensionturistica.com\/es\/wp-json\/wp\/v2\/tags?post=343453"}],"curies":[{"name":"wp","href":"https:\/\/api.w.org\/{rel}","templated":true}]}}