{"id":343433,"date":"2022-07-01T16:14:02","date_gmt":"2022-07-01T16:14:02","guid":{"rendered":"https:\/\/dimensionturistica.com\/es\/?p=343433"},"modified":"2022-07-01T16:14:02","modified_gmt":"2022-07-01T16:14:02","slug":"el-ceo-de-idilia-foods-xavi-pons-nuevo-presidente-de-autocontrol","status":"publish","type":"post","link":"https:\/\/dimensionturistica.com\/es\/el-ceo-de-idilia-foods-xavi-pons-nuevo-presidente-de-autocontrol\/","title":{"rendered":"El CEO de Idilia Foods, Xavi Pons, nuevo presidente de Autocontrol"},"content":{"rendered":"<p> <br \/>\n<\/p>\n<div id=\"wrappernewcontent\">\n<div>\n<p>La Asociaci\u00f3n para la Autorregulaci\u00f3n de la Comunicaci\u00f3n Comercial en nuestro pa\u00eds ha decido que sea Xavi Pons, CEO de Idilia Meals, quien sustituye a Mar\u00eda Luisa Mart\u00ednez Gistau, directora de Comunicaci\u00f3n y Relaciones Internacionales de CaixaBank. El nuevo presidente, que cuenta con una amplia experiencia en el sector del gran consumo, ha manifestado que \u201ces un honor\u201d presidir esta instituci\u00f3n<\/p>\n<\/div>\n<\/div>\n\n<p><em> \u2018 The preceding article may include information circulated by third parties \u2019 <\/em><\/p>\n<p><em> \u2018 Some details of this article were extracted from the following source www.sweetpress.com \u2019 <\/em><\/p>\n","protected":false},"excerpt":{"rendered":"<p>La Asociaci\u00f3n para la Autorregulaci\u00f3n de la Comunicaci\u00f3n Comercial en nuestro pa\u00eds ha decido que sea Xavi Pons, CEO de Idilia Meals, quien sustituye a Mar\u00eda Luisa Mart\u00ednez Gistau, directora de Comunicaci\u00f3n y Relaciones Internacionales de CaixaBank. El nuevo presidente, que cuenta con una amplia experiencia en el sector del gran consumo, ha manifestado que [&hellip;]<\/p>\n","protected":false},"author":2,"featured_media":343434,"comment_status":"open","ping_status":"closed","sticky":false,"template":"","format":"standard","meta":{"om_disable_all_campaigns":false,"jnews-multi-image_gallery":[],"jnews_single_post":[],"jnews_primary_category":[],"jnews_social_meta":[],"footnotes":""},"categories":[43],"tags":[],"class_list":["post-343433","post","type-post","status-publish","format-standard","has-post-thumbnail","hentry","category-gourmet"],"_links":{"self":[{"href":"https:\/\/dimensionturistica.com\/es\/wp-json\/wp\/v2\/posts\/343433","targetHints":{"allow":["GET"]}}],"collection":[{"href":"https:\/\/dimensionturistica.com\/es\/wp-json\/wp\/v2\/posts"}],"about":[{"href":"https:\/\/dimensionturistica.com\/es\/wp-json\/wp\/v2\/types\/post"}],"author":[{"embeddable":true,"href":"https:\/\/dimensionturistica.com\/es\/wp-json\/wp\/v2\/users\/2"}],"replies":[{"embeddable":true,"href":"https:\/\/dimensionturistica.com\/es\/wp-json\/wp\/v2\/comments?post=343433"}],"version-history":[{"count":0,"href":"https:\/\/dimensionturistica.com\/es\/wp-json\/wp\/v2\/posts\/343433\/revisions"}],"wp:featuredmedia":[{"embeddable":true,"href":"https:\/\/dimensionturistica.com\/es\/wp-json\/wp\/v2\/media\/343434"}],"wp:attachment":[{"href":"https:\/\/dimensionturistica.com\/es\/wp-json\/wp\/v2\/media?parent=343433"}],"wp:term":[{"taxonomy":"category","embeddable":true,"href":"https:\/\/dimensionturistica.com\/es\/wp-json\/wp\/v2\/categories?post=343433"},{"taxonomy":"post_tag","embeddable":true,"href":"https:\/\/dimensionturistica.com\/es\/wp-json\/wp\/v2\/tags?post=343433"}],"curies":[{"name":"wp","href":"https:\/\/api.w.org\/{rel}","templated":true}]}}