{"id":343416,"date":"2022-07-01T15:45:20","date_gmt":"2022-07-01T15:45:20","guid":{"rendered":"https:\/\/dimensionturistica.com\/es\/?p=343416"},"modified":"2022-07-01T15:45:21","modified_gmt":"2022-07-01T15:45:21","slug":"diez-vuelos-baratos-desde-sevilla-para-viajar-en-el-mes-de-julio","status":"publish","type":"post","link":"https:\/\/dimensionturistica.com\/es\/diez-vuelos-baratos-desde-sevilla-para-viajar-en-el-mes-de-julio\/","title":{"rendered":"Diez vuelos baratos desde Sevilla para viajar en el mes de julio"},"content":{"rendered":"<p> <br \/>\n<\/p>\n<div id=\"\"><span class=\"data\"><\/p>\n<footer class=\"autores\"><span class=\"autor\"><a rel=\"nofollow noopener\" target=\"_blank\" class=\"nombre\" title=\"C.B.\">C.B.<\/a><span class=\"autor\" title=\"C.B.\" style=\"display: none;\"\/><\/span><\/footer>\n<p><span class=\"datos-articulo\"><span class=\"datos\"><span class=\"fecha\"><br \/>\n                  Actualizado:<time class=\"actualizado\" datetime=\"2022-07-01T12:30:04Z\">01\/07\/2022\u00a014:30h<\/time><\/span><\/span><a rel=\"nofollow noopener\" target=\"_blank\" title=\"Guardar el art\u00edculo\" class=\"guardar-articulo nibara-element-inview\" data-nibara-module=\"starred\" data-nibara-inview-mode=\"one\" data-btn=\"starred\" data-type=\"noticia\" data-id=\"8a102ea0-f84b-11ec-89e0-93ea7484950a\" data-voc-vtm-id=\"leerdespues\" data-voc-vtm-info=\"sticky\"><span class=\"icono leer-despues\"><svg viewbox=\"0 0 24 24\"><path d=\"M17,3H7A2,2 0 0,0 5,5V21L12,18L19,21V5C19,3.89 18.1,3 17,3Z\"\/><\/svg><\/span><br \/>\n   Guardar<br \/>\n <\/a><\/span><\/span><\/p>\n<aside class=\"modulo noticias-relacionadas\">\n<h4 class=\"titulo\">NOTICIAS RELACIONADAS<\/h4>\n<\/aside>\n<p>El mes de julio es propio para una escapada veraniega de fin de semana o de algunos d\u00edas m\u00e1s si se puede. Con las altas temperaturas apretando de lo lindo, es hora de buscar<strong> viajes econ\u00f3micos desde Sevilla<\/strong> en este mes de julio. \ufeff<\/p>\n<p>Como ya es routine, hemos utilizado el portal de                         <a rel=\"nofollow noopener\" target=\"_blank\" href=\"https:\/\/www.skyscanner.es\/\" data-voc-vtm-id=\"in-text-traffic\"><br \/>\n        &#8216;Skyscanner&#8217;<\/a> para encontrar muchas variables de viaje por menos de cien euros desde la capital de Andaluc\u00eda. <\/p>\n<h3 class=\"ladillo\">Volar desde Sevilla en julio a precios econ\u00f3micos<\/h3>\n<p>Teniendo en cuenta la relaci\u00f3n calidad precio del destino y lo que nos ofrece en estas fechas, la mejor opci\u00f3n que hemos encontrado es viajar a <strong>Menorca por menos de 100 euros<\/strong> ida y vuelta. Otros destinos insulares como Cerde\u00f1a o Mallorca tambi\u00e9n son factible a bajo coste.<\/p>\n<p>Los precios m\u00e1s bajos se localizan a puntos marroqu\u00edes como Tetu\u00e1n, Fez, Tanger o Agadir.<\/p>\n<aside class=\"roba-intercalado sin-fondo layer_inpage\"><span class=\"creatividad cmv_intext\" data-voc-vam=\"\" data-voc-vam-position=\"layer_inpage\" data-voc-vam-outofpage=\"true\" id=\"layer_inpage-id\"\/><\/aside>\n<p>Concretamente, hemos encontrado por menos de 40 euros una escapada a <strong>Agadir<\/strong>, destino de costa al sureste de Marrakech.<\/p>\n<p>Este mes, donde los peque\u00f1os y j\u00f3venes ya tienen vacaciones, tambi\u00e9n es factible viajar en vuelo directo desde Sevilla a <strong>Billund<\/strong> a buen precio. En este ciudad danesa se encuentra el parque tem\u00e1tico de Lego.<\/p>\n<p>Toma nota de estas y otras concepts para viajar desde el Aeropuerto de San Pablo en los pr\u00f3ximos d\u00edas:<\/p>\n<p>\u00a0<\/p>\n<h3 class=\"ladillo\"><a rel=\"nofollow noopener\" target=\"_blank\" href=\"https:\/\/www.skyscanner.es\/transporte\/vuelos\/svq\/agad\/220715\/220718\/config\/16628-2207151730--31915-0-9305-2207151810%7C9305-2207181430--31915-0-16628-2207181710?adultsv2=1&amp;cabinclass=economy&amp;childrenv2=&amp;inboundaltsenabled=false&amp;outboundaltsenabled=false&amp;preferdirects=false&amp;priceSourceId=&amp;priceTrace=202206292046*D*SVQ*AGA*20220715*ates*FR%7C202206292046*D*AGA*SVQ*20220718*ates*FR&amp;qp_prevCurrency=EUR&amp;qp_prevPrice=34&amp;qp_prevProvider=ins_month&amp;rtn=1\" data-voc-vtm-id=\"in-text-traffic\"><br \/>\n        Agadir<\/a><\/h3>\n<figure class=\"foto-intercalada\"><span class=\"imagen\"><img decoding=\"async\" class=\"lzld\" loading=\"lazy\" src=\"https:\/\/static4-sevilla.abc.es\/media\/viajar\/2022\/06\/30\/s\/agadir-marruecos-viajar-U45326853873LBo-510x349@abc.jpg\" alt=\"Adobe\"\/><\/span><figcaption class=\"pie-foto\"><span class=\"firma\">Adobe<\/span><\/figcaption><\/figure>\n<p>Ida: viernes 15 de julio<\/p>\n<p>Vuelta: lunes 18 de julio<\/p>\n<p>Precio:  37 euros<\/p>\n<p>Ryanair<\/p>\n<h3 class=\"ladillo\"><a rel=\"nofollow noopener\" target=\"_blank\" href=\"https:\/\/www.skyscanner.es\/transporte\/vuelos\/svq\/bill\/220713\/220716\/config\/16628-2207131910--31915-0-9996-2207132240%7C9996-2207162045--31915-0-16628-2207170015?adultsv2=1&amp;cabinclass=economy&amp;childrenv2=&amp;inboundaltsenabled=false&amp;outboundaltsenabled=false&amp;preferdirects=false&amp;priceSourceId=&amp;priceTrace=202206292000*D*SVQ*BLL*20220713*edes*FR%7C202206292000*D*BLL*SVQ*20220716*edes*FR&amp;qp_prevCurrency=EUR&amp;qp_prevPrice=61&amp;qp_prevProvider=ins_month&amp;rtn=1\" data-voc-vtm-id=\"in-text-traffic\"><br \/>\n        Billund<\/a><\/h3>\n<figure class=\"foto-intercalada\"><span class=\"imagen\"><img decoding=\"async\" class=\"lzld\" loading=\"lazy\" src=\"https:\/\/static3-sevilla.abc.es\/media\/viajar\/2022\/06\/30\/s\/billund-lego-sevi-U45326853873LBo-510x349@abc.JPG\" alt=\"EFE\"\/><\/span><figcaption class=\"pie-foto\"><span class=\"firma\">EFE<\/span><\/figcaption><\/figure>\n<p>Ida: mi\u00e9rcoles 13 de julio<\/p>\n<p>Vuelta: s\u00e1bado 16 de julio<\/p>\n<p>Precio: 71 euros<\/p>\n<p>Ryanair<\/p>\n<h3 class=\"ladillo\"><a rel=\"nofollow noopener\" target=\"_blank\" href=\"https:\/\/www.skyscanner.es\/transporte\/vuelos\/svq\/cagl\/220714\/220717\/?adultsv2=1&amp;cabinclass=economy&amp;childrenv2=&amp;inboundaltsenabled=false&amp;outboundaltsenabled=false&amp;preferdirects=true&amp;priceSourceId=&amp;priceTrace=202206292157*D*SVQ*CAG*20220714*edes*FR%7C202206292157*D*CAG*SVQ*20220717*edes*FR&amp;qp_prevCurrency=EUR&amp;qp_prevPrice=86&amp;qp_prevProvider=ins_month&amp;rtn=1\" data-voc-vtm-id=\"in-text-traffic\"><br \/>\n        Cagliari<\/a><\/h3>\n<figure class=\"foto-intercalada\"><span class=\"imagen\"><img decoding=\"async\" class=\"lzld\" loading=\"lazy\" src=\"https:\/\/static4-sevilla.abc.es\/media\/viajar\/2022\/06\/30\/s\/cerdegna-cagliari-italia-U45326853873LBo-510x349@abc.jpg\" alt=\"Adobe\"\/><\/span><figcaption class=\"pie-foto\"><span class=\"firma\">Adobe<\/span><\/figcaption><\/figure>\n<p>Ida: jueves 14 de julio<\/p>\n<p>Vuelta: Domingo 17 de julio<\/p>\n<p>Precio: 100 euros<\/p>\n<p>Ryanair<\/p>\n<h3 class=\"ladillo\"><a rel=\"nofollow noopener\" target=\"_blank\" href=\"https:\/\/www.skyscanner.es\/transporte\/vuelos\/svq\/lisb\/220715\/220718\/?adultsv2=1&amp;cabinclass=economy&amp;childrenv2=&amp;inboundaltsenabled=false&amp;outboundaltsenabled=false&amp;preferdirects=true&amp;priceSourceId=&amp;priceTrace=202206300509*D*SVQ*LIS*20220715*ryan*FR%7C202206300012*D*LIS*SVQ*20220718*ryan*FR&amp;qp_prevCurrency=EUR&amp;qp_prevPrice=65&amp;qp_prevProvider=ins_month&amp;rtn=1\" data-voc-vtm-id=\"in-text-traffic\"><br \/>\n        Lisboa<\/a><\/h3>\n<figure class=\"foto-intercalada\"><span class=\"imagen\"><img decoding=\"async\" class=\"lzld\" loading=\"lazy\" src=\"https:\/\/static3-sevilla.abc.es\/media\/viajar\/2022\/06\/30\/s\/lisboa-viajar-sevi-U45326853873LBo-510x349@abc.JPG\" alt=\"ABC\"\/><\/span><figcaption class=\"pie-foto\"><span class=\"firma\">ABC<\/span><\/figcaption><\/figure>\n<p>Ida: viernes 15 de julio<\/p>\n<p>Vuelta: lunes 18 de julio<\/p>\n<p>Precio:  57 euros<\/p>\n<p>Ryanair<\/p>\n<h3 class=\"ladillo\"><a rel=\"nofollow noopener\" target=\"_blank\" href=\"https:\/\/www.skyscanner.es\/transporte\/vuelos\/svq\/port\/220722\/220725\/?adultsv2=1&amp;cabinclass=economy&amp;childrenv2=&amp;inboundaltsenabled=false&amp;outboundaltsenabled=false&amp;preferdirects=true&amp;priceSourceId=&amp;priceTrace=202206291808*D*SVQ*OPO*20220722*edes*FR%7C202206291808*D*OPO*SVQ*20220725*edes*FR&amp;qp_prevCurrency=EUR&amp;qp_prevPrice=75&amp;qp_prevProvider=ins_month&amp;rtn=1\" data-voc-vtm-id=\"in-text-traffic\"><br \/>\n        Oporto<\/a><\/h3>\n<figure class=\"foto-intercalada\"><span class=\"imagen\"><img decoding=\"async\" class=\"lzld\" loading=\"lazy\" src=\"https:\/\/static4-sevilla.abc.es\/media\/viajar\/2022\/06\/30\/s\/oporto-visitar-sevi-U45326853873LBo-510x349@abc.JPG\" alt=\"CC\"\/><\/span><figcaption class=\"pie-foto\"><span class=\"firma\">CC<\/span><\/figcaption><\/figure>\n<p>Ida: viernes 22 de julio<\/p>\n<p>Vuelta: lunes 25 de julio<\/p>\n<p>Precio:  78 euros<\/p>\n<p>Ryanair<\/p>\n<h3 class=\"ladillo\"><a rel=\"nofollow noopener\" target=\"_blank\" href=\"https:\/\/www.skyscanner.es\/transporte\/vuelos\/svq\/alic\/220714\/220719\/config\/16628-2207140650--31915-0-9409-2207140755%7C9409-2207190615--31915-0-16628-2207190730?adultsv2=1&amp;cabinclass=economy&amp;childrenv2=&amp;inboundaltsenabled=false&amp;outboundaltsenabled=false&amp;preferdirects=true&amp;priceSourceId=&amp;priceTrace=202206300003*D*SVQ*ALC*20220714*ates*FR%7C202206300003*D*ALC*SVQ*20220719*ates*FR&amp;qp_prevCurrency=EUR&amp;qp_prevPrice=59&amp;qp_prevProvider=ins_month&amp;rtn=1\" data-voc-vtm-id=\"in-text-traffic\"><br \/>\n        Alicante<\/a><\/h3>\n<figure class=\"foto-intercalada\"><span class=\"imagen\"><img decoding=\"async\" class=\"lzld\" loading=\"lazy\" src=\"https:\/\/static3-sevilla.abc.es\/media\/viajar\/2022\/06\/30\/s\/alicante-pano-viajar-U45326853873LBo-510x349@abc.JPG\" alt=\"Juan Carlos Soler\"\/><\/span><figcaption class=\"pie-foto\"><span class=\"firma\">Juan Carlos Soler<\/span><\/figcaption><\/figure>\n<p>Ida: jueves 14 de julio<\/p>\n<p>Vuelta: martes 19 de julio<\/p>\n<p>Precio:  57 euros<\/p>\n<p>Ryanair<\/p>\n<h3 class=\"ladillo\"><a rel=\"nofollow noopener\" target=\"_blank\" href=\"https:\/\/www.skyscanner.es\/transporte\/vuelos\/svq\/palm\/220722\/220725\/config\/16628-2207222230--31915-0-15434-2207222359%7C15434-2207251355--31915-0-16628-2207251530?adultsv2=1&amp;cabinclass=economy&amp;childrenv2=&amp;inboundaltsenabled=false&amp;outboundaltsenabled=false&amp;preferdirects=false&amp;priceSourceId=&amp;priceTrace=202206292209*D*SVQ*PMI*20220722*ates*FR%7C202206292209*D*PMI*SVQ*20220725*ates*FR&amp;qp_prevCurrency=EUR&amp;qp_prevPrice=73&amp;qp_prevProvider=ins_month&amp;rtn=1\" data-voc-vtm-id=\"in-text-traffic\"><br \/>\n        Mallorca<\/a><\/h3>\n<figure class=\"foto-intercalada\"><span class=\"imagen\"><img decoding=\"async\" class=\"lzld\" loading=\"lazy\" src=\"https:\/\/static1-sevilla.abc.es\/media\/viajar\/2022\/06\/30\/s\/palma-mallorca-viajar-U45326853873LBo-510x349@abc.jpeg\" alt=\"ABC\"\/><\/span><figcaption class=\"pie-foto\"><span class=\"firma\">ABC<\/span><\/figcaption><\/figure>\n<p>Ida: viernes 22 de julio<\/p>\n<p>Vuelta: lunes 25 de julio<\/p>\n<p>Precio: 73 euros<\/p>\n<p>Ryanair<\/p>\n<h3 class=\"ladillo\"><a rel=\"nofollow noopener\" target=\"_blank\" href=\"https:\/\/www.skyscanner.es\/transporte\/vuelos\/svq\/vale\/220715\/220720\/?adultsv2=1&amp;cabinclass=economy&amp;childrenv2=&amp;inboundaltsenabled=false&amp;outboundaltsenabled=false&amp;preferdirects=true&amp;priceSourceId=&amp;priceTrace=202206292341*D*SVQ*VLC*20220715*ates*FR%7C202206292341*D*VLC*SVQ*20220720*ates*FR&amp;qp_prevCurrency=EUR&amp;qp_prevPrice=63&amp;qp_prevProvider=ins_month&amp;rtn=1\" data-voc-vtm-id=\"in-text-traffic\"><br \/>\n        Valencia<\/a><\/h3>\n<figure class=\"foto-intercalada\"><span class=\"imagen\"><img decoding=\"async\" class=\"lzld\" loading=\"lazy\" src=\"https:\/\/static3-sevilla.abc.es\/media\/viajar\/2022\/06\/30\/s\/playa-malvarrosa-valen-U45326853873LBo-510x349@abc.JPG\" alt=\"Rober Solsona\"\/><\/span><figcaption class=\"pie-foto\"><span class=\"firma\">Rober Solsona<\/span><\/figcaption><\/figure>\n<p>Ida: viernes 15 de julio<\/p>\n<p>Vuelta: mi\u00e9rcoles 20 de julio<\/p>\n<p>Precio:  63 euros<\/p>\n<p>Ryanair<\/p>\n<h3 class=\"ladillo\"><a rel=\"nofollow noopener\" target=\"_blank\" href=\"https:\/\/www.skyscanner.es\/transporte\/vuelos\/svq\/meno\/220707\/220710\/config\/16628-2207071940--31915-0-13874-2207072115%7C13874-2207100905--31685-0-16628-2207101050?adultsv2=1&amp;cabinclass=economy&amp;childrenv2=&amp;inboundaltsenabled=false&amp;outboundaltsenabled=false&amp;preferdirects=true&amp;priceSourceId=&amp;priceTrace=202206291814*D*SVQ*MAH*20220707*ates*FR%7C202206291814*D*MAH*SVQ*20220710*ates*VY&amp;qp_prevCurrency=EUR&amp;qp_prevPrice=97&amp;qp_prevProvider=ins_month&amp;rtn=1\" data-voc-vtm-id=\"in-text-traffic\"><br \/>\n        Menorca<\/a><\/h3>\n<figure class=\"foto-intercalada\"><span class=\"imagen\"><img decoding=\"async\" class=\"lzld\" loading=\"lazy\" src=\"https:\/\/static1-sevilla.abc.es\/media\/viajar\/2022\/06\/30\/s\/menorca-viajar-sevilla-U45326853873LBo-510x349@abc.JPG\" alt=\"EFE\"\/><\/span><figcaption class=\"pie-foto\"><span class=\"firma\">EFE<\/span><\/figcaption><\/figure>\n<p>Ida: jueves 7 de julio<\/p>\n<p>Vuelta: domingo 10 de julio<\/p>\n<p>Precio:  97 euros<\/p>\n<p>Ryanair y vueling<\/p>\n<h3 class=\"ladillo\"><a rel=\"nofollow noopener\" target=\"_blank\" href=\"https:\/\/www.skyscanner.es\/transporte\/vuelos\/svq\/bilb\/220713\/220719\/config\/16628-2207132100--31685-0-9925-2207132225%7C9925-2207190710--31685-0-16628-2207190835?adultsv2=1&amp;cabinclass=economy&amp;childrenv2=&amp;inboundaltsenabled=false&amp;outboundaltsenabled=false&amp;preferdirects=false&amp;priceSourceId=&amp;priceTrace=202206291934*D*SVQ*BIO*20220713*ctes*VY%7C202206291934*D*BIO*SVQ*20220719*ctes*V7&amp;qp_prevCurrency=EUR&amp;qp_prevPrice=62&amp;qp_prevProvider=ins_month&amp;rtn=1\" data-voc-vtm-id=\"in-text-traffic\"><br \/>\n        Bilbao<\/a><\/h3>\n<figure class=\"foto-intercalada\"><span class=\"imagen\"><img decoding=\"async\" class=\"lzld\" loading=\"lazy\" src=\"https:\/\/static2-sevilla.abc.es\/media\/viajar\/2022\/06\/30\/s\/bilbao-plaza-nueva-U45326853873LBo-510x349@abc.JPG\" alt=\"ABC\"\/><\/span><figcaption class=\"pie-foto\"><span class=\"firma\">ABC<\/span><\/figcaption><\/figure>\n<p>Ida: mi\u00e9rcoles 13 de julio<\/p>\n<p>Vuelta: martes 19 de julio<\/p>\n<p>Precio:  64 euros<\/p>\n<p>Vueling<\/p>\n<p><a rel=\"nofollow noopener\" target=\"_blank\" class=\"boton-comentarios\" href=\"#ancla_comentarios\" title=\"Ver los comentarios\" data-voc-comments-count=\"8a102ea0-f84b-11ec-89e0-93ea7484950a\" data-voc-comments-count-zero-text=\"\" data-voc-comments-count-show-zero=\"false\" data-voc-comments-count-action=\"abc:comments:countForButton\">Ver los<br \/>\n    <strong\/> comentarios<\/a><\/p>\n<aside class=\"modulo temas\">\n<h4 class=\"titulo\">Temas<\/h4>\n<\/aside>\n<aside id=\"widget_outbrain_374\" class=\"nibara-element\" data-nibara-module=\"outbrain\" data-template-outbrain=\"vocentoes\"\/><\/div>\n\n<p><em> &#8221; Fuentes sevilla.abc.es &#8221; <\/em><\/p>\n","protected":false},"excerpt":{"rendered":"<p>C.B. Actualizado:01\/07\/2022\u00a014:30h Guardar NOTICIAS RELACIONADAS El mes de julio es propio para una escapada veraniega de fin de semana o de algunos d\u00edas m\u00e1s si se puede. Con las altas temperaturas apretando de lo lindo, es hora de buscar viajes econ\u00f3micos desde Sevilla en este mes de julio. \ufeff Como ya es routine, hemos utilizado [&hellip;]<\/p>\n","protected":false},"author":4,"featured_media":343417,"comment_status":"open","ping_status":"closed","sticky":false,"template":"","format":"standard","meta":{"om_disable_all_campaigns":false,"jnews-multi-image_gallery":[],"jnews_single_post":[],"jnews_primary_category":[],"jnews_social_meta":[],"footnotes":""},"categories":[39],"tags":[5810,4044,740],"class_list":["post-343416","post","type-post","status-publish","format-standard","has-post-thumbnail","hentry","category-viajes","tag-baratos","tag-sevilla","tag-vuelos"],"_links":{"self":[{"href":"https:\/\/dimensionturistica.com\/es\/wp-json\/wp\/v2\/posts\/343416","targetHints":{"allow":["GET"]}}],"collection":[{"href":"https:\/\/dimensionturistica.com\/es\/wp-json\/wp\/v2\/posts"}],"about":[{"href":"https:\/\/dimensionturistica.com\/es\/wp-json\/wp\/v2\/types\/post"}],"author":[{"embeddable":true,"href":"https:\/\/dimensionturistica.com\/es\/wp-json\/wp\/v2\/users\/4"}],"replies":[{"embeddable":true,"href":"https:\/\/dimensionturistica.com\/es\/wp-json\/wp\/v2\/comments?post=343416"}],"version-history":[{"count":0,"href":"https:\/\/dimensionturistica.com\/es\/wp-json\/wp\/v2\/posts\/343416\/revisions"}],"wp:featuredmedia":[{"embeddable":true,"href":"https:\/\/dimensionturistica.com\/es\/wp-json\/wp\/v2\/media\/343417"}],"wp:attachment":[{"href":"https:\/\/dimensionturistica.com\/es\/wp-json\/wp\/v2\/media?parent=343416"}],"wp:term":[{"taxonomy":"category","embeddable":true,"href":"https:\/\/dimensionturistica.com\/es\/wp-json\/wp\/v2\/categories?post=343416"},{"taxonomy":"post_tag","embeddable":true,"href":"https:\/\/dimensionturistica.com\/es\/wp-json\/wp\/v2\/tags?post=343416"}],"curies":[{"name":"wp","href":"https:\/\/api.w.org\/{rel}","templated":true}]}}