{"id":343362,"date":"2022-07-01T14:48:00","date_gmt":"2022-07-01T14:48:00","guid":{"rendered":"https:\/\/dimensionturistica.com\/es\/?p=343362"},"modified":"2022-07-01T14:48:00","modified_gmt":"2022-07-01T14:48:00","slug":"afendis-y-davidson-kempner-nuevos-accionistas-mayoritarios-de-cerealto-siro-foods","status":"publish","type":"post","link":"https:\/\/dimensionturistica.com\/es\/afendis-y-davidson-kempner-nuevos-accionistas-mayoritarios-de-cerealto-siro-foods\/","title":{"rendered":"Afendis y Davidson Kempner, nuevos accionistas mayoritarios de Cerealto Siro Foods"},"content":{"rendered":"<p> <br \/>\n<\/p>\n<div>\n<h3>El accionista mayoritario de Cerealto Siro Meals, Juan Manuel Gonz\u00e1lez Serna, las entidades financieras acreedoras de la compa\u00f1\u00eda y los fondos de inversi\u00f3n Afendis Capital Administration y Davidson Kempner Capital Administration LP <strong>han firmado el acuerdo definitivo entre las partes que ha culminado con la transferencia de acciones a las firmas de inversi\u00f3n y la capitalizaci\u00f3n del stability de la compa\u00f1\u00eda<\/strong>.<br \/><\/h3>\n<p>Seg\u00fan inform\u00f3 Cerealto Siro, la entrada de Afendis y Davidson Kempner marca el inicio de una nueva etapa de estabilidad financiera para la compa\u00f1\u00eda, &#8220;que <strong>se convierte en un grupo fuertemente capitalizado y con importantes previsiones de crecimiento<\/strong> respaldadas por relaciones de confianza con clientes de todo el mundo y la solidez de la cartera de productos de la compa\u00f1\u00eda&#8221;.<\/p>\n<p>Juan Manuel Gonz\u00e1lez-Serna destac\u00f3 que &#8220;<strong>hoy se abre una nueva etapa de futuro y crecimiento en Cerealto Siro Foods que permite la continuidad del negocio<\/strong>, una prioridad que siempre hemos defendido. Mi eterno agradecimiento a todos los colaboradores que lo han hecho posible, a los clientes y proveedores que han seguido apoy\u00e1ndonos y a las instituciones que se han implicado y han facilitado el cierre de la operaci\u00f3n&#8221;.<\/p>\n<p>Por su parte, Cem Karakas, nuevo presidente ejecutivo de Cerealto Siro, dijo que est\u00e1n &#8220;plenamente convencidos del potencial estrat\u00e9gico de Cerealto Siro Foods. <strong>La compa\u00f1\u00eda ha construido unas relaciones muy s\u00f3lidas con sus clientes a nivel mundial y est\u00e1 preparada para convertirse en el principal proveedor de los minoristas y fabricantes de marca de todo el mundo<\/strong>. Dedicaremos nuestros recursos y experiencia en el sector a impulsar la competitividad la compa\u00f1\u00eda y a construir sobre las capacidades de sus equipos e I+D&#8221;.<\/p>\n<\/p><\/div>\n\n<p><em> \u2018 The preceding article may include information circulated by third parties \u2019 <\/em><\/p>\n<p><em> \u2018 Some details of this article were extracted from the following source www.libremercado.com \u2019 <\/em><\/p>\n","protected":false},"excerpt":{"rendered":"<p>El accionista mayoritario de Cerealto Siro Meals, Juan Manuel Gonz\u00e1lez Serna, las entidades financieras acreedoras de la compa\u00f1\u00eda y los fondos de inversi\u00f3n Afendis Capital Administration y Davidson Kempner Capital Administration LP han firmado el acuerdo definitivo entre las partes que ha culminado con la transferencia de acciones a las firmas de inversi\u00f3n y la [&hellip;]<\/p>\n","protected":false},"author":2,"featured_media":343363,"comment_status":"open","ping_status":"closed","sticky":false,"template":"","format":"standard","meta":{"om_disable_all_campaigns":false,"jnews-multi-image_gallery":[],"jnews_single_post":[],"jnews_primary_category":[],"jnews_social_meta":[],"footnotes":""},"categories":[43],"tags":[48547,48548,48549,48550,48551],"class_list":["post-343362","post","type-post","status-publish","format-standard","has-post-thumbnail","hentry","category-gourmet","tag-afendis-capital-management","tag-cem-karakas","tag-cerealto-siro-food","tag-davidson-kempner-capital-management-lp","tag-juan-manuel-gonzalez-serna"],"_links":{"self":[{"href":"https:\/\/dimensionturistica.com\/es\/wp-json\/wp\/v2\/posts\/343362","targetHints":{"allow":["GET"]}}],"collection":[{"href":"https:\/\/dimensionturistica.com\/es\/wp-json\/wp\/v2\/posts"}],"about":[{"href":"https:\/\/dimensionturistica.com\/es\/wp-json\/wp\/v2\/types\/post"}],"author":[{"embeddable":true,"href":"https:\/\/dimensionturistica.com\/es\/wp-json\/wp\/v2\/users\/2"}],"replies":[{"embeddable":true,"href":"https:\/\/dimensionturistica.com\/es\/wp-json\/wp\/v2\/comments?post=343362"}],"version-history":[{"count":0,"href":"https:\/\/dimensionturistica.com\/es\/wp-json\/wp\/v2\/posts\/343362\/revisions"}],"wp:featuredmedia":[{"embeddable":true,"href":"https:\/\/dimensionturistica.com\/es\/wp-json\/wp\/v2\/media\/343363"}],"wp:attachment":[{"href":"https:\/\/dimensionturistica.com\/es\/wp-json\/wp\/v2\/media?parent=343362"}],"wp:term":[{"taxonomy":"category","embeddable":true,"href":"https:\/\/dimensionturistica.com\/es\/wp-json\/wp\/v2\/categories?post=343362"},{"taxonomy":"post_tag","embeddable":true,"href":"https:\/\/dimensionturistica.com\/es\/wp-json\/wp\/v2\/tags?post=343362"}],"curies":[{"name":"wp","href":"https:\/\/api.w.org\/{rel}","templated":true}]}}