{"id":343123,"date":"2022-06-30T21:30:41","date_gmt":"2022-06-30T21:30:41","guid":{"rendered":"https:\/\/dimensionturistica.com\/es\/?p=343123"},"modified":"2022-06-30T21:30:41","modified_gmt":"2022-06-30T21:30:41","slug":"llega-a-la-cdmx-la-segunda-edicion-del-mercado-reyes-d-el-pacifico","status":"publish","type":"post","link":"https:\/\/dimensionturistica.com\/es\/llega-a-la-cdmx-la-segunda-edicion-del-mercado-reyes-d-el-pacifico\/","title":{"rendered":"Llega a la CDMX la segunda edici\u00f3n del \u201cMercado Reyes D el Pac\u00edfico\u201d"},"content":{"rendered":"<p> <br \/>\n<\/p>\n<div>\n<p>Los apasionados de la <strong>comida de mar<\/strong>, saben que<strong> los mercados son los mejores lugares <\/strong>para encontrar los ingredientes m\u00e1s frescos, adem\u00e1s de que tambi\u00e9n est\u00e1n llenos de tradici\u00f3n e historia, y representan una parte importante de nuestra cultura y ra\u00edces.<\/p>\n<p>En este contexto, y tras una primera edici\u00f3n exitosa, el <strong>Mercado Reyes \u0110 el Pac\u00edfico<\/strong> regresa a la Ciudad de M\u00e9xico. Se trata de una sucursal de mar en la que los visitantes podr\u00e1n descubrir y disfrutar de los deliciosos sabores de la gastronom\u00eda mexicana a trav\u00e9s de los platillos creados por los restaurantes invitados.<\/p>\n<h2>Los invitados al Mercado Reyes \u0110 el Pac\u00edfico 2022<\/h2>\n<p>Para esta segunda edici\u00f3n del Mercado Reyes \u0110 el Pac\u00edfico, podr\u00e1s saborear las creaciones culinarias de algunos de los <a rel=\"nofollow noopener\" target=\"_blank\" href=\"https:\/\/de10.com.mx\/vivir-bien\/los-19-restaurantes-mexicanos-entre-los-100-mejores-de-america-latina-2021\">restaurantes m\u00e1s sobresalientes<\/a> de comida de mar, as\u00ed como de otras entidades, platillos que te har\u00e1n sentir en alguna playa del Pac\u00edfico, pero sin tener que viajar. Aqu\u00ed en <a rel=\"nofollow noopener\" target=\"_blank\" href=\"https:\/\/de10.com.mx\/\">De10.mx<\/a> te decimos de qui\u00e9nes se trata:<\/p>\n<h3>Mi compa Chava<\/h3>\n<p>Esta marisquer\u00eda, encabezada por el Chef Salvador \u201cGallo\u201d Orozco, se ha convertido en la sensaci\u00f3n de la CDMX, gracias a que cuenta con un men\u00fa imperdible, extenso y muy variado, todo al estilo Sinaloa.<\/p>\n<blockquote class=\"instagram-media\" data-instgrm-permalink=\"https:\/\/www.instagram.com\/p\/CePSOtnuKY4\/?utm_source=ig_embed&amp;utm_campaign=loading\" data-instgrm-version=\"14\" style=\" background:#FFF; border:0; border-radius:3px; box-shadow:0 0 1px 0 rgba(0,0,0,0.5),0 1px 10px 0 rgba(0,0,0,0.15); margin: 1px; max-width:540px; min-width:326px; padding:0; width:99.375%; width:-webkit-calc(100% - 2px); width:calc(100% - 2px);\"><\/blockquote>\n<h3>\u00a0<\/h3>\n<h3>La Guerrerense<\/h3>\n<p>Con m\u00e1s de 60 a\u00f1os de tradici\u00f3n, este \u00edcono de Ensenada, Baja California, llegar\u00e1 a la CDMX de la mano de su fundadora Do\u00f1a Sabina, quien ha creado recetas que han conquistado a far de paladares.<\/p>\n<blockquote class=\"instagram-media\" data-instgrm-permalink=\"https:\/\/www.instagram.com\/p\/Cc0mXEiBF2c\/?utm_source=ig_embed&amp;utm_campaign=loading\" data-instgrm-version=\"14\" style=\" background:#FFF; border:0; border-radius:3px; box-shadow:0 0 1px 0 rgba(0,0,0,0.5),0 1px 10px 0 rgba(0,0,0,0.15); margin: 1px; max-width:540px; min-width:326px; padding:0; width:99.375%; width:-webkit-calc(100% - 2px); width:calc(100% - 2px);\"><\/blockquote>\n<h3>\u00a0<\/h3>\n<h3>Oyster Home<\/h3>\n<p>Este restaurante emblem\u00e1tico de La Paz, Baja California, cuenta con una propuesta bastante interesante y famosa por sus ostiones, cuyo sabor te transportar\u00e1 al para\u00edso.<\/p>\n<blockquote class=\"instagram-media\" data-instgrm-permalink=\"https:\/\/www.instagram.com\/p\/CewnXHhv5lY\/?utm_source=ig_embed&amp;utm_campaign=loading\" data-instgrm-version=\"14\" style=\" background:#FFF; border:0; border-radius:3px; box-shadow:0 0 1px 0 rgba(0,0,0,0.5),0 1px 10px 0 rgba(0,0,0,0.15); margin: 1px; max-width:540px; min-width:326px; padding:0; width:99.375%; width:-webkit-calc(100% - 2px); width:calc(100% - 2px);\"><\/blockquote>\n<h3>\u00a0<\/h3>\n<h3>Cevicheve Sinaloense<\/h3>\n<p>Las recetas de este lugar est\u00e1n inspiradas en ense\u00f1anzas familiares que se han transmitido de generaci\u00f3n en generaci\u00f3n, por lo que cada platillo lleva el sabor de Guasave, Sinaloa.<\/p>\n<blockquote class=\"instagram-media\" data-instgrm-permalink=\"https:\/\/www.instagram.com\/p\/CdJqiT_OPHP\/?utm_source=ig_embed&amp;utm_campaign=loading\" data-instgrm-version=\"14\" style=\" background:#FFF; border:0; border-radius:3px; box-shadow:0 0 1px 0 rgba(0,0,0,0.5),0 1px 10px 0 rgba(0,0,0,0.15); margin: 1px; max-width:540px; min-width:326px; padding:0; width:99.375%; width:-webkit-calc(100% - 2px); width:calc(100% - 2px);\"><\/blockquote>\n<p>\u00a0<\/p>\n<h2>Mercado Reyes \u0110 el Pac\u00edfico es m\u00e1s que comida<\/h2>\n<p>No hay mejor acompa\u00f1ante para los mariscos que una cerveza Pac\u00edfico, gracias a su ligereza, frescura y sabor, por lo que en esta segunda edici\u00f3n, el Mercado Reyes \u0110 el Pac\u00edfico contar\u00e1 con una barra en la que podr\u00e1s los cl\u00e1sicos \u201csalseados\u201d, as\u00ed como nuevas recetas de mixolog\u00eda para disfrutar de sus dos versiones, Clara y Suave.<\/p>\n<p>Eso s\u00ed, lleva la mejor actitud, pues en este evento no faltar\u00e1 la m\u00fasica que nos evocar\u00e1 un ambiente relajado y tropical. Ra\u00fal Sotomayor, Son Peque\u00f1os, Grupo de Salsa y Cumbia Conjunto Amezcua, Borchi, Musas Sonideras, Banda Nivere\u00f1a y Sonido San Francisco DJ Set ser\u00e1n los encargados de ponerle ritmo al evento.<\/p>\n<h2>\u00bfD\u00f3nde ser\u00e1 la segunda edici\u00f3n del Mercado Reyes \u0110 el Pac\u00edfico?<\/h2>\n<p>Esta vez hay nueva sede y ser\u00e1 en la Estaci\u00f3n Indianilla (Claudio Bernard 111, colonia Doctores, alcald\u00eda Cuauht\u00e9moc). Estar\u00e1 abierto al p\u00fablico en basic en los siguientes horarios:<\/p>\n<p>Viernes 8 de julio: De 13:00 a 22:00 horas.<\/p>\n<p>S\u00e1bado 9 de julio: De 12:00 a 22:00 horas.<\/p>\n<p>Domingo 10 de julio: De 11:00 a 20:00 horas.<\/p>\n<p class=\"rtecenter\"><img decoding=\"async\" alt=\"\" class=\"image-imagen_body\" width=\"700\" height=\"467\" src=\"https:\/\/de10.com.mx\/sites\/default\/files\/styles\/imagen_body\/public\/2022\/06\/30\/mercado_reyes_del_pacifico_1.jpg?itok=aj2A-kz3\"\/><\/p>\n<p class=\"rtecenter\">(Foto: Maricela Flores\/De10.mx)<\/p>\n<h2>\u00bfC\u00f3mo asistir a la segunda edici\u00f3n del Mercado Reyes \u0110 el Pac\u00edfico?<\/h2>\n<p>Debes saber que la entrada es totalmente gratuita (ya dentro tienes que pagar por tus alimentos). Si quieres asistir solo tienes que registrarte en esta p\u00e1gina <a rel=\"nofollow noopener\" target=\"_blank\" href=\"https:\/\/reyes.cervezadelpacifico.com\/\">https:\/\/reyes.cervezadelpacifico.com\/<\/a><\/p>\n<p>Es importante mencionar que el evento contar\u00e1 con todas las medidas de seguridad, higiene y aforo.<\/p>\n<p class=\"rtecenter\"><span style=\"font-size:20px;\"><span style=\"background-color:#AFEEEE;\">Visita nuestro canal de YouTube dando <\/span><a rel=\"nofollow noopener\" target=\"_blank\" href=\"https:\/\/www.youtube.com\/watch?v=8qNxgMpnU7c\"><span style=\"background-color:#AFEEEE;\">clic aqu\u00ed<\/span><\/a><\/span><\/p>\n<p><a rel=\"nofollow noopener\" target=\"_blank\" class=\"botonGoogleNews\" href=\"https:\/\/news.google.com\/publications\/CAAiEHpAAo99OtUQ7Vl9TNrZqeQqFAgKIhB6QAKPfTrVEO1ZfUza2ank?hl=es-419&amp;gl=MX&amp;ceid=MX%3Aes-419\"><br \/>\n<img decoding=\"async\" class=\"owl-lazy\" src=\"https:\/\/de10.com.mx\/sites\/default\/files\/image_site\/boton-googlenews.webp\" alt=\"Google News - ViveUSA\"\/><br \/>\n<\/a>\n<\/div>\n<p><script async defer src=\"https:\/\/platform.instagram.com\/en_US\/embeds.js\"><\/script><br \/>\n<br \/><\/p>\n<p><em> &#8221; Fuentes de10.com.mx &#8221; <\/em><\/p>\n","protected":false},"excerpt":{"rendered":"<p>Los apasionados de la comida de mar, saben que los mercados son los mejores lugares para encontrar los ingredientes m\u00e1s frescos, adem\u00e1s de que tambi\u00e9n est\u00e1n llenos de tradici\u00f3n e historia, y representan una parte importante de nuestra cultura y ra\u00edces. En este contexto, y tras una primera edici\u00f3n exitosa, el Mercado Reyes \u0110 el [&hellip;]<\/p>\n","protected":false},"author":4,"featured_media":343124,"comment_status":"open","ping_status":"closed","sticky":false,"template":"","format":"standard","meta":{"om_disable_all_campaigns":false,"jnews-multi-image_gallery":[],"jnews_single_post":[],"jnews_primary_category":[],"jnews_social_meta":[],"footnotes":""},"categories":[39],"tags":[743,48516],"class_list":["post-343123","post","type-post","status-publish","format-standard","has-post-thumbnail","hentry","category-viajes","tag-gastronomia","tag-mercado-reyes-d-el-pacifico"],"_links":{"self":[{"href":"https:\/\/dimensionturistica.com\/es\/wp-json\/wp\/v2\/posts\/343123","targetHints":{"allow":["GET"]}}],"collection":[{"href":"https:\/\/dimensionturistica.com\/es\/wp-json\/wp\/v2\/posts"}],"about":[{"href":"https:\/\/dimensionturistica.com\/es\/wp-json\/wp\/v2\/types\/post"}],"author":[{"embeddable":true,"href":"https:\/\/dimensionturistica.com\/es\/wp-json\/wp\/v2\/users\/4"}],"replies":[{"embeddable":true,"href":"https:\/\/dimensionturistica.com\/es\/wp-json\/wp\/v2\/comments?post=343123"}],"version-history":[{"count":0,"href":"https:\/\/dimensionturistica.com\/es\/wp-json\/wp\/v2\/posts\/343123\/revisions"}],"wp:featuredmedia":[{"embeddable":true,"href":"https:\/\/dimensionturistica.com\/es\/wp-json\/wp\/v2\/media\/343124"}],"wp:attachment":[{"href":"https:\/\/dimensionturistica.com\/es\/wp-json\/wp\/v2\/media?parent=343123"}],"wp:term":[{"taxonomy":"category","embeddable":true,"href":"https:\/\/dimensionturistica.com\/es\/wp-json\/wp\/v2\/categories?post=343123"},{"taxonomy":"post_tag","embeddable":true,"href":"https:\/\/dimensionturistica.com\/es\/wp-json\/wp\/v2\/tags?post=343123"}],"curies":[{"name":"wp","href":"https:\/\/api.w.org\/{rel}","templated":true}]}}