{"id":343022,"date":"2022-06-30T18:07:31","date_gmt":"2022-06-30T18:07:31","guid":{"rendered":"https:\/\/dimensionturistica.com\/es\/?p=343022"},"modified":"2022-06-30T18:07:31","modified_gmt":"2022-06-30T18:07:31","slug":"ocho-planes-para-disfrutar-de-los-cabos-el-paraiso-del-pacifico-mexicano","status":"publish","type":"post","link":"https:\/\/dimensionturistica.com\/es\/ocho-planes-para-disfrutar-de-los-cabos-el-paraiso-del-pacifico-mexicano\/","title":{"rendered":"Ocho planes para disfrutar de Los Cabos, el para\u00edso del Pac\u00edfico mexicano"},"content":{"rendered":"<p> <br \/>\n<\/p>\n<div id=\"article-sumary\">\n<div class=\"article-txt ad-mobile-top\">\n<p>En el sur de la pen\u00ednsula de <strong>Baja California en M\u00e9xico<\/strong>, justo en el extremo, existe una peque\u00f1a <strong>comarca paradisiaca llamada Los Cabos<\/strong>. Rodeada por el oc\u00e9ano Pac\u00edfico y albergando un desierto en su inside, la pen\u00ednsula es todo un universo de contrastes donde poder llenarse de vida y de incre\u00edbles historias que contar. Aunque esta es solo una lista de los principales atractivos de la regi\u00f3n, es imposible incluir aqu\u00ed todos sus encantos. <strong>Playas de ensue\u00f1o, calles llenas de vida, olores cautivadores, sabores inolvidables y un ambiente embriagador son solo algunas de las experiencias que la agencia <a rel=\"nofollow noopener\" target=\"_blank\" href=\"https:\/\/www.nautaliaviajes.com\/paquetes-vacacionales\/america\/mexico\/los-cabos\/?utm_source=NationalGeographic&amp;utm_medium=mega&amp;utm_campaign=Loscabos\">Nautalia Viajes<\/a>\u00a0brinda<\/strong> a sus clientes en esta peque\u00f1a regi\u00f3n costera de M\u00e9xico.<\/p>\n<\/div>\n<\/div>\n<div id=\"article-text\">\n<div class=\"txt\">\n<aside class=\"subscription-highlighted\">\n<div class=\"subscription-container\">\n<div class=\"non-subscribed\">\n<p class=\"description\">Somos de rutas, no de rutinas. Descubre Viajes Nationwide Geographic<\/p>\n<p><a rel=\"nofollow noopener\" target=\"_blank\" href=\"https:\/\/tienda.rbarevistas.com\/por-que-viajes-national-geographic.html?rba_source=viajes.nationalgeographic.com.es&amp;rba_medium=referral&amp;rba_campaign=NGMV&amp;rba_content=frase-articulo\" class=\"more-link\">SABER M\u00c1S<\/a><\/div>\n<\/div>\n<\/aside>\n<p style=\"display: none;\"><img decoding=\"async\" id=\"ctl01_ctl00_phMain_phMain_ctl00_ctl02_ctl17_ctl01_imgContent\" src=\"https:\/\/viajes.nationalgeographic.com.es\/medio\/2022\/06\/12\/los-cabos-mexico_5343dab5_800x800.jpg\" alt=\"Los Cabos M\u00e9xico\" style=\"border-width:0px;\"\/><\/p>\n<aside class=\"add300x250 publi-interior-top ad-container-r1 ad-inline\"\/>\n<p>Nautalia Viajes te lleva este verano a Los Cabos, Baja California M\u00e9xico en vuelo directo desde Madrid 8 noches Resort Barcel\u00f3 Gran Faro 5* en r\u00e9gimen de Todo Incluido desde 1.305 \u20ac por persona. Informaci\u00f3n y reservas <a rel=\"nofollow noopener\" target=\"_blank\" href=\"http:\/\/www.nautaliaviajes.com\">www.nautaliaviajes.com<\/a> 919 100 811 o alguna de sus 200 oficinas<\/p>\n<aside class=\"add300x600 publi-interior-bot ad-inline ad-container-r2\"\/><\/div>\n<p><!-- START: tags-rel  --><!-- END: tags-rel   --><br \/>\n<!-- START:toolbar --><!-- END:toolbar --><\/div>\n\n<p><em> &#8221; Fuentes viajes.nationalgeographic.com.es &#8221; <\/em><\/p>\n","protected":false},"excerpt":{"rendered":"<p>En el sur de la pen\u00ednsula de Baja California en M\u00e9xico, justo en el extremo, existe una peque\u00f1a comarca paradisiaca llamada Los Cabos. Rodeada por el oc\u00e9ano Pac\u00edfico y albergando un desierto en su inside, la pen\u00ednsula es todo un universo de contrastes donde poder llenarse de vida y de incre\u00edbles historias que contar. Aunque [&hellip;]<\/p>\n","protected":false},"author":4,"featured_media":343023,"comment_status":"open","ping_status":"closed","sticky":false,"template":"","format":"standard","meta":{"om_disable_all_campaigns":false,"jnews-multi-image_gallery":[],"jnews_single_post":[],"jnews_primary_category":[],"jnews_social_meta":[],"footnotes":""},"categories":[39],"tags":[47258,47257],"class_list":["post-343022","post","type-post","status-publish","format-standard","has-post-thumbnail","hentry","category-viajes","tag-cargado-desde-el-fichero-de-recursos","tag-keywords-por-defecto"],"_links":{"self":[{"href":"https:\/\/dimensionturistica.com\/es\/wp-json\/wp\/v2\/posts\/343022","targetHints":{"allow":["GET"]}}],"collection":[{"href":"https:\/\/dimensionturistica.com\/es\/wp-json\/wp\/v2\/posts"}],"about":[{"href":"https:\/\/dimensionturistica.com\/es\/wp-json\/wp\/v2\/types\/post"}],"author":[{"embeddable":true,"href":"https:\/\/dimensionturistica.com\/es\/wp-json\/wp\/v2\/users\/4"}],"replies":[{"embeddable":true,"href":"https:\/\/dimensionturistica.com\/es\/wp-json\/wp\/v2\/comments?post=343022"}],"version-history":[{"count":0,"href":"https:\/\/dimensionturistica.com\/es\/wp-json\/wp\/v2\/posts\/343022\/revisions"}],"wp:featuredmedia":[{"embeddable":true,"href":"https:\/\/dimensionturistica.com\/es\/wp-json\/wp\/v2\/media\/343023"}],"wp:attachment":[{"href":"https:\/\/dimensionturistica.com\/es\/wp-json\/wp\/v2\/media?parent=343022"}],"wp:term":[{"taxonomy":"category","embeddable":true,"href":"https:\/\/dimensionturistica.com\/es\/wp-json\/wp\/v2\/categories?post=343022"},{"taxonomy":"post_tag","embeddable":true,"href":"https:\/\/dimensionturistica.com\/es\/wp-json\/wp\/v2\/tags?post=343022"}],"curies":[{"name":"wp","href":"https:\/\/api.w.org\/{rel}","templated":true}]}}