{"id":342854,"date":"2022-06-30T13:32:33","date_gmt":"2022-06-30T13:32:33","guid":{"rendered":"https:\/\/dimensionturistica.com\/es\/?p=342854"},"modified":"2022-06-30T13:32:33","modified_gmt":"2022-06-30T13:32:33","slug":"revaloran-en-exposicion-el-legado-de-gertrude-duby-en-mexico-y-su-compromiso-con-los-lacandones","status":"publish","type":"post","link":"https:\/\/dimensionturistica.com\/es\/revaloran-en-exposicion-el-legado-de-gertrude-duby-en-mexico-y-su-compromiso-con-los-lacandones\/","title":{"rendered":"Revaloran en exposici\u00f3n el legado de Gertrude Duby en M\u00e9xico y su compromiso con los lacandones"},"content":{"rendered":"<p><img decoding=\"async\" class=\"size-medium wp-image-342858 alignleft\" src=\"https:\/\/dimensionturistica.com\/es\/wp-content\/uploads\/2022\/06\/CHIAPAS1-300x219.jpg\" alt=\"\" width=\"300\" height=\"219\" srcset=\"https:\/\/dimensionturistica.com\/es\/wp-content\/uploads\/2022\/06\/CHIAPAS1-300x219.jpg 300w, https:\/\/dimensionturistica.com\/es\/wp-content\/uploads\/2022\/06\/CHIAPAS1.jpg 400w\" sizes=\"(max-width: 300px) 100vw, 300px\" \/>La exposici\u00f3n temporal Gertrude Duby: una suiza para Chiapas, a inaugurarse el pr\u00f3ximo viernes 1 de julio en el Museo Nacional de las Culturas del Mundo (MNCM), recoge varias facetas de la vida de quien fuera exploradora, pionera del ecologismo, documentalista del pueblo lacand\u00f3n e investigadora de la cultura maya, ejemplo de respeto y compromiso con la otredad.<br \/>\nGertrude Duby de Blom (1901-1993), se dedic\u00f3 a la protecci\u00f3n ambiental y la defensa de las poblaciones discriminadas, principalmente en su elegido M\u00e9xico. Curada por el investigador H. Antonio Garc\u00eda Z\u00fa\u00f1iga, la muestra se realiza en colaboraci\u00f3n con la Embajada de Suiza en M\u00e9xico y la Asociaci\u00f3n Cultural Na Bolom, A. C.<br \/>\n\u201cEsta exposici\u00f3n nos permite resaltar la buena relaci\u00f3n de amistad y cooperaci\u00f3n que hay entre ambas naciones y visibilizar los lazos que han unido a ambos pa\u00edses, as\u00ed como la trascendencia de Duby en el legado cultural mexicano y de una regi\u00f3n muy querida como lo es Chiapas. Trudi Duby resulta una excelente embajadora de Suiza en M\u00e9xico debido a su enorme labor en temas tan importantes para Suiza como lo son el cuidado al medio ambiente y la defensa de los Derechos Humanos.\u201d, destaca el Agregado Cultural Jos\u00e9<img decoding=\"async\" class=\"size-medium wp-image-342859 alignleft\" src=\"https:\/\/dimensionturistica.com\/es\/wp-content\/uploads\/2022\/06\/CHIAPAS2-300x200.jpg\" alt=\"\" width=\"300\" height=\"200\" srcset=\"https:\/\/dimensionturistica.com\/es\/wp-content\/uploads\/2022\/06\/CHIAPAS2-300x200.jpg 300w, https:\/\/dimensionturistica.com\/es\/wp-content\/uploads\/2022\/06\/CHIAPAS2.jpg 400w\" sizes=\"(max-width: 300px) 100vw, 300px\" \/> Mar\u00eda Mac\u00edas.<br \/>\nLa exhibici\u00f3n pretende visibilizar y reconocer a esta suiza-mexicana, revalorar su legado que trasciende los espacios, comunidades y conocimientos que contribuy\u00f3 a preservar, siendo modelo de aprecio de la diversidad humana, de cuidado del patrimonio natural y de compromiso con la identidad de auto-adscripci\u00f3n.<br \/>\nA decir del ling\u00fcista H. Antonio Garc\u00eda Z\u00fa\u00f1iga, investigador del MNCM, la exposici\u00f3n propone un recorrido que puede cambiar nuestra visi\u00f3n respecto a lo que es sentirse parte de esta tierra mexicana. Por ello invita a quienes realicen la visita, a tratar de \u201cobservar a Gertrude Duby como un ser humano que actu\u00f3 con un convencimiento firme, por lo que sus acciones se transformaron en un legado que estamos en la obligaci\u00f3n de aquilatar\u201d.<br \/>\nA trav\u00e9s de fotos, documentos, vestidos, joyer\u00eda, libros y textos, el p\u00fablico podr\u00e1 aproximarse a su car\u00e1cter, intereses e intenciones, y observar pasajes de su vida, especialmente en Chiapas, M\u00e9xico. Adem\u00e1s, la muestra se enriqueci\u00f3 con objetos de uso cotidiano y grabaciones de cantos de la cultura lacandona, as\u00ed como de pinturas hechas por ni\u00f1as y ni\u00f1os del pueblo de Nah\u00e1.<br \/>\nLa exposici\u00f3n se estructura a partir de las \u201ccinco vidas\u201d de Gertrude Duby, seg\u00fan defini\u00f3 ella misma, etapas imprescindibles para el desarrollo de su esp\u00edritu humanista y conciencia ecol\u00f3gica. La infancia en los boscosos Alpes suizos, en el pueblo de Innertkirchen, en el cant\u00f3n de Berna, que influy\u00f3 en su decisi\u00f3n de estudiar en la Escuela Suiza de Horticultura para Mujeres, en Niederlenz, y su primera aproximaci\u00f3n a la atenci\u00f3n de problemas sociales en la Escuela Social para Mujeres de Z\u00farich.<br \/>\nPoco conocida es su segunda fase, siendo activista y periodista socialista, antifascista y feminista en varios pa\u00edses de Europa, entre los a\u00f1os 20 y 30 del siglo pasado. En esa \u00e9poca, entre otras actividades, se enfoc\u00f3 en la denuncia de gobiernos fascistas, la cr\u00f3nica de guerra y la ayuda a refugiados, siendo apresada por ello en dos ocasiones y orillada a exiliarse en Am\u00e9rica, en 1940, en un viaje en el que conoci\u00f3 la cultura lacandona a trav\u00e9s de un libro de etnolog\u00eda mexicana.<img decoding=\"async\" class=\"size-medium wp-image-342861 alignright\" src=\"https:\/\/dimensionturistica.com\/es\/wp-content\/uploads\/2022\/06\/CHIAPAS4-300x300.jpg\" alt=\"\" width=\"300\" height=\"300\" srcset=\"https:\/\/dimensionturistica.com\/es\/wp-content\/uploads\/2022\/06\/CHIAPAS4-300x300.jpg 300w, https:\/\/dimensionturistica.com\/es\/wp-content\/uploads\/2022\/06\/CHIAPAS4-150x150.jpg 150w, https:\/\/dimensionturistica.com\/es\/wp-content\/uploads\/2022\/06\/CHIAPAS4-75x75.jpg 75w, https:\/\/dimensionturistica.com\/es\/wp-content\/uploads\/2022\/06\/CHIAPAS4-350x350.jpg 350w, https:\/\/dimensionturistica.com\/es\/wp-content\/uploads\/2022\/06\/CHIAPAS4.jpg 400w\" sizes=\"(max-width: 300px) 100vw, 300px\" \/><br \/>\nEl recorrido contin\u00faa con su llegada al continente americano, ejerciendo como periodista en Estados Unidos, hasta conseguir su visa para M\u00e9xico, con la meta de llegar a la regi\u00f3n lacandona. En el camino sigui\u00f3 como acompa\u00f1ante de personas refugiadas, e hizo trabajos documentando la labor femenina en f\u00e1bricas. En Morelos, pudo recoger algunos testimonios de mujeres que lucharon junto a Emiliano Zapata, que se publicaron en peri\u00f3dicos mexicanos y extranjeros. Tambi\u00e9n se interes\u00f3 en la prevalencia de la oncocercosis y de las industrias tradicionales de Chiapas, a la vez que desarroll\u00f3 una pasi\u00f3n por montar a caballo y la fotograf\u00eda.<br \/>\nSu cuarta vida transcurre a partir de su llegada a Chiapas en 1943, ya dotada de experiencia en la investigaci\u00f3n social y conocimiento de la cultura mexicana, al formar parte de la primera expedici\u00f3n indigenista para establecer relaciones con el pueblo lacand\u00f3n. Su simpat\u00eda con esta comunidad fue inmediata, y no dud\u00f3 en introducirse en su forma de vida y cultura, pero tambi\u00e9n en sus luchas contra la destrucci\u00f3n del territorio y por el derecho a la autodeterminaci\u00f3n.<br \/>\nEn la exposici\u00f3n se aprecia parte de su trabajo de documentaci\u00f3n de la poblaci\u00f3n lacandona y del estado de deterioro de la selva, como una estrategia para dar a conocer ese entorno, su importancia, e impulsar su conservaci\u00f3n. En este plan Gertrude propuso adem\u00e1s ubicar al pueblo lacand\u00f3n entre la historia de la cultura maya, para lo cual desarroll\u00f3 investigaciones junto al arque\u00f3logo dan\u00e9s Frans Blom, quien se convertir\u00eda en su esposo en 1950.<br \/>\nSu \u00faltima etapa se ubica en San Crist\u00f3bal de las Casas, donde Duby y Blom establecieron su residencia definitiva y fundaron la Asociaci\u00f3n Cultural Na Bolom (\u201cCasa del jaguar\u201d en tsotsil), un espacio especializado en culturas chiapanecas, conformado por una biblioteca, un museo, un vivero, una escuela y un sitio ecotur\u00edstico. Este segmento tambi\u00e9n abarca la producci\u00f3n literaria de Gertrude Duby, y los reconocimientos que obtuvo por su labor antropol\u00f3gica y ambiental.<br \/>\nPor su parte, la Embajada de Suiza continuar\u00e1 reforzando actividades culturales y de hermandad que enaltezcan la extraordinaria relaci\u00f3n que por m\u00e1s de 75 a\u00f1os ha caracterizado a M\u00e9xico y el pa\u00eds helv\u00e9tico, ligado a la difusi\u00f3n de valores resaltados en exposiciones culturales como esta.<br \/>\nLa exposici\u00f3n Gertrude Duby: una suiza para Chiapas ser\u00e1 inaugurada el viernes 1 de julio de 2022, a las 13 horas, en la Sala Segundo Nivel del Museo Nacional de las Culturas del Mundo, ubicado en la calle Moneda, n\u00famero 13, Centro Hist\u00f3rico de la Ciudad de M\u00e9xico, a una cuadra del metro Z\u00f3calo\/Tenochtitlan. Entrada libre.<br \/>\nP\u00e1gina Web: Embajada de Suiza en M\u00e9xico<br \/>\nTwitter: @CH_Mexico<br \/>\nFacebook: @EmbajadaSuizaMexico<br \/>\nInstagram: @casadesuiza<\/p>\n","protected":false},"excerpt":{"rendered":"<p>La exposici\u00f3n temporal Gertrude Duby: una suiza para Chiapas, a inaugurarse el pr\u00f3ximo viernes 1 de julio en el Museo Nacional de las Culturas del Mundo (MNCM), recoge varias facetas de la vida de quien fuera exploradora, pionera del ecologismo, documentalista del pueblo lacand\u00f3n e investigadora de la cultura maya, ejemplo de respeto y compromiso [&hellip;]<\/p>\n","protected":false},"author":1,"featured_media":342860,"comment_status":"open","ping_status":"closed","sticky":false,"template":"","format":"standard","meta":{"om_disable_all_campaigns":false,"jnews-multi-image_gallery":[],"jnews_single_post":{"source_name":"","source_url":"","via_name":"","via_url":"","override_template":"0","override":[{"template":"1","single_blog_custom":"","parallax":"1","fullscreen":"1","layout":"right-sidebar","sidebar":"default-sidebar","second_sidebar":"default-sidebar","sticky_sidebar":"1","share_position":"top","share_float_style":"share-monocrhome","show_share_counter":"1","show_view_counter":"1","show_featured":"1","show_post_meta":"1","show_post_author":"1","show_post_author_image":"1","show_post_date":"1","post_date_format":"default","post_date_format_custom":"Y\/m\/d","show_post_category":"1","show_post_reading_time":"0","post_reading_time_wpm":"300","show_zoom_button":"0","zoom_button_out_step":"2","zoom_button_in_step":"3","show_post_tag":"1","show_prev_next_post":"1","show_popup_post":"1","number_popup_post":"1","show_author_box":"0","show_post_related":"0","show_inline_post_related":"0"}],"override_image_size":"0","image_override":[{"single_post_thumbnail_size":"crop-500","single_post_gallery_size":"crop-500"}],"trending_post":"0","trending_post_position":"meta","trending_post_label":"Trending","sponsored_post":"0","sponsored_post_label":"Sponsored by","sponsored_post_name":"","sponsored_post_url":"","sponsored_post_logo_enable":"0","sponsored_post_logo":"","sponsored_post_desc":"","disable_ad":"0"},"jnews_primary_category":{"id":""},"jnews_social_meta":{"fb_title":"","fb_description":"","fb_image":"","twitter_title":"","twitter_description":"","twitter_image":""},"footnotes":""},"categories":[39],"tags":[],"class_list":["post-342854","post","type-post","status-publish","format-standard","has-post-thumbnail","hentry","category-viajes"],"_links":{"self":[{"href":"https:\/\/dimensionturistica.com\/es\/wp-json\/wp\/v2\/posts\/342854","targetHints":{"allow":["GET"]}}],"collection":[{"href":"https:\/\/dimensionturistica.com\/es\/wp-json\/wp\/v2\/posts"}],"about":[{"href":"https:\/\/dimensionturistica.com\/es\/wp-json\/wp\/v2\/types\/post"}],"author":[{"embeddable":true,"href":"https:\/\/dimensionturistica.com\/es\/wp-json\/wp\/v2\/users\/1"}],"replies":[{"embeddable":true,"href":"https:\/\/dimensionturistica.com\/es\/wp-json\/wp\/v2\/comments?post=342854"}],"version-history":[{"count":0,"href":"https:\/\/dimensionturistica.com\/es\/wp-json\/wp\/v2\/posts\/342854\/revisions"}],"wp:featuredmedia":[{"embeddable":true,"href":"https:\/\/dimensionturistica.com\/es\/wp-json\/wp\/v2\/media\/342860"}],"wp:attachment":[{"href":"https:\/\/dimensionturistica.com\/es\/wp-json\/wp\/v2\/media?parent=342854"}],"wp:term":[{"taxonomy":"category","embeddable":true,"href":"https:\/\/dimensionturistica.com\/es\/wp-json\/wp\/v2\/categories?post=342854"},{"taxonomy":"post_tag","embeddable":true,"href":"https:\/\/dimensionturistica.com\/es\/wp-json\/wp\/v2\/tags?post=342854"}],"curies":[{"name":"wp","href":"https:\/\/api.w.org\/{rel}","templated":true}]}}