{"id":342709,"date":"2022-06-30T10:58:26","date_gmt":"2022-06-30T10:58:26","guid":{"rendered":"https:\/\/dimensionturistica.com\/es\/?p=342709"},"modified":"2022-06-30T10:58:26","modified_gmt":"2022-06-30T10:58:26","slug":"las-reservas-aereas-para-viajar-a-espana-en-julio-y-agosto-se-disparan-hasta-los-20-millones-companias","status":"publish","type":"post","link":"https:\/\/dimensionturistica.com\/es\/las-reservas-aereas-para-viajar-a-espana-en-julio-y-agosto-se-disparan-hasta-los-20-millones-companias\/","title":{"rendered":"Las reservas a\u00e9reas para viajar a Espa\u00f1a en julio y agosto se disparan hasta los 20 millones | Compa\u00f1\u00edas"},"content":{"rendered":"<p> <br \/>\n<\/p>\n<div id=\"cuerpo_noticia\" itemprop=\"articleBody\">\n<p>Pese a la invasi\u00f3n de Rusia en Ucrania y pese <a rel=\"nofollow noopener\" target=\"_blank\" href=\"https:\/\/cincodias.elpais.com\/cincodias\/2022\/06\/29\/economia\/1656485600_625838.html\">a la inflaci\u00f3n desbocada en todo el mundo<\/a>, el Ejecutivo ha lanzado esta ma\u00f1ana un mensaje de optimismo sobre la pr\u00f3xima temporada alta. \u201cAsistimos al regreso del turista internacional, ya que <strong>en julio y agosto habremos recuperado el 92% de los que llegaron antes de la pandemia<\/strong>, y adem\u00e1s vamos a seguir contando con el turista nacional, que incluso realizar\u00e1 m\u00e1s viajes que en 2019\u201d, recalc\u00f3 <strong>Fernando Vald\u00e9s, secretario de Estado de Turismo<\/strong> durante la rueda de prensa para presentar las previsiones de llegadas de viajeros extranjeros. En su opini\u00f3n se ha pasado en dos a\u00f1os \u201cde una pandemia inimaginable a recuperar nueve de cada diez reservas internacionales\u201d, con lo que resalt\u00f3 la resiliencia de la industria tur\u00edstica. \u201cPero todav\u00eda no estamos en la recuperaci\u00f3n plena\u201d.<\/p>\n<p>Los datos, <a rel=\"nofollow noopener\" target=\"_blank\" href=\"https:\/\/forwardkeys.com\/es\/\">extra\u00eddos por la consultora ForwardKeys<\/a>, recalcan que a 23 de junio las reservas de plazas para viajar en avi\u00f3n en Espa\u00f1a se situaban en 20 millones, lo que supone el 92% de los asientos reservados en el mismo per\u00edodo de 2019. <strong>\u201cLas reservas solo est\u00e1n un 8% por debajo. Canarias y Baleares est\u00e1n por encima<\/strong>, con dos destinos (Menorca y Fuerteventura), en el que las reservas ya se sit\u00faan un 19% y un 17% por encima de los niveles precrisis\u201d, apunt\u00f3 <strong>Juan Antonio G\u00f3mez, jefe de inteligencia de mercado de ForwardKeys<\/strong>. En el otro lado aparecen Barcelona y Madrid, los dos destinos con una recuperaci\u00f3n m\u00e1s lenta, ya que todav\u00eda se sit\u00faan un 17% y un 16% por debajo de las cifras de 2019. La raz\u00f3n elementary es la ausencia de turismo de largo radio, bien por la falta de conectividad en destinos como EE UU o por la ausencia de los grandes destinos del sudeste asi\u00e1tico, especialmente <a rel=\"nofollow noopener\" target=\"_blank\" href=\"https:\/\/cincodias.elpais.com\/cincodias\/2022\/04\/25\/companias\/1650906286_875585.html\">China, muy afectados por la pandemia todav\u00eda<\/a>.<\/p>\n<section class=\"sumario_apoyos centro\" id=\"sumario_1|apoyos\">\n<\/section>\n<p>Por mercados de origen, el estudio muestra la recuperaci\u00f3n sin ambages de <strong>Reino Unido, que vuelve a la primera posici\u00f3n como emisor de viajeros, con 5 millones de reservas, el 25% del complete<\/strong>. G\u00f3mez, sin embargo, destac\u00f3 el fuerte crecimiento experimentado por las reservas de los Pa\u00edses N\u00f3rdicos, que les sit\u00faan entre las tres naciones con mejor evoluci\u00f3n comparando 2019 y 2022, con Suecia a la cabeza, con un alza del 79%, seguida de Dinamarca (46%) y Noruega (33%). Entre los mayores mercados emisores, <strong>Alemania aparece con un alza del 22%, Reino Unido con un incremento del 5% y Francia con un 1% m\u00e1s.<\/strong><\/p>\n<p>Las reservas no se han visto afectadas por el espectacular crecimiento de los precios en Espa\u00f1a, con <a rel=\"nofollow noopener\" target=\"_blank\" href=\"https:\/\/www.ine.es\/daco\/daco42\/daco421\/ipcia0622.pdf\">un dato adelantado de inflaci\u00f3n para junio que sit\u00faa el avance en el 10,2%<\/a>. \u201c<strong>La gran demanda est\u00e1 desactivando cualquier impacto negativo de la inflaci\u00f3n<\/strong> y solo la ca\u00edda del largo radio evita crecimientos mayores\u201d, recalc\u00f3 G\u00f3mez. Por su parte, el secretario de estado de Turismo remarc\u00f3 que ninguno de los indicadores que manejan anticipan una correcci\u00f3n de esa tendencia de las reservas al alza. \u201c<strong>Se est\u00e1 produciendo una tensi\u00f3n inflacionista en la energ\u00eda que se est\u00e1 trasladando al resto de la cadena de valor<\/strong> y no me parece que el turismo sea responsable de lo que est\u00e1 sucediendo\u201d, precis\u00f3 Vald\u00e9s.<\/p>\n<\/div>\n\n<p><em> &#8221; Fuentes cincodias.elpais.com &#8221; <\/em><\/p>\n","protected":false},"excerpt":{"rendered":"<p>Pese a la invasi\u00f3n de Rusia en Ucrania y pese a la inflaci\u00f3n desbocada en todo el mundo, el Ejecutivo ha lanzado esta ma\u00f1ana un mensaje de optimismo sobre la pr\u00f3xima temporada alta. \u201cAsistimos al regreso del turista internacional, ya que en julio y agosto habremos recuperado el 92% de los que llegaron antes de [&hellip;]<\/p>\n","protected":false},"author":4,"featured_media":342710,"comment_status":"open","ping_status":"closed","sticky":false,"template":"","format":"standard","meta":{"om_disable_all_campaigns":false,"jnews-multi-image_gallery":[],"jnews_single_post":[],"jnews_primary_category":[],"jnews_social_meta":[],"footnotes":""},"categories":[39],"tags":[48441,484,39535,1291,1292,2846,6426,13719,7986,770,11742,1415,5680,13845,1348,2806,1810,6799,790],"class_list":["post-342709","post","type-post","status-publish","format-standard","has-post-thumbnail","hentry","category-viajes","tag-20-millones","tag-484","tag-acaparar","tag-aereas","tag-aereo","tag-agosto","tag-asiento","tag-cifra","tag-disparar","tag-espana","tag-julio","tag-nivel","tag-ocho","tag-precrisis","tag-punto","tag-quedar","tag-reino-unido","tag-reserva","tag-viajar"],"_links":{"self":[{"href":"https:\/\/dimensionturistica.com\/es\/wp-json\/wp\/v2\/posts\/342709","targetHints":{"allow":["GET"]}}],"collection":[{"href":"https:\/\/dimensionturistica.com\/es\/wp-json\/wp\/v2\/posts"}],"about":[{"href":"https:\/\/dimensionturistica.com\/es\/wp-json\/wp\/v2\/types\/post"}],"author":[{"embeddable":true,"href":"https:\/\/dimensionturistica.com\/es\/wp-json\/wp\/v2\/users\/4"}],"replies":[{"embeddable":true,"href":"https:\/\/dimensionturistica.com\/es\/wp-json\/wp\/v2\/comments?post=342709"}],"version-history":[{"count":0,"href":"https:\/\/dimensionturistica.com\/es\/wp-json\/wp\/v2\/posts\/342709\/revisions"}],"wp:featuredmedia":[{"embeddable":true,"href":"https:\/\/dimensionturistica.com\/es\/wp-json\/wp\/v2\/media\/342710"}],"wp:attachment":[{"href":"https:\/\/dimensionturistica.com\/es\/wp-json\/wp\/v2\/media?parent=342709"}],"wp:term":[{"taxonomy":"category","embeddable":true,"href":"https:\/\/dimensionturistica.com\/es\/wp-json\/wp\/v2\/categories?post=342709"},{"taxonomy":"post_tag","embeddable":true,"href":"https:\/\/dimensionturistica.com\/es\/wp-json\/wp\/v2\/tags?post=342709"}],"curies":[{"name":"wp","href":"https:\/\/api.w.org\/{rel}","templated":true}]}}