{"id":342696,"date":"2022-06-30T10:42:22","date_gmt":"2022-06-30T10:42:22","guid":{"rendered":"https:\/\/dimensionturistica.com\/es\/?p=342696"},"modified":"2022-06-30T10:42:22","modified_gmt":"2022-06-30T10:42:22","slug":"netflix-estrena-en-madrid-sus-rutas-europeas","status":"publish","type":"post","link":"https:\/\/dimensionturistica.com\/es\/netflix-estrena-en-madrid-sus-rutas-europeas\/","title":{"rendered":"Netflix estrena en Madrid sus rutas europeas"},"content":{"rendered":"<p> <br \/>\n<\/p>\n<div>\n<aside class=\"subscription-highlighted\">\n<div class=\"subscription-container\">\n<div class=\"non-subscribed\">\n<p class=\"description\">Somos de rutas, no de rutinas. Descubre Viajes Nationwide Geographic<\/p>\n<p><a rel=\"nofollow noopener\" target=\"_blank\" href=\"https:\/\/tienda.rbarevistas.com\/por-que-viajes-national-geographic.html?rba_source=viajes.nationalgeographic.com.es&amp;rba_medium=referral&amp;rba_campaign=NGMV&amp;rba_content=frase-articulo\" class=\"more-link\">SABER M\u00c1S<\/a><\/div>\n<\/div>\n<\/aside>\n<p style=\"display: none;\"><img decoding=\"async\" id=\"ctl01_ctl00_phMain_phMain_ctl00_ctl02_ctl17_ctl01_imgContent\" src=\"https:\/\/viajes.nationalgeographic.com.es\/medio\/2022\/06\/30\/cables_125aa533_800x800.jpg\" alt=\"Cables\" style=\"border-width:0px;\"\/><\/p>\n<aside class=\"add300x250 publi-interior-top ad-container-r1 ad-inline\"\/>\n<h2 dir=\"ltr\"><span id=\"docs-internal-guid-8e090034-7fff-abb7-5048-5c8c990a9384\">Primera parada en Madrid: de Cervantes a los hermanos Lumi\u00e8re. <\/span><\/h2>\n<p><span id=\"docs-internal-guid-8e090034-7fff-abb7-5048-5c8c990a9384\">Por alg\u00fan lugar hay que comenzar. Y nada mejor que hacerlo con <strong>los pioneros en eso de invitar a viajar con la imaginaci\u00f3n<\/strong>. En el caso de Madrid, <strong>el recorrido arranca en la plaza de Espa\u00f1a<\/strong>, a la sombra que brindan a primera hora de la ma\u00f1ana la Torre Madrid, en la que se alojaba en uno de sus apartamentos Bu\u00f1uel cuando visitaba la capital, y el edificio Espa\u00f1a, hoy ocupado en parte por el Resort Riu, en el que se han rodado varias escenas vertiginosas de las collection de <\/span><em>\u00c9lite<\/em> y <em>Valeria<\/em>.<\/p>\n<div class=\"cuadro-destacado\">\n<p class=\"overtitle\">C\u00f3mo reservar<\/p>\n<h3 class=\"title\"><span id=\"docs-internal-guid-e8cb2880-7fff-8de9-210b-34106ee318ca\">De la pantalla a la calle<\/span><\/h3>\n<ol class=\"destacado-list\">\n<li class=\"destacado-list-item\">\n<p class=\"list-item-title\">\u00bfCu\u00e1ndo?<\/p>\n<p class=\"list-item-text\"><span id=\"docs-internal-guid-dcaca561-7fff-729e-0142-951557832390\">Los excursions gratuitos tendr\u00e1n lugar de forma diaria desde el 11 de julio hasta el 17 de julio.<\/span><\/p>\n<\/li>\n<li class=\"destacado-list-item\">\n<p class=\"list-item-title\">\u00bfEn qu\u00e9 idioma?<\/p>\n<p class=\"list-item-text\"><span id=\"docs-internal-guid-3d6fab8a-7fff-bb39-5bae-fa6cd5d93683\">Los recorridos guiados de Netflix en Madrid ser\u00e1n realizados en ingl\u00e9s y en espa\u00f1ol.<\/span><\/p>\n<\/li>\n<li class=\"destacado-list-item\">\n<p class=\"list-item-title\">\u00bfYa se puede reservar?<\/p>\n<p class=\"list-item-text\">Est\u00e1n trabajando para a\u00f1adir m\u00e1s franjas horarias para que todo el mundo pueda disfrutar de la experiencia. Se puede reservar <a rel=\"nofollow noopener\" target=\"_blank\" href=\"https:\/\/netflix.neweuropetours.eu\/\">aqu\u00ed.<\/a><\/p>\n<\/li>\n<\/ol>\n<\/div>\n<p><span id=\"docs-internal-guid-53841f86-7fff-3432-eb51-db1f8389ab4f\">Ambos edificios son el cinematogr\u00e1fico fondo que luce el monumento Miguel de Cervantes que hay en el centro de la plaza. El escritor manco que cont\u00f3 una tierra m\u00e1s marciana que manchega y que hace que hoy en d\u00eda much\u00edsima gente peregrine a ese lugar del que su narrador no quiere acordarse del nombre.<\/span><\/p>\n<p dir=\"ltr\">La historia del cine es mucho m\u00e1s reciente que la de la literatura, y sus inicios son m\u00e1s modestos. Los hermanos Lumi\u00e8re inventaron el cinemat\u00f3grafo en 1895 con la primera sesi\u00f3n p\u00fablica de cine en Par\u00eds. En Espa\u00f1a, el cine lleg\u00f3 un a\u00f1o despu\u00e9s, en los bajos del desaparecido Resort Rusia de Madrid. Entre el p\u00fablico se encontraba la Reina Mar\u00eda Cristina, quien se qued\u00f3 maravillada con esas animadas im\u00e1genes, a las que despu\u00e9s se sum\u00f3 la voz y la m\u00fasica. El cine sonoro se instaur\u00f3 en Espa\u00f1a en 1929, el mismo a\u00f1o que muri\u00f3 la reina, y en ello tuvo un papel clave la pel\u00edcula <em>The Jazz Singer<\/em>. A rebufo de toda esa fiebre cinematogr\u00e1fica se construyeron en Aranjuez en 1932 unos estudios cinematogr\u00e1ficos en los que se rodaron pel\u00edculas hasta el estallido de la Guerra Civil.<\/p>\n<div class=\"cuadro-destacado\">\n<p class=\"overtitle\">Ruta cin\u00e9fila de Netflix<\/p>\n<h3 class=\"title\">El dato cin\u00e9filo<\/h3>\n<ol class=\"destacado-list\">\n<li class=\"destacado-list-item\">\n<p class=\"list-item-title\"><span id=\"docs-internal-guid-6ed056a6-7fff-0fe4-2b02-801fa016df9f\">\u00bfSab\u00edas que&#8230;?<\/span><\/p>\n<p dir=\"ltr\"><span id=\"docs-internal-guid-c2167ea6-7fff-b3d6-7dd7-532330d7c8e2\">Una de las escenas m\u00e1s representativas de <em>Valeria<\/em> es la que tiene lugar en la emblem\u00e1tica pasarela de la azotea del Resort RIU(Plaza de Espa\u00f1a). \u00a1Pero una de las actrices sufre de v\u00e9rtigo! A pesar de que ello complic\u00f3 el rodaje de esta escena, la actriz fue tan valiente y profesional que casi no se distingue de qui\u00e9n se trata<\/span>.<\/p>\n<\/li>\n<\/ol>\n<\/div>\n<h2 dir=\"ltr\"><span id=\"docs-internal-guid-577bd517-7fff-ffa4-884d-6eab23bd848b\">Segunda parada: Cines, luces de ne\u00f3n y carteler\u00eda<\/span><\/h2>\n<p dir=\"ltr\"><span id=\"docs-internal-guid-577bd517-7fff-ffa4-884d-6eab23bd848b\">Lo m\u00e1s parecido a ese proyecto de Aranjuez que se ha hecho recientemente ha sido la construcci\u00f3n del centro de producci\u00f3n de Netflix en Tres Cantos en 2019. Localidad al pie de la sierra norte madrile\u00f1a, a unos treinta kil\u00f3metros de l<strong>a plaza del Callao, <\/strong><\/span><strong>segunda parada del recorrido<\/strong>.<\/p>\n<div>\n<p dir=\"ltr\"><span id=\"docs-internal-guid-231273b4-7fff-234d-4024-ad0c44459aad\">En la plaza se encuentra el cine Callao. Desde que se present\u00f3 en \u00e9l <em>The Jazz Singer<\/em>, no ha dejado de celebrarse en \u00e9l los estrenos de las pel\u00edculas y collection m\u00e1s medi\u00e1ticas. Tuvo su edad de oro en los a\u00f1os cincuenta del siglo XX, cuando Madrid se convirti\u00f3 en destino de estrellas del mundo del espect\u00e1culo, como por ejemplo <\/span>Ava Gardner, quien se bebi\u00f3 Madrid e hizo que viniera tras ella Frank Sinatra.<\/p>\n<p dir=\"ltr\">\n<figure class=\"thumb zoom\"><img loading=\"lazy\" decoding=\"async\" sizes=\"auto, 100vw\" srcset=\"https:\/\/viajes.nationalgeographic.com.es\/medio\/2022\/06\/30\/callao-y-dineritos_0c3cf2de_720x404.jpg 720w,https:\/\/viajes.nationalgeographic.com.es\/medio\/2022\/06\/30\/callao-y-dineritos_18e4e8ed_1200x674.jpg 1200w\" src=\"https:\/\/viajes.nationalgeographic.com.es\/medio\/2022\/06\/30\/callao-y-dineritos_18e4e8ed_1200x674.jpg\" alt=\"Callao y dineritos\" class=\"lazyload\" width=\"1200\" height=\"674\" data-aspectratio=\"1200\/674\"\/><noscript><img decoding=\"async\" src=\"https:\/\/viajes.nationalgeographic.com.es\/medio\/2022\/06\/30\/callao-y-dineritos_18e4e8ed_1200x674.jpg\" alt=\"Callao y dineritos\"\/><\/noscript><\/p>\n<p>&#13;<figcaption class=\"by\">&#13;Foto: Netflix<\/figcaption>&#13;<\/p>\n<\/figure>\n<p>&#13;<\/p>\n<p dir=\"ltr\"><span id=\"docs-internal-guid-231273b4-7fff-234d-4024-ad0c44459aad\">Celebridades para quienes no pasaron desapercibidos los dise\u00f1os de <strong>las m\u00edticas carteleras de los cines de la Gran V\u00eda madrile\u00f1a, obra de Enrique Herreros<\/strong>. Inspirados por las creaciones de este dibujante, Netflix colg\u00f3 un cartel en la Puerta del Sol para promocionar su serie sobre Pablo Escobar, <\/span><em>Narcos<\/em>, que caus\u00f3 un gran revuelo, sobre todo en Colombia, donde no gust\u00f3 demasiado. En el gran cartel desplegado se pod\u00eda leer \u201cOh, blanca Navidad\u201d. Frase que uni\u00f3 los villancicos con la coca\u00edna y de la que se hicieron eco los medios de comunicaci\u00f3n y muchos madrile\u00f1os y turistas aprovecharon para fotografiar como si fuera un monumento m\u00e1s.<\/p>\n<p><span id=\"docs-internal-guid-231273b4-7fff-234d-4024-ad0c44459aad\">Semanas antes de esta ruta, la plaza y el cine Callao se convirtieron en un gran decorado para el estreno de la \u00faltima temporada de <\/span><em>Stranger Issues<\/em>. En la marquesina de ese mismo cine los incondicionales de <em>La Casa de Papel <\/em>seguro que recuerdan la imagen de El Profesor. Incondicionales que tambi\u00e9n se dejan caer por la F\u00e1brica Nacional de Moneda y Timbre y el Banco de Espa\u00f1a, aunque muchas de esas escenas, en realidad, est\u00e1n rodadas en las antiguas rotativas del diario ABC. Cosas de la ficci\u00f3n.<\/p>\n<h2 dir=\"ltr\"><span id=\"docs-internal-guid-0afed681-7fff-cf98-6de0-91e72ea21bf1\">Tercera parada: la calle desde la que se cruz\u00f3 el Atl\u00e1ntico <\/span><\/h2>\n<p dir=\"ltr\"><span id=\"docs-internal-guid-0afed681-7fff-cf98-6de0-91e72ea21bf1\">La vac\u00eda Gran V\u00eda que grab\u00f3 Alejandro Amen\u00e1bar en su pel\u00edcula <\/span><em>Abre los ojos <\/em>es una quimera. Una imagen que contrasta con la cantidad de gente que hay transitando la superficie y el subsuelo. Subsuelo al que se puede acceder desde hace poco por el reconstruido <a rel=\"nofollow noopener\" target=\"_blank\" href=\"https:\/\/viajes.nationalgeographic.com.es\/lifestyle\/madrid-antonio-palacios-diez-imprescindibles_17754\">templete que dise\u00f1\u00f3 el arquitecto Antonio Palacios<\/a>, a principios del siglo XX y que sirvi\u00f3 de acceso a la primera l\u00ednea de la nueva crimson metropolitana de Madrid, la Norte-Sur (hoy la l\u00ednea 5). As\u00ed que a unos veinte metros de profundidad es donde se encuentra <strong>la tercera parada del recorrido de Netflix<\/strong>. Un acceso a la infraciudad digno de las Tortugas Ninja.<\/p>\n<p dir=\"ltr\"><span id=\"docs-internal-guid-0afed681-7fff-cf98-6de0-91e72ea21bf1\">Al otro lado de la calle en la que est\u00e1 este templete del metro de Gran V\u00eda ,se encuentra <strong>el edificio Telef\u00f3nica, uno de los primeros rascacielos de Europa<\/strong>. Su altura no es la misma, pero su estilo recuerda a los de Nueva York. Desde este edificio se hizo la primera llamada telef\u00f3nica transoce\u00e1nica, ese tipo de llamada que requer\u00eda muchos cables y el servicio de una operadora. La historia de estas mujeres es la que cuenta la serie <\/span><em>Las chicas del cable<\/em>, la primera serie espa\u00f1ola que estren\u00f3 Netflix.<\/p>\n<div>\n<div class=\"cuadro-destacado\">\n<p class=\"overtitle\">RUTA CIN\u00c9FILA DE NETFLIX<\/p>\n<h3 class=\"title\">EL DATO CIN\u00c9FILO<\/h3>\n<ol class=\"destacado-list\">\n<li class=\"destacado-list-item\">\n<p class=\"list-item-title\">\u00bfSab\u00edas que&#8230;?<\/p>\n<p class=\"list-item-text\"><span id=\"docs-internal-guid-85d7b2a6-7fff-5539-728e-209dec002e71\">Para la serie <\/span><em>Las chicas del cable<\/em> se utilizaron trajes originales de los a\u00f1os 20 y 30, tra\u00eddos directamente de Roma.<\/p>\n<\/li>\n<\/ol>\n<\/div>\n<\/div>\n<\/div>\n<p dir=\"ltr\"><span id=\"docs-internal-guid-b33dfc63-7fff-4822-f219-e95861702359\">Y si se habla de mujeres pioneras, hay que mencionar la Casa de las Siete Chimeneas que hay en la cercana plaza del Rey, esquina con la calle de las Infantas. Dicha casa fue la primera sede del Lyceun Membership Femenino, una asociaci\u00f3n cultural feminista cuyo objetivo fue defender la igualdad femenina y la plena incorporaci\u00f3n de la mujer al mundo de la educaci\u00f3n y del trabajo, y en la que destacaron, entre otras mujeres, su presidenta Mar\u00eda de Maeztu, Victoria Kent, Isabel Oyarz\u00e1bal, Mar\u00eda Teresa Le\u00f3n, Ernestina de Champourcin, Concha M\u00e9ndez, Elena Fort\u00fan, Zenobia Camprub\u00ed, Clara Campoamor, Victorina Dur\u00e1n, Carmen Baroja, Amalia Gal\u00e1rraga y Hellen Phillips.<\/span><\/p>\n<h2><span id=\"docs-internal-guid-db1e09ff-7fff-9e54-6456-79e0040a0e0a\">Cuarta parada: un barrio que ha hecho de la diversidad su bandera<\/span><\/h2>\n<p dir=\"ltr\"><span id=\"docs-internal-guid-72b4a675-7fff-01e4-1599-5fef20750be2\">Precisamente, los colindantes barrios de Malasa\u00f1a y Chueca son los preferidos para vivir para muchos de los actores y actrices que aparecen en estas pel\u00edculas y collection. Ambos barrios son tan pintorescos como paradigmas de la gentrificaci\u00f3n. <\/span><strong>La plaza de Chueca, previo paso por la calle Fuencarral, la plaza del Olivo (hoy de Rafaela Carr\u00e1), es la cuarta parada de este recorrido<\/strong>.<\/p>\n<p dir=\"ltr\"><span id=\"docs-internal-guid-72b4a675-7fff-01e4-1599-5fef20750be2\">Chueca suena a la Movida Madrile\u00f1a y a Alaska y ha sido <\/span>plat\u00f3 de rodaje para Pedro Almod\u00f3var en muchas ocasiones. Pel\u00edculas en las que el manchego visibiliz\u00f3 lo invisible y lo que incomodaba e incomoda a una parte de la sociedad espa\u00f1ola: mujeres empoderadas y el mundo homosexual, l\u00e9sbico y trans, las enfermedades de transmisi\u00f3n sexual, las familias monoparentales&#8230; <span id=\"docs-internal-guid-72b4a675-7fff-01e4-1599-5fef20750be2\">El metro de Chueca es el epicentro del ambiente reivindicativo del barrio. Una estaci\u00f3n en la que tambi\u00e9n estuvo presente Netflix en 2016 con su cartel promocional \u201cRainbow is NEW BLACK\u201d. <\/span><\/p>\n<figure class=\"thumb zoom\"><img loading=\"lazy\" decoding=\"async\" sizes=\"auto, 100vw\" srcset=\"https:\/\/viajes.nationalgeographic.com.es\/medio\/2022\/06\/30\/escena-valeria_d324bb6e_720x480.jpg 720w,https:\/\/viajes.nationalgeographic.com.es\/medio\/2022\/06\/30\/escena-valeria_0fc389c7_1200x801.jpg 1200w\" src=\"https:\/\/viajes.nationalgeographic.com.es\/medio\/2022\/06\/30\/escena-valeria_0fc389c7_1200x801.jpg\" alt=\"Escena Valeria\" class=\"lazyload\" width=\"1200\" height=\"801\" data-aspectratio=\"1200\/801\"\/><noscript><img decoding=\"async\" src=\"https:\/\/viajes.nationalgeographic.com.es\/medio\/2022\/06\/30\/escena-valeria_0fc389c7_1200x801.jpg\" alt=\"Escena Valeria\"\/><\/noscript><\/p>\n<p>&#13;<figcaption class=\"by\">&#13;Foto: Netflix<\/figcaption>&#13;<\/p>\n<\/figure>\n<p dir=\"ltr\"><span>El papel y la presencia de la mujer y del del colectivo LGTBIQ+ es cada vez m\u00e1s importante en el cine y la collection puesto que la ficci\u00f3n debe funcionar tambi\u00e9n como reflejo de las sociedades. La prueba de ello se encuentra en <em>\u00c9lite<\/em>, <em>La Casa de Papel<\/em>, <em>Las chicas del cable<\/em> y <em>Valeria<\/em>, por ejemplo. Esta \u00faltima es una serie basada en el libro publicado por Suma, <em>En los zapatos de Valeria<\/em>, de la autora El\u00edsabet Benavent, creada por Mar\u00eda L\u00f3pez Casta\u00f1o y dirigida por Inma Torrente y Nely Reguera. Valeria, la protagonista que quiere vivir de lo que escribe, en la serie se deja ver mucho en el restaurante caf\u00e9 Frida, en la Plaza de la Memoria Trans.<\/span><\/p>\n<p dir=\"ltr\"><span id=\"docs-internal-guid-72b4a675-7fff-01e4-1599-5fef20750be2\">En la \u00faltima escena del primer episodio de la segunda temporada de la serie se supon\u00eda que period septiembre, pero en realidad ese d\u00eda fue un d\u00eda con much\u00edsima niebla. La recoleta plaza es la \u00faltima parada en la que concluye el recorrido ideado por Netflix y SANDEMANs. Por suerte, el cielo azul de julio que disfrutar\u00e1n los participantes de la ruta no tiene nada de ficci\u00f3n.<\/span><\/p>\n<h2>Adem\u00e1s de Madrid, los excursions cin\u00e9filos de Netflix se hacen en Londres y Par\u00eds<\/h2>\n<ul dir=\"ltr\">\n<li><span id=\"docs-internal-guid-38b9d867-7fff-c8b9-d2d3-009ee04d9603\">En el caso de Londres el recorrido sigue las localizaciones en las que se han grabado las collection <em>Anatom\u00eda de un esc\u00e1ndalo<\/em>, <em>The Crown, Bridgerton<\/em>, <em>High boy<\/em> y <em>Enola Holmes<\/em>. De este modo el <em>tour<\/em> hace paradas en Lancaster Home ha servido como ubicaci\u00f3n en dos de las collection m\u00e1s exitosas de Netflix en el Reino Unido, <\/span>The Crown y Bridgerton. El barrio de St. James &#8216;s, donde se encuentran algunos clubes de caballeros privados en Pall Mall. El West Finish, conocido como Theatreland y Leicester Sq., donde desfilan las estrellas del cine sobre la alfombra roja. Cecil Courtroom, conocida como Flicker Alley, el lugar de nacimiento de la industria cinematogr\u00e1fica brit\u00e1nica y Somerset Home, utilizada para muchas filmaciones importantes de cine y televisi\u00f3n.<\/li>\n<li><span id=\"docs-internal-guid-2f140655-7fff-08b6-9ce4-26574de1866d\">En el caso de Par\u00eds el recorrido sigue las localizaciones en las que se han grabado las collection <\/span><em>Emily en Par\u00eds<\/em> y <em>Lupin<\/em>. De este modo el tour hace paradas en Los Jardines de Luxemburgo, el Pante\u00f3n, Notre-Dame y Pont Neuf y el Pont des Arts, en el hist\u00f3rico Barrio Latino, en la Place de l&#8217;Estrapade, el Pante\u00f3n, la Place Saint-Michel, cruza el Pont Saint-Michel hasta la \u00cele de la Cit\u00e9, al otro lado del r\u00edo Sena, donde se encuentra la catedral de Notre-Dame (Netflix pronto estrena una serie titulada Notre-Dame La Half du Feu).<\/li>\n<\/ul>\n<p dir=\"ltr\">\n<figure class=\"thumb zoom\"><img loading=\"lazy\" decoding=\"async\" sizes=\"auto, 100vw\" srcset=\"https:\/\/viajes.nationalgeographic.com.es\/medio\/2022\/06\/30\/tours-netflix_763f4aba_720x720.png 720w,https:\/\/viajes.nationalgeographic.com.es\/medio\/2022\/06\/30\/tours-netflix_6ef749ab_1200x1200.png 1200w\" src=\"https:\/\/viajes.nationalgeographic.com.es\/medio\/2022\/06\/30\/tours-netflix_6ef749ab_1200x1200.png\" alt=\"Tours Netflix\" class=\"lazyload\" width=\"1200\" height=\"1200\" data-aspectratio=\"1200\/1200\"\/><noscript><img decoding=\"async\" src=\"https:\/\/viajes.nationalgeographic.com.es\/medio\/2022\/06\/30\/tours-netflix_6ef749ab_1200x1200.png\" alt=\"Tours Netflix\"\/><\/noscript><\/figure>\n<p>&#13;<\/p>\n<aside class=\"add300x600 publi-interior-bot ad-inline ad-container-r2\"\/><\/div>\n\n<p><em> &#8221; Fuentes viajes.nationalgeographic.com.es &#8221; <\/em><\/p>\n","protected":false},"excerpt":{"rendered":"<p>Somos de rutas, no de rutinas. Descubre Viajes Nationwide Geographic SABER M\u00c1S Primera parada en Madrid: de Cervantes a los hermanos Lumi\u00e8re. Por alg\u00fan lugar hay que comenzar. Y nada mejor que hacerlo con los pioneros en eso de invitar a viajar con la imaginaci\u00f3n. En el caso de Madrid, el recorrido arranca en la [&hellip;]<\/p>\n","protected":false},"author":4,"featured_media":342697,"comment_status":"open","ping_status":"closed","sticky":false,"template":"","format":"standard","meta":{"om_disable_all_campaigns":false,"jnews-multi-image_gallery":[],"jnews_single_post":[],"jnews_primary_category":[],"jnews_social_meta":[],"footnotes":""},"categories":[39],"tags":[47258,47257],"class_list":["post-342696","post","type-post","status-publish","format-standard","has-post-thumbnail","hentry","category-viajes","tag-cargado-desde-el-fichero-de-recursos","tag-keywords-por-defecto"],"_links":{"self":[{"href":"https:\/\/dimensionturistica.com\/es\/wp-json\/wp\/v2\/posts\/342696","targetHints":{"allow":["GET"]}}],"collection":[{"href":"https:\/\/dimensionturistica.com\/es\/wp-json\/wp\/v2\/posts"}],"about":[{"href":"https:\/\/dimensionturistica.com\/es\/wp-json\/wp\/v2\/types\/post"}],"author":[{"embeddable":true,"href":"https:\/\/dimensionturistica.com\/es\/wp-json\/wp\/v2\/users\/4"}],"replies":[{"embeddable":true,"href":"https:\/\/dimensionturistica.com\/es\/wp-json\/wp\/v2\/comments?post=342696"}],"version-history":[{"count":0,"href":"https:\/\/dimensionturistica.com\/es\/wp-json\/wp\/v2\/posts\/342696\/revisions"}],"wp:featuredmedia":[{"embeddable":true,"href":"https:\/\/dimensionturistica.com\/es\/wp-json\/wp\/v2\/media\/342697"}],"wp:attachment":[{"href":"https:\/\/dimensionturistica.com\/es\/wp-json\/wp\/v2\/media?parent=342696"}],"wp:term":[{"taxonomy":"category","embeddable":true,"href":"https:\/\/dimensionturistica.com\/es\/wp-json\/wp\/v2\/categories?post=342696"},{"taxonomy":"post_tag","embeddable":true,"href":"https:\/\/dimensionturistica.com\/es\/wp-json\/wp\/v2\/tags?post=342696"}],"curies":[{"name":"wp","href":"https:\/\/api.w.org\/{rel}","templated":true}]}}