{"id":342491,"date":"2022-06-30T02:01:38","date_gmt":"2022-06-30T02:01:38","guid":{"rendered":"https:\/\/dimensionturistica.com\/es\/?p=342491"},"modified":"2022-06-30T02:01:38","modified_gmt":"2022-06-30T02:01:38","slug":"estados-unidos-pide-a-sus-ciudadanos-reconsiderar-viajes-a-peru-por-criminalidad-y-terrorismo","status":"publish","type":"post","link":"https:\/\/dimensionturistica.com\/es\/estados-unidos-pide-a-sus-ciudadanos-reconsiderar-viajes-a-peru-por-criminalidad-y-terrorismo\/","title":{"rendered":"Estados Unidos pide a sus ciudadanos reconsiderar viajes a Per\u00fa por \u201ccriminalidad y terrorismo\u201d"},"content":{"rendered":"<p> <br \/>\n<\/p>\n<div id=\"article-body\">\n<p>     <!-- foto--><\/p>\n<p><a rel=\"nofollow noopener\" target=\"_blank\" href=\"https:\/\/rpp.pe\/noticias\/estados-unidos?ref=rpp\" data-mce-href=\"https:\/\/rpp.pe\/noticias\/estados-unidos?ref=rpp\">Estados Unidos <\/a>recomend\u00f3 este mi\u00e9rcoles a sus ciudadanos replantearse los viajes a <strong>Per\u00fa<\/strong> al considerar que el riesgo de sufrir delitos o actos de terrorismo ha aumentado en algunas zonas del pa\u00eds.<\/p>\n<p>En un comunicado, el <strong>Departamento de Estado<\/strong> de EE.UU. anunci\u00f3 que ha elevado la alerta de viaje de Per\u00fa al nivel 3 \u2014de un m\u00e1ximo de cuatro niveles\u2014, lo que implica \u201cevitar los viajes debido a serios riesgos para la seguridad\u201d.<\/p>\n<p>Adem\u00e1s, <strong>Estados Unidos<\/strong> pidi\u00f3 expresamente no viajar al departamento de Loreto, en la frontera con <strong>Colombia y Ecuador<\/strong>, ni al Valle de los r\u00edos Apur\u00edmac, Ene y Mantaro por la presencia de terrorismo.<\/p>\n<p>Afirm\u00f3 que la presencia de traficantes de droga y las empobrecidas infraestructuras del departamento de <strong>Loreto<\/strong> \u201climitan la capacidad\u201d de las autoridades peruanas para hacer cumplir la ley.<\/p>\n<p>Remarc\u00f3 tambi\u00e9n que en los valles de los r\u00edos Apur\u00edmac, Ene y Mantaro, permanecen remanentes del grupo terrorista<strong> Sendero Luminoso<\/strong>,\u00a0<a rel=\"nofollow noopener\" target=\"_blank\" href=\"https:\/\/rpp.pe\/peru\/actualidad\/vraem-comision-del-congreso-que-investiga-matanza-de-16-personas-nunca-llego-a-la-zona-noticia-1406998\" data-mce-href=\"https:\/\/rpp.pe\/peru\/actualidad\/vraem-comision-del-congreso-que-investiga-matanza-de-16-personas-nunca-llego-a-la-zona-noticia-1406998\">que atacan \u201cinstalaciones y personal del Gobierno peruano\u201d<\/a>.<\/p>\n<p>El Departamento de Estado sostuvo que delitos como hurtos, robos de veh\u00edculos, atracos y agresiones \u201cson comunes en Per\u00fa y pueden ocurrir durante el d\u00eda a pesar de la presencia de testigos\u201d.\u00a0Afirm\u00f3 adem\u00e1s que el crimen organizado comete \u201cbloqueos\u201d en las carreteras de las afueras de Lima para robar.<\/p>\n<p>Esta entidad norteamericana advirti\u00f3 de casos de estadounidenses que han sido v\u00edctimas de violaciones y problemas de salud al participar en ceremonias de ayahuasca, una bebida ind\u00edgena que genera efectos alucin\u00f3genos.<\/p>\n<h2>Estados Unidos\u00a0tampoco recomienda viajar a Ecuador<\/h2>\n<p>La semana pasada, <strong>Estados Unidos<\/strong> tambi\u00e9n elev\u00f3 a <a rel=\"nofollow noopener\" target=\"_blank\" href=\"https:\/\/rpp.pe\/mundo\/latinoamerica\/estados-unidos-recomienda-no-viajar-a-ecuador-por-las-protestas-y-el-crimen-organizado-noticia-1413375\" data-mce-href=\"https:\/\/rpp.pe\/mundo\/latinoamerica\/estados-unidos-recomienda-no-viajar-a-ecuador-por-las-protestas-y-el-crimen-organizado-noticia-1413375\">nivel 3 la alerta de viaje a Ecuador debido a los \u201cdisturbios y la criminalidad\u201d<\/a> relacionados con las protestas ind\u00edgenas contra el Gobierno. Estas manifestaciones se llevan a cabo desde hace dos semanas.<\/p>\n<p>Han recordado que hay grupos del <strong>crimen organizado<\/strong> y de las pandillas que operan en <strong>Guayaquil<\/strong>, donde se han llevado a cabo cr\u00edmenes violentos en la regi\u00f3n al sur de la avenida Portete de Taequ\u00ed, con asesinatos, robos a mano armada y asaltos.<\/p>\n<p>En este sentido, el Departamento de Estado se\u00f1al\u00f3 de que &#8220;tiene una capacidad limitada&#8221; para asistir a ciudadanos estadounidenses en estas zonas sin el permiso de la Oficina de Seguridad de la Embajada.<\/p>\n<p>La instituci\u00f3n indic\u00f3 a su poblaci\u00f3n que las manifestaciones en curso en el pa\u00eds &#8220;pueden provocar el cierre de carreteras locales y autopistas principales, a menudo sin previo aviso o plazos estimados de reapertura&#8221;.<\/p>\n<p><em>(Con informaci\u00f3n de Agencia EFE)<\/em><\/p>\n<p>\t        \t        <!-- aqui va el contenido medio de la nota -->\n\t    <\/div>\n\n<p><em> &#8221; Fuentes rpp.pe &#8221; <\/em><\/p>\n","protected":false},"excerpt":{"rendered":"<p>Estados Unidos recomend\u00f3 este mi\u00e9rcoles a sus ciudadanos replantearse los viajes a Per\u00fa al considerar que el riesgo de sufrir delitos o actos de terrorismo ha aumentado en algunas zonas del pa\u00eds. En un comunicado, el Departamento de Estado de EE.UU. anunci\u00f3 que ha elevado la alerta de viaje de Per\u00fa al nivel 3 \u2014de [&hellip;]<\/p>\n","protected":false},"author":4,"featured_media":342492,"comment_status":"open","ping_status":"closed","sticky":false,"template":"","format":"standard","meta":{"om_disable_all_campaigns":false,"jnews-multi-image_gallery":[],"jnews_single_post":[],"jnews_primary_category":[],"jnews_social_meta":[],"footnotes":""},"categories":[39],"tags":[2258,1363],"class_list":["post-342491","post","type-post","status-publish","format-standard","has-post-thumbnail","hentry","category-viajes","tag-delincuencia","tag-estados-unidos"],"_links":{"self":[{"href":"https:\/\/dimensionturistica.com\/es\/wp-json\/wp\/v2\/posts\/342491","targetHints":{"allow":["GET"]}}],"collection":[{"href":"https:\/\/dimensionturistica.com\/es\/wp-json\/wp\/v2\/posts"}],"about":[{"href":"https:\/\/dimensionturistica.com\/es\/wp-json\/wp\/v2\/types\/post"}],"author":[{"embeddable":true,"href":"https:\/\/dimensionturistica.com\/es\/wp-json\/wp\/v2\/users\/4"}],"replies":[{"embeddable":true,"href":"https:\/\/dimensionturistica.com\/es\/wp-json\/wp\/v2\/comments?post=342491"}],"version-history":[{"count":0,"href":"https:\/\/dimensionturistica.com\/es\/wp-json\/wp\/v2\/posts\/342491\/revisions"}],"wp:featuredmedia":[{"embeddable":true,"href":"https:\/\/dimensionturistica.com\/es\/wp-json\/wp\/v2\/media\/342492"}],"wp:attachment":[{"href":"https:\/\/dimensionturistica.com\/es\/wp-json\/wp\/v2\/media?parent=342491"}],"wp:term":[{"taxonomy":"category","embeddable":true,"href":"https:\/\/dimensionturistica.com\/es\/wp-json\/wp\/v2\/categories?post=342491"},{"taxonomy":"post_tag","embeddable":true,"href":"https:\/\/dimensionturistica.com\/es\/wp-json\/wp\/v2\/tags?post=342491"}],"curies":[{"name":"wp","href":"https:\/\/api.w.org\/{rel}","templated":true}]}}