{"id":342480,"date":"2022-06-30T01:37:29","date_gmt":"2022-06-30T01:37:29","guid":{"rendered":"https:\/\/dimensionturistica.com\/es\/?p=342480"},"modified":"2022-06-30T01:37:29","modified_gmt":"2022-06-30T01:37:29","slug":"nuevas-rutas-disponibles-desde-el-aeropuerto-de-jerez-en-julio-de-2022","status":"publish","type":"post","link":"https:\/\/dimensionturistica.com\/es\/nuevas-rutas-disponibles-desde-el-aeropuerto-de-jerez-en-julio-de-2022\/","title":{"rendered":"Nuevas rutas disponibles desde el Aeropuerto de Jerez en julio de 2022"},"content":{"rendered":"<p> <br \/>\n<\/p>\n<div>\n<p>El mes de <strong>julio <\/strong>se inicia con una ampliaci\u00f3n de las rutas ofertadas por <strong>Aena <\/strong>en el <strong>Aeropuerto de Jerez de la Frontera<\/strong>. En este sentido, el aer\u00f3dromo jerezano incorporar\u00e1 tres nuevos destinos a su oferta. Los viajeros podr\u00e1n elegir, a partir de este jueves, nuevos destinos en <strong>Londres, Las Palmas de Gran Canaria y Z\u00farich<\/strong>.\u00a0<\/p>\n<p>Durante la \u00e9poca estival el\u00a0aeropuerto de <a rel=\"nofollow noopener\" target=\"_blank\" href=\"https:\/\/www.elmira.es\/seccion\/jerez\/\">Jerez<\/a> contar\u00e1 con un complete de 18 destinos\u00a0este verano\u00a0operados por 14 compa\u00f1\u00edas. La ruta <strong>Londres-Gatwick<\/strong>, operada por <strong>Vueling<\/strong>, se inaugura este jueves 1 de julio; el domingo 3 de julio se reanuda la conexi\u00f3n con Z\u00farich, con la compa\u00f1\u00eda<strong>\u00a0Edelweiss Air<\/strong>; mientras que el vuelo a Las Palmas de Gran Canaria, operado por\u00a0<strong>Binter Canarias<\/strong>, estar\u00e1 disponible a partir del 4 de julio.<\/p>\n<figure class=\"image ckeditor-image\" style=\"max-width: 100%; width: 1800px;\"><img loading=\"lazy\" decoding=\"async\" width=\"1800\" height=\"1013\" alt=\"Flight Friday: Binter saca billetes para viajar entre Jerez y Canarias por menos de 75 euros\" src=\"https:\/\/www.elmira.es\/media\/elmira\/images\/2021\/11\/17\/2021111717391197034.jpg\" class=\"lazyload\" srcset=\"https:\/\/www.elmira.eshttps:\/\/www.elmira.eshttps:\/\/www.elmira.eshttps:\/\/www.elmira.es\/asset\/thumbnail,https:\/\/www.elmira.es\/480,https:\/\/www.elmira.es\/270,https:\/\/www.elmira.es\/https:\/\/www.elmira.es\/https:\/\/www.elmira.es\/https:\/\/www.elmira.es\/center,https:\/\/www.elmira.es\/https:\/\/www.elmira.es\/https:\/\/www.elmira.es\/https:\/\/www.elmira.es\/center\/\/media\/elmira\/images\/2021\/11\/17\/2021111717391197034.jpg https:\/\/www.elmira.es\/480w,https:\/\/www.elmira.eshttps:\/\/www.elmira.eshttps:\/\/www.elmira.eshttps:\/\/www.elmira.es\/asset\/thumbnail,https:\/\/www.elmira.es\/768,https:\/\/www.elmira.es\/432,https:\/\/www.elmira.es\/https:\/\/www.elmira.es\/https:\/\/www.elmira.es\/https:\/\/www.elmira.es\/center,https:\/\/www.elmira.es\/https:\/\/www.elmira.es\/https:\/\/www.elmira.es\/https:\/\/www.elmira.es\/center\/\/media\/elmira\/images\/2021\/11\/17\/2021111717391197034.jpg https:\/\/www.elmira.es\/768w,https:\/\/www.elmira.eshttps:\/\/www.elmira.eshttps:\/\/www.elmira.eshttps:\/\/www.elmira.es\/asset\/thumbnail,https:\/\/www.elmira.es\/992,https:\/\/www.elmira.es\/558,https:\/\/www.elmira.es\/https:\/\/www.elmira.es\/https:\/\/www.elmira.es\/https:\/\/www.elmira.es\/center,https:\/\/www.elmira.es\/https:\/\/www.elmira.es\/https:\/\/www.elmira.es\/https:\/\/www.elmira.es\/center\/\/media\/elmira\/images\/2021\/11\/17\/2021111717391197034.jpg https:\/\/www.elmira.es\/992w,https:\/\/www.elmira.eshttps:\/\/www.elmira.eshttps:\/\/www.elmira.eshttps:\/\/www.elmira.es\/asset\/thumbnail,https:\/\/www.elmira.es\/1280,https:\/\/www.elmira.es\/720,https:\/\/www.elmira.es\/https:\/\/www.elmira.es\/https:\/\/www.elmira.es\/https:\/\/www.elmira.es\/center,https:\/\/www.elmira.es\/https:\/\/www.elmira.es\/https:\/\/www.elmira.es\/https:\/\/www.elmira.es\/center\/\/media\/elmira\/images\/2021\/11\/17\/2021111717391197034.jpg https:\/\/www.elmira.es\/1280w\" sizes=\"auto, (max-width: 480px) 480px, (max-width: 768px) 768px, (max-width: 992px) 992px, 1280px\"\/><figcaption>Un avi\u00f3n de Binter<\/figcaption><\/figure>\n<p>Asimismo, cabe destacar que\u00a0<strong>Air Nostrum<\/strong> tiene previsto establecer dos conexiones semanales entre Jerez y Santander, concretamente los mi\u00e9rcoles y domingos\u00a0desde el 27 de julio hasta el 4 de septiembre.<\/p>\n<p>Sin lugar a duda, todas estas conexiones contribuir\u00e1n de manera positiva en la econom\u00eda de la ciudad, que empieza a recuperar el flujo routine de pasajeros previo a la pandemia del COVID. Por su comodidad y f\u00e1cil acceso, muchos viajeros recurren a este aeropuerto para iniciar sus vacaciones o visitar nuevas ciudad, bien sean de nuestro pa\u00eds o de fuera.\u00a0<\/p>\n<p>Durante los \u00faltimos meses, el de Jerez ha sido uno de los aeropuertos m\u00e1s castigados y ahora poco a poco comienza a recuperarse de los duros efectos de la disaster. Por todo ello, tambi\u00e9n te recomendamos los <a rel=\"nofollow noopener\" target=\"_blank\" href=\"https:\/\/www.elmira.es\/articulo\/jerez\/mejores-destinos-ir-vacaciones-verano-aeropuerto-jerez\/20220519171713333413.html\">mejores destinos para ir de vacaciones este verano desde el Aeropuerto de <\/a><a rel=\"nofollow noopener\" target=\"_blank\" href=\"https:\/\/www.elmira.es\/seccion\/jerez\/\">Jerez<\/a>.<\/p>\n<h2>Destinos del Aeropuerto de Jerez en verano<\/h2>\n<h3>Nacionales<\/h3>\n<ul>\n<li>Madrid<\/li>\n<li>Barcelona<\/li>\n<li>Palma de Mallorca<\/li>\n<li>Tenerife Norte<\/li>\n<li>Bilbao<\/li>\n<li>Santander<\/li>\n<li>Gran Canaria<\/li>\n<\/ul>\n<h3>Internacionales<\/h3>\n<ul>\n<li>Fr\u00e1ncfort<\/li>\n<li>M\u00fanich<\/li>\n<li>D\u00fcsseldorf<\/li>\n<li>Stuttgart<\/li>\n<li>Hamburgo<\/li>\n<li>Hannover<\/li>\n<li>Par\u00eds<\/li>\n<li>Londres<\/li>\n<li>Bruselas<\/li>\n<li>Luxemburgo<\/li>\n<li>Z\u00farich<\/li>\n<li>Berna<\/li>\n<\/ul>\n<\/div>\n<p><script data-onm-type=\"text\/javascript\" type=\"onmlazyloadscript\">\n  !function (f, b, e, v, n, t, s) {\n    if (f.fbq) return;\n    n = f.fbq = function () {\n      n.callMethod ? n.callMethod.apply(n, arguments) : n.queue.push(arguments)\n    };\n    if (!f._fbq) f._fbq = n;\n    n.push = n;\n    n.loaded = !0;\n    n.version = '2.0';\n    n.queue = [];\n    t = b.createElement(e);\n    t.async = !0;\n    t.src = v;\n    s = b.getElementsByTagName(e)[0];\n    s.parentNode.insertBefore(t, s)\n  }(window, document, 'script', 'https:\/\/connect.facebook.net\/en_US\/fbevents.js');\n  fbq('init', '784933685507380');\n  fbq('track', 'PageView');\n<\/script><script data-onm-type=\"text\/javascript\" type=\"onmlazyloadscript\">\n  window.fbAsyncInit = function() {\n    FB.init({\n      appId  : '4433033146747483',\n      cookie : true,\n      xfbml  : true,\n      version: 'v11.0'\n    });\n    FB.AppEvents.logPageView();  \n  };\n  (function(d, s, id){\n     var js, fjs = d.getElementsByTagName(s)[0];\n     if (d.getElementById(id)) {return;}\n     js = d.createElement(s); js.id = id;\n     js.src = \"https:\/\/connect.facebook.net\/en_US\/sdk.js\"\n     fjs.parentNode.insertBefore(js, fjs);\n   }(document, 'script', 'facebook-jssdk'));\n<\/script><br \/>\n<br \/><\/p>\n<p><em> &#8221; Fuentes www.elmira.es &#8221; <\/em><\/p>\n","protected":false},"excerpt":{"rendered":"<p>El mes de julio se inicia con una ampliaci\u00f3n de las rutas ofertadas por Aena en el Aeropuerto de Jerez de la Frontera. En este sentido, el aer\u00f3dromo jerezano incorporar\u00e1 tres nuevos destinos a su oferta. Los viajeros podr\u00e1n elegir, a partir de este jueves, nuevos destinos en Londres, Las Palmas de Gran Canaria y [&hellip;]<\/p>\n","protected":false},"author":4,"featured_media":342481,"comment_status":"open","ping_status":"closed","sticky":false,"template":"","format":"standard","meta":{"om_disable_all_campaigns":false,"jnews-multi-image_gallery":[],"jnews_single_post":[],"jnews_primary_category":[],"jnews_social_meta":[],"footnotes":""},"categories":[39],"tags":[44742],"class_list":["post-342480","post","type-post","status-publish","format-standard","has-post-thumbnail","hentry","category-viajes","tag-jerez"],"_links":{"self":[{"href":"https:\/\/dimensionturistica.com\/es\/wp-json\/wp\/v2\/posts\/342480","targetHints":{"allow":["GET"]}}],"collection":[{"href":"https:\/\/dimensionturistica.com\/es\/wp-json\/wp\/v2\/posts"}],"about":[{"href":"https:\/\/dimensionturistica.com\/es\/wp-json\/wp\/v2\/types\/post"}],"author":[{"embeddable":true,"href":"https:\/\/dimensionturistica.com\/es\/wp-json\/wp\/v2\/users\/4"}],"replies":[{"embeddable":true,"href":"https:\/\/dimensionturistica.com\/es\/wp-json\/wp\/v2\/comments?post=342480"}],"version-history":[{"count":0,"href":"https:\/\/dimensionturistica.com\/es\/wp-json\/wp\/v2\/posts\/342480\/revisions"}],"wp:featuredmedia":[{"embeddable":true,"href":"https:\/\/dimensionturistica.com\/es\/wp-json\/wp\/v2\/media\/342481"}],"wp:attachment":[{"href":"https:\/\/dimensionturistica.com\/es\/wp-json\/wp\/v2\/media?parent=342480"}],"wp:term":[{"taxonomy":"category","embeddable":true,"href":"https:\/\/dimensionturistica.com\/es\/wp-json\/wp\/v2\/categories?post=342480"},{"taxonomy":"post_tag","embeddable":true,"href":"https:\/\/dimensionturistica.com\/es\/wp-json\/wp\/v2\/tags?post=342480"}],"curies":[{"name":"wp","href":"https:\/\/api.w.org\/{rel}","templated":true}]}}