{"id":342412,"date":"2022-06-29T23:10:13","date_gmt":"2022-06-29T23:10:13","guid":{"rendered":"https:\/\/dimensionturistica.com\/es\/?p=342412"},"modified":"2022-06-29T23:10:14","modified_gmt":"2022-06-29T23:10:14","slug":"finalmente-las-agencias-de-viaje-quedaron-excluidas-de-las-restricciones-al-dolar","status":"publish","type":"post","link":"https:\/\/dimensionturistica.com\/es\/finalmente-las-agencias-de-viaje-quedaron-excluidas-de-las-restricciones-al-dolar\/","title":{"rendered":"Finalmente, las agencias de viaje quedaron excluidas de las restricciones al d\u00f3lar"},"content":{"rendered":"<p> <br \/>\n<\/p>\n<div>\n<p>El lunes pasado cuando se conocieron las disposiciones del Banco Central (BCRA) sobre la ampliaci\u00f3n del universo de empresas con restricciones al acceso de d\u00f3lares, <strong>varias agencias de viaje mayoristas se alertaron. <\/strong>En especial dada la inminencia de las vacaciones de invierno, en que la demanda se intensifica.<\/p>\n<p>Ante la incertidumbre de haber sido alcanzadas por esa medida, <strong>suspendieron el cobro de sus servicios en pesos<\/strong>, advirtiendo que s\u00f3lo aceptar\u00edan d\u00f3lares. Sin embargo, el tema finalmente qued\u00f3 dilucidado ayer cuando el organismo que lidera Miguel Pesce sali\u00f3 a aclarar que<strong> el c\u00f3digo de Turismo quedaba exceptuado de las restricciones.<\/strong><\/p>\n<p>\u201cHubo uno o dos d\u00edas en que no se pudo operar, dependiendo del banco\u201d, coment\u00f3 un operador del mercado. \u201cPero entiendo que estaban normalizando sistemas y ahora est\u00e1 normalizado. Hubo muchas agencias que prefer\u00edan no vender por no saber si despu\u00e9s iban a poder pagar a los proveedores\u201d, sintetiz\u00f3.<\/p>\n<p>Sucede que, habitualmente,\u00a0las agencias mayoristas contratan \u00a0los servicios a otros proveedores internacionales a quienes deben pagarles en d\u00f3lares. Es decir, la agencia debe pagar, por ejemplo, la estad\u00eda en un resort en el exterior pero recibe pesos de su cliente y el Central le libera los d\u00f3lares para cancelar ese servicio. Por eso, el temor period quedar \u201cdescalzadas\u201d en el negocio.<\/p>\n<p> \u201cEl lunes y el martes, algunas agencias mayoristas estaban pidiendo que los pagos se hicieran exclusivamente en d\u00f3lares. Pero <strong>en las publicaciones de ayer del Banco Central se especifica que el c\u00f3digo de turismo qued\u00f3 exceptuado por lo cual volvi\u00f3 todo a la normalidad\u201d,<\/strong> se\u00f1al\u00f3 una fuente de la AAVyT, la asociaci\u00f3n que agrupa a las agencias de viaje.<\/p>\n<p>En el mismo sentido, en Despegar se\u00f1alaron que \u201choy se est\u00e1 operando con normalidad. Hubo alg\u00fan retraso ayer pero ya se resolvi\u00f3\u201d, coment\u00f3 un vocero al ser consultado.<\/p>\n<p> En las \u00faltimas horas, con distintos textos, circularon mail y avisos en las redes sociales con las advertencias de algunas empresas. \u201cLes comunicamos que por motivos de p\u00fablico conocimiento y hasta que se aclaren las nuevas condiciones del comercio exterior desde el dia de la fecha y por lo menos 24 horas <strong>no estaremos recibiendo pagos en pesos.<\/strong> Rogamos comprendan la situaci\u00f3n, en cuanto tengamos certezas de nuevos procedimientos volveremos a la normalidad\u201d, comunic\u00f3 la agencia \u00a0Mega Journey a sus clientes.<\/p>\n<p>Los avisos de las agencias llegaron\u00a0despu\u00e9s de que el lunes, la medida oficial se\u00f1alara que \u201clos servicios\u00a0estaban alcanzados por las posiciones de importaci\u00f3n y las empresas deb\u00edan buscar financiamiento para poder adquirir insumos del exterior cuando superen hasta un 105% del complete importado durante el a\u00f1o anterior&#8221;.<\/p>\n<p>No obstante, la disposici\u00f3n aclar\u00f3 que \u201clas Pymes tendr\u00e1n un umbral diferencial -contar\u00e1n con un l\u00edmite de incremento del 115% respecto a 2021 para aquellas que importaron hasta US$1 mill\u00f3n ese a\u00f1o- y<strong> queda exceptuado todo lo que es fletes y turismo&#8221;,<\/strong> aclar\u00f3.<strong\/><\/p>\n<div class=\"entry-tags\">\n<h2>TEMAS QUE APARECEN EN ESTA NOTA<\/h2>\n<\/div>\n<\/div>\n\n<p><em> &#8221; Fuentes www.clarin.com &#8221; <\/em><\/p>\n","protected":false},"excerpt":{"rendered":"<p>El lunes pasado cuando se conocieron las disposiciones del Banco Central (BCRA) sobre la ampliaci\u00f3n del universo de empresas con restricciones al acceso de d\u00f3lares, varias agencias de viaje mayoristas se alertaron. En especial dada la inminencia de las vacaciones de invierno, en que la demanda se intensifica. Ante la incertidumbre de haber sido alcanzadas [&hellip;]<\/p>\n","protected":false},"author":4,"featured_media":342413,"comment_status":"open","ping_status":"closed","sticky":false,"template":"","format":"standard","meta":{"om_disable_all_campaigns":false,"jnews-multi-image_gallery":[],"jnews_single_post":[],"jnews_primary_category":[],"jnews_social_meta":[],"footnotes":""},"categories":[40],"tags":[1161,3143,3142,627,14778,48400,3828,3903,2855,681],"class_list":["post-342412","post","type-post","status-publish","format-standard","has-post-thumbnail","hentry","category-industria","tag-agencias","tag-al","tag-de","tag-dolar","tag-excluidas","tag-finalmente","tag-las","tag-quedaron","tag-restricciones","tag-viaje"],"_links":{"self":[{"href":"https:\/\/dimensionturistica.com\/es\/wp-json\/wp\/v2\/posts\/342412","targetHints":{"allow":["GET"]}}],"collection":[{"href":"https:\/\/dimensionturistica.com\/es\/wp-json\/wp\/v2\/posts"}],"about":[{"href":"https:\/\/dimensionturistica.com\/es\/wp-json\/wp\/v2\/types\/post"}],"author":[{"embeddable":true,"href":"https:\/\/dimensionturistica.com\/es\/wp-json\/wp\/v2\/users\/4"}],"replies":[{"embeddable":true,"href":"https:\/\/dimensionturistica.com\/es\/wp-json\/wp\/v2\/comments?post=342412"}],"version-history":[{"count":0,"href":"https:\/\/dimensionturistica.com\/es\/wp-json\/wp\/v2\/posts\/342412\/revisions"}],"wp:featuredmedia":[{"embeddable":true,"href":"https:\/\/dimensionturistica.com\/es\/wp-json\/wp\/v2\/media\/342413"}],"wp:attachment":[{"href":"https:\/\/dimensionturistica.com\/es\/wp-json\/wp\/v2\/media?parent=342412"}],"wp:term":[{"taxonomy":"category","embeddable":true,"href":"https:\/\/dimensionturistica.com\/es\/wp-json\/wp\/v2\/categories?post=342412"},{"taxonomy":"post_tag","embeddable":true,"href":"https:\/\/dimensionturistica.com\/es\/wp-json\/wp\/v2\/tags?post=342412"}],"curies":[{"name":"wp","href":"https:\/\/api.w.org\/{rel}","templated":true}]}}