{"id":342295,"date":"2022-06-29T21:10:58","date_gmt":"2022-06-29T21:10:58","guid":{"rendered":"https:\/\/dimensionturistica.com\/es\/?p=342295"},"modified":"2022-06-29T21:10:58","modified_gmt":"2022-06-29T21:10:58","slug":"13-mil-personas-trabajadoras-de-aeromexico-se-adhieren-ala-estrategia-entornos-laborales-seguros-y-saludables-del-imss","status":"publish","type":"post","link":"https:\/\/dimensionturistica.com\/es\/13-mil-personas-trabajadoras-de-aeromexico-se-adhieren-ala-estrategia-entornos-laborales-seguros-y-saludables-del-imss\/","title":{"rendered":"13 Mil personas trabajadoras de Aerom\u00e9xico, se adhieren ala estrategia entornos laborales seguros y saludables del IMSS"},"content":{"rendered":"<p><img decoding=\"async\" class=\"size-medium wp-image-342325 alignright\" src=\"https:\/\/dimensionturistica.com\/es\/wp-content\/uploads\/2022\/06\/AERO1-300x200.jpg\" alt=\"\" width=\"300\" height=\"200\" srcset=\"https:\/\/dimensionturistica.com\/es\/wp-content\/uploads\/2022\/06\/AERO1-300x200.jpg 300w, https:\/\/dimensionturistica.com\/es\/wp-content\/uploads\/2022\/06\/AERO1.jpg 450w\" sizes=\"(max-width: 300px) 100vw, 300px\" \/> Para establecer una nueva cultura de prevenci\u00f3n y promoci\u00f3n a la salud en los centros de trabajo, la Representaci\u00f3n del Instituto Mexicano del Seguro Social (IMSS) en la Ciudad de M\u00e9xico Norte, y la empresa Aerom\u00e9xico, firmaron la Carta de Adhesi\u00f3n para incorporar a 13 mil personas trabajadoras a la estrategia Entornos Laborales Seguros y Saludables (ELSSA).<br \/>\nEste surge como un esfuerzo conjunto en el que gobierno, empleadores y personas trabajadoras integran estrategias para impulsar la salud y el bienestar con acciones enfocadas en los principales problemas por riesgos de trabajo y enfermedad general, impulsando una cultura de prevenci\u00f3n en las empresas.<br \/>\nBusca adem\u00e1s que el personal de Salud en el Trabajo y Bienestar Social del IMSS tenga un acercamiento en la empresa con asesor\u00eda y acompa\u00f1amiento para proponer mejoras del entorno laboral, a fin de prevenir accidentes y enfermedades de trabajo, contribuir al desarrollo de estilos de vida m\u00e1s saludables y contar con diagn\u00f3sticos tempranos de enfermedades no transmisibles.<img decoding=\"async\" class=\"size-medium wp-image-342326 alignleft\" src=\"https:\/\/dimensionturistica.com\/es\/wp-content\/uploads\/2022\/06\/AERO2-300x200.jpg\" alt=\"\" width=\"300\" height=\"200\" srcset=\"https:\/\/dimensionturistica.com\/es\/wp-content\/uploads\/2022\/06\/AERO2-300x200.jpg 300w, https:\/\/dimensionturistica.com\/es\/wp-content\/uploads\/2022\/06\/AERO2.jpg 450w\" sizes=\"(max-width: 300px) 100vw, 300px\" \/><br \/>\nAl hacer uso de la palabra, el doctor Jos\u00e9 Antonio Zamudio Gonz\u00e1lez, titular de la Representaci\u00f3n del IMSS en la Ciudad de M\u00e9xico Norte, reiter\u00f3 la importancia de que al trabajador se le detecte una enfermedad, y si pasa por todos los controles por riesgo se puede ocupar de su salud a trav\u00e9s de ELSSA.<br \/>\nAgreg\u00f3 que a nivel internacional est\u00e1 reconocido que, al trabajar en la prevenci\u00f3n y control de enfermedades como diabetes, obesidad, hipertensi\u00f3n o c\u00e1ncer en las empresas, se cuida la salud de las y los trabajadores y se vuelve una empresa saludable y m\u00e1s productiva.<br \/>\n\u201cEstamos felices de que hayan decidido participar con ELSSA porque sabemos que el beneficio ser\u00e1 muy alto para la empresa, para la casa de las y los trabajadores y para la sociedad misma\u201d, refiri\u00f3.<br \/>\nEn su intervenci\u00f3n, el capit\u00e1n Arturo Roberto Duhart Irabien, Vicepresidente Senior de Seguridad Corporativa y A\u00e9rea de Aerom\u00e9xico expres\u00f3: \u201ccelebramos esto como el resultado de un esfuerzo tripartita, porque gracias a los colaboradores, al gobierno representado por el IMSS y a las pol\u00edticas de Aerom\u00e9xico, podemos garantizar un entorno laboral seguro y saludable\u201d.<br \/>\n\u201cAdem\u00e1s al inicio de la pandemia creamos nuestro Sistema de Gesti\u00f3n de Salud e Higiene (SGSH) para cuidar a los clientes, colaboradores y sus familias, antecedente que ayud\u00f3 a unirnos voluntariamente al programa ELSSA\u201d, destac\u00f3.<img decoding=\"async\" class=\"size-medium wp-image-342330 alignright\" src=\"https:\/\/dimensionturistica.com\/es\/wp-content\/uploads\/2022\/06\/AERO3-300x200.jpg\" alt=\"\" width=\"300\" height=\"200\" srcset=\"https:\/\/dimensionturistica.com\/es\/wp-content\/uploads\/2022\/06\/AERO3-300x200.jpg 300w, https:\/\/dimensionturistica.com\/es\/wp-content\/uploads\/2022\/06\/AERO3.jpg 450w\" sizes=\"(max-width: 300px) 100vw, 300px\" \/><br \/>\n\u201cAgradecemos al IMSS por el mutuo inter\u00e9s de tener herramientas que promueven la salud f\u00edsica y mental de quienes hacen posible volar muy alto, nuestra gente. Bajo esta misma filosof\u00eda en Aerom\u00e9xico somos pioneros al ser la primera aerol\u00ednea en adherirse de manera voluntaria a este programa de entornos laborales seguros que muy bien se denomin\u00f3 ELSSA\u201d, se\u00f1al\u00f3.<br \/>\nIndic\u00f3 que a trav\u00e9s de ELSSA refrendamos este compromiso de bienestar de los m\u00e1s de 13 mil colaboradores que tenemos en la familia de Aerom\u00e9xico, este programa nos impulsa a seguir innovando para promover la cultura de la seguridad y bajo este compromiso nos sumamos a iniciativas de aliados clave como es el IMSS.<br \/>\n\u201cLos felicito por esta iniciativa y todo este talento del personal del IMSS y sus interesantes programas laborales que ponen como prioridad a la fuerza laboral, que es el camino para alcanzar el desarrollo de nuestra industria y del pa\u00eds entero\u201d, concluy\u00f3.<br \/>\nPor su parte, Christian Pastrana Maci\u00e1, Director de Comunicaci\u00f3n y Asuntos P\u00fablicos de Aerom\u00e9xico, destac\u00f3 la participaci\u00f3n de todas las instituciones y sus trabajadores, t\u00e9cnicos y administrativos, quienes trajeron en un tiempo r\u00e9cord bajo las m\u00e1s altas condiciones de eficiencia y seguridad, insumos m\u00e9dicos que se necesitaban en este pa\u00eds para poder iniciar el frente a la pandemia por COVID-19.<br \/>\nRefiri\u00f3 que al mes la empresa puede mover hasta 17 mil vuelos lo que implica un gran esfuerzo en materia laboral, de seguridad, cumplimiento y protocolos.<br \/>\nLa r\u00fabrica de este programa se realiz\u00f3 en el Hangar Oriente de Aerom\u00e9xico y tuvo como escenario un avi\u00f3n modelo Boeing 787-8 Dreamliner, de los m\u00e1s grandes, modernos y amigables con el medio ambiente, y que es utilizado para viajes internacionales y el traslado de insumos m\u00e9dicos.<br \/>\nEstuvieron presentes el maestro Sergio Dur\u00e1n Sagarnaga, titular de la Jefatura de Salud en el Trabajo, Prestaciones Econ\u00f3micas y Sociales por parte del IMSS, personal de la Aerol\u00ednea, entre otros.<\/p>\n","protected":false},"excerpt":{"rendered":"<p>Para establecer una nueva cultura de prevenci\u00f3n y promoci\u00f3n a la salud en los centros de trabajo, la Representaci\u00f3n del Instituto Mexicano del Seguro Social (IMSS) en la Ciudad de M\u00e9xico Norte, y la empresa Aerom\u00e9xico, firmaron la Carta de Adhesi\u00f3n para incorporar a 13 mil personas trabajadoras a la estrategia Entornos Laborales Seguros y [&hellip;]<\/p>\n","protected":false},"author":1,"featured_media":342324,"comment_status":"open","ping_status":"closed","sticky":false,"template":"","format":"standard","meta":{"om_disable_all_campaigns":false,"jnews-multi-image_gallery":[],"jnews_single_post":{"source_name":"","source_url":"","via_name":"","via_url":"","override_template":"0","override":[{"template":"1","single_blog_custom":"","parallax":"1","fullscreen":"1","layout":"right-sidebar","sidebar":"default-sidebar","second_sidebar":"default-sidebar","sticky_sidebar":"1","share_position":"top","share_float_style":"share-monocrhome","show_share_counter":"1","show_view_counter":"1","show_featured":"1","show_post_meta":"1","show_post_author":"1","show_post_author_image":"1","show_post_date":"1","post_date_format":"default","post_date_format_custom":"Y\/m\/d","show_post_category":"1","show_post_reading_time":"0","post_reading_time_wpm":"300","show_zoom_button":"0","zoom_button_out_step":"2","zoom_button_in_step":"3","show_post_tag":"1","show_prev_next_post":"1","show_popup_post":"1","number_popup_post":"1","show_author_box":"0","show_post_related":"0","show_inline_post_related":"0"}],"override_image_size":"0","image_override":[{"single_post_thumbnail_size":"crop-500","single_post_gallery_size":"crop-500"}],"trending_post":"0","trending_post_position":"meta","trending_post_label":"Trending","sponsored_post":"0","sponsored_post_label":"Sponsored by","sponsored_post_name":"","sponsored_post_url":"","sponsored_post_logo_enable":"0","sponsored_post_logo":"","sponsored_post_desc":"","disable_ad":"0"},"jnews_primary_category":{"id":""},"jnews_social_meta":{"fb_title":"","fb_description":"","fb_image":"","twitter_title":"","twitter_description":"","twitter_image":""},"footnotes":""},"categories":[40],"tags":[],"class_list":["post-342295","post","type-post","status-publish","format-standard","has-post-thumbnail","hentry","category-industria"],"_links":{"self":[{"href":"https:\/\/dimensionturistica.com\/es\/wp-json\/wp\/v2\/posts\/342295","targetHints":{"allow":["GET"]}}],"collection":[{"href":"https:\/\/dimensionturistica.com\/es\/wp-json\/wp\/v2\/posts"}],"about":[{"href":"https:\/\/dimensionturistica.com\/es\/wp-json\/wp\/v2\/types\/post"}],"author":[{"embeddable":true,"href":"https:\/\/dimensionturistica.com\/es\/wp-json\/wp\/v2\/users\/1"}],"replies":[{"embeddable":true,"href":"https:\/\/dimensionturistica.com\/es\/wp-json\/wp\/v2\/comments?post=342295"}],"version-history":[{"count":0,"href":"https:\/\/dimensionturistica.com\/es\/wp-json\/wp\/v2\/posts\/342295\/revisions"}],"wp:featuredmedia":[{"embeddable":true,"href":"https:\/\/dimensionturistica.com\/es\/wp-json\/wp\/v2\/media\/342324"}],"wp:attachment":[{"href":"https:\/\/dimensionturistica.com\/es\/wp-json\/wp\/v2\/media?parent=342295"}],"wp:term":[{"taxonomy":"category","embeddable":true,"href":"https:\/\/dimensionturistica.com\/es\/wp-json\/wp\/v2\/categories?post=342295"},{"taxonomy":"post_tag","embeddable":true,"href":"https:\/\/dimensionturistica.com\/es\/wp-json\/wp\/v2\/tags?post=342295"}],"curies":[{"name":"wp","href":"https:\/\/api.w.org\/{rel}","templated":true}]}}