{"id":342068,"date":"2022-06-29T17:21:31","date_gmt":"2022-06-29T17:21:31","guid":{"rendered":"https:\/\/dimensionturistica.com\/es\/?p=342068"},"modified":"2022-06-29T17:22:34","modified_gmt":"2022-06-29T17:22:34","slug":"se-acerca-la-segunda-edicion-del-mercado-reyes-del-pacifico-la-sucursal-del-mar-que-te-transporta-de-la-ciudad-al-pacifico-en-una-experiencia-gastronomica-unica","status":"publish","type":"post","link":"https:\/\/dimensionturistica.com\/es\/se-acerca-la-segunda-edicion-del-mercado-reyes-del-pacifico-la-sucursal-del-mar-que-te-transporta-de-la-ciudad-al-pacifico-en-una-experiencia-gastronomica-unica\/","title":{"rendered":"\u00a1Se acerca la segunda edici\u00f3n del \u201cMercado Reyes del Pacifico\u201d! la sucursal del mar que te transporta de la ciudad al pacifico en una experiencia gastron\u00f3mica \u00fanica"},"content":{"rendered":"<p><img decoding=\"async\" class=\"size-medium wp-image-342078 alignright\" src=\"https:\/\/dimensionturistica.com\/es\/wp-content\/uploads\/2022\/06\/MRDP-298x300.jpg\" alt=\"\" width=\"298\" height=\"300\" srcset=\"https:\/\/dimensionturistica.com\/es\/wp-content\/uploads\/2022\/06\/MRDP-298x300.jpg 298w, https:\/\/dimensionturistica.com\/es\/wp-content\/uploads\/2022\/06\/MRDP-1016x1024.jpg 1016w, https:\/\/dimensionturistica.com\/es\/wp-content\/uploads\/2022\/06\/MRDP-150x150.jpg 150w, https:\/\/dimensionturistica.com\/es\/wp-content\/uploads\/2022\/06\/MRDP-768x774.jpg 768w, https:\/\/dimensionturistica.com\/es\/wp-content\/uploads\/2022\/06\/MRDP-75x75.jpg 75w, https:\/\/dimensionturistica.com\/es\/wp-content\/uploads\/2022\/06\/MRDP-750x756.jpg 750w, https:\/\/dimensionturistica.com\/es\/wp-content\/uploads\/2022\/06\/MRDP.jpg 1080w\" sizes=\"(max-width: 298px) 100vw, 298px\" \/>Es bien sabido entre los apasionados de la comida de mar que el mejor lugar para encontrar los ingredientes m\u00e1s frescos es un mercado, pues estos lugares albergan las mejores recetas, tradici\u00f3n, historia y representan una parte importante de nuestra cultura y ra\u00edces.<br \/>\nPensando en ello, Cerveza Pac\u00edfico regresa este a\u00f1o con la segunda edici\u00f3n del \u2018Mercado Reyes \u00d0 el Pac\u00edfico\u2019, la sucursal de mar en la CDMX en el que las personas podr\u00e1n descubrir, experimentar y disfrutar los m\u00e1s frescos y nuevos sabores de esta deliciosa gastronom\u00eda, creados por los restaurantes invitados, de una manera relajada<br \/>\nque los har\u00e1 sentir en la costa del Pac\u00edfico sin tener que viajar.<br \/>\nEn su segunda edici\u00f3n, el \u2018Mercado Reyes \u00d0 el Pac\u00edfico\u2019 contar\u00e1 con propuestas gastron\u00f3micas m\u00e1s diversas, teniendo como invitados especiales a algunos de los restaurantes m\u00e1s relevantes de comida de mar en la ciudad y otros Estados: Mi compa Chava, encabezado por el Chef Salvador \u2018Gallo\u2019 Orozco, la marisquer\u00eda sensaci\u00f3n de la CDMX con un extenso y variado men\u00fa estilo Sinaloa; La Guerrerense, el \u00edcono<img decoding=\"async\" class=\"size-medium wp-image-342081 alignright\" src=\"https:\/\/dimensionturistica.com\/es\/wp-content\/uploads\/2022\/06\/MRDP4-169x300.png\" alt=\"\" width=\"169\" height=\"300\" srcset=\"https:\/\/dimensionturistica.com\/es\/wp-content\/uploads\/2022\/06\/MRDP4-169x300.png 169w, https:\/\/dimensionturistica.com\/es\/wp-content\/uploads\/2022\/06\/MRDP4-576x1024.png 576w, https:\/\/dimensionturistica.com\/es\/wp-content\/uploads\/2022\/06\/MRDP4-768x1365.png 768w, https:\/\/dimensionturistica.com\/es\/wp-content\/uploads\/2022\/06\/MRDP4-864x1536.png 864w, https:\/\/dimensionturistica.com\/es\/wp-content\/uploads\/2022\/06\/MRDP4-750x1333.png 750w, https:\/\/dimensionturistica.com\/es\/wp-content\/uploads\/2022\/06\/MRDP4.png 1080w\" sizes=\"(max-width: 169px) 100vw, 169px\" \/> de Ensenada con m\u00e1s de 60 a\u00f1os de tradici\u00f3n marisquera llegar\u00e1 de la mano de su fundadora Do\u00f1a Sabina, creadora de las recetas que han conquistado a miles de paladares; Oyster House, restaurante emblem\u00e1tico de La Paz, Baja California con una propuesta imperdible famosa por sus ostiones, cuyo sabor te da la sensaci\u00f3n de estar en el para\u00edso; as\u00ed como Cevicheve Sinaloense y sus recetas inspiradas en ense\u00f1anzas familiares que van de generaci\u00f3n en generaci\u00f3n, entregando as\u00ed en cada platillo el mejor sabor de Guasave, Sinaloa.<br \/>\nDebido a la frescura, ligereza y sabor de su l\u00edquido, cerveza Pac\u00edfico es compa\u00f1\u00eda inigualable de los mariscos, por ello, el \u2018Mercado Reyes \u00d0 el Pac\u00edfico\u2019 contar\u00e1 en uno de sus espacios principales con una barra en la que se podr\u00e1n degustar los cl\u00e1sicos y deliciosos \u201csalseados\u201d preparados con cerveza Pac\u00edfico, as\u00ed como nuevas recetas de mixolog\u00eda para que la gente disfrute en una forma distinta con sus versiones Clara y<br \/>\nSuave.<br \/>\n<img decoding=\"async\" class=\"size-medium wp-image-342079 alignleft\" src=\"https:\/\/dimensionturistica.com\/es\/wp-content\/uploads\/2022\/06\/MRDP2-298x300.jpg\" alt=\"\" width=\"298\" height=\"300\" srcset=\"https:\/\/dimensionturistica.com\/es\/wp-content\/uploads\/2022\/06\/MRDP2-298x300.jpg 298w, https:\/\/dimensionturistica.com\/es\/wp-content\/uploads\/2022\/06\/MRDP2-1016x1024.jpg 1016w, https:\/\/dimensionturistica.com\/es\/wp-content\/uploads\/2022\/06\/MRDP2-150x150.jpg 150w, https:\/\/dimensionturistica.com\/es\/wp-content\/uploads\/2022\/06\/MRDP2-768x774.jpg 768w, https:\/\/dimensionturistica.com\/es\/wp-content\/uploads\/2022\/06\/MRDP2-75x75.jpg 75w, https:\/\/dimensionturistica.com\/es\/wp-content\/uploads\/2022\/06\/MRDP2-750x756.jpg 750w, https:\/\/dimensionturistica.com\/es\/wp-content\/uploads\/2022\/06\/MRDP2.jpg 1080w\" sizes=\"(max-width: 298px) 100vw, 298px\" \/>Y por supuesto, no podr\u00eda faltar la m\u00fasica que evoque a los asistentes al ambiente tropical y relajado de un mercado por lo que Ra\u00fal Sotomayor, Son Peque\u00f1os, Grupo de Salsa y Cumbia Conjunto Amezcua, Borchi, Musas Sonideras, Banda Nivere\u00f1a y Sonido San Francisco DJ Set se encargar\u00e1n de poner el toque festivo.<br \/>\nTeniendo como sede para esta nueva edici\u00f3n Estaci\u00f3n Indianilla, el \u2018Mercado Reyes \u00d0 el Pac\u00edfico\u2019 tendr\u00e1 lugar del 8 al 10 de julio, estar\u00e1 abierto al p\u00fablico en general en un horario de 13:00hrs a 22:00hrs (viernes),12:00hrs a 22:00hrs (s\u00e1bado) y 11:00hrs a 20:00hrs (domingo). Contar\u00e1 con todas las medidas de seguridad, higiene y aforo, para todo aquel que quiera disfrutar en compa\u00f1\u00eda de Cerveza Pac\u00edfico de los mejores sabores del mar, de su cerveza favorita y m\u00fasica en un espacio relajado que te transporta al origen al Pac\u00edfico.<br \/>\nLas personas que deseen asistir a esta experiencia deber\u00e1n registrarse previamente en la p\u00e1gina https:\/\/reyes.cervezadelpacifico.com\/.<\/p>\n","protected":false},"excerpt":{"rendered":"<p>Es bien sabido entre los apasionados de la comida de mar que el mejor lugar para encontrar los ingredientes m\u00e1s frescos es un mercado, pues estos lugares albergan las mejores recetas, tradici\u00f3n, historia y representan una parte importante de nuestra cultura y ra\u00edces. Pensando en ello, Cerveza Pac\u00edfico regresa este a\u00f1o con la segunda edici\u00f3n [&hellip;]<\/p>\n","protected":false},"author":1,"featured_media":342080,"comment_status":"open","ping_status":"closed","sticky":false,"template":"","format":"standard","meta":{"om_disable_all_campaigns":false,"jnews-multi-image_gallery":[],"jnews_single_post":{"source_name":"","source_url":"","via_name":"","via_url":"","override_template":"0","override":[{"template":"1","single_blog_custom":"","parallax":"1","fullscreen":"1","layout":"right-sidebar","sidebar":"default-sidebar","second_sidebar":"default-sidebar","sticky_sidebar":"1","share_position":"top","share_float_style":"share-monocrhome","show_share_counter":"1","show_view_counter":"1","show_featured":"1","show_post_meta":"1","show_post_author":"1","show_post_author_image":"1","show_post_date":"1","post_date_format":"default","post_date_format_custom":"Y\/m\/d","show_post_category":"1","show_post_reading_time":"0","post_reading_time_wpm":"300","show_zoom_button":"0","zoom_button_out_step":"2","zoom_button_in_step":"3","show_post_tag":"1","show_prev_next_post":"1","show_popup_post":"1","number_popup_post":"1","show_author_box":"0","show_post_related":"0","show_inline_post_related":"0"}],"override_image_size":"0","image_override":[{"single_post_thumbnail_size":"crop-500","single_post_gallery_size":"crop-500"}],"trending_post":"0","trending_post_position":"meta","trending_post_label":"Trending","sponsored_post":"0","sponsored_post_label":"Sponsored by","sponsored_post_name":"","sponsored_post_url":"","sponsored_post_logo_enable":"0","sponsored_post_logo":"","sponsored_post_desc":"","disable_ad":"0"},"jnews_primary_category":{"id":""},"jnews_social_meta":{"fb_title":"","fb_description":"","fb_image":"","twitter_title":"","twitter_description":"","twitter_image":""},"footnotes":""},"categories":[43],"tags":[],"class_list":["post-342068","post","type-post","status-publish","format-standard","has-post-thumbnail","hentry","category-gourmet"],"_links":{"self":[{"href":"https:\/\/dimensionturistica.com\/es\/wp-json\/wp\/v2\/posts\/342068","targetHints":{"allow":["GET"]}}],"collection":[{"href":"https:\/\/dimensionturistica.com\/es\/wp-json\/wp\/v2\/posts"}],"about":[{"href":"https:\/\/dimensionturistica.com\/es\/wp-json\/wp\/v2\/types\/post"}],"author":[{"embeddable":true,"href":"https:\/\/dimensionturistica.com\/es\/wp-json\/wp\/v2\/users\/1"}],"replies":[{"embeddable":true,"href":"https:\/\/dimensionturistica.com\/es\/wp-json\/wp\/v2\/comments?post=342068"}],"version-history":[{"count":0,"href":"https:\/\/dimensionturistica.com\/es\/wp-json\/wp\/v2\/posts\/342068\/revisions"}],"wp:featuredmedia":[{"embeddable":true,"href":"https:\/\/dimensionturistica.com\/es\/wp-json\/wp\/v2\/media\/342080"}],"wp:attachment":[{"href":"https:\/\/dimensionturistica.com\/es\/wp-json\/wp\/v2\/media?parent=342068"}],"wp:term":[{"taxonomy":"category","embeddable":true,"href":"https:\/\/dimensionturistica.com\/es\/wp-json\/wp\/v2\/categories?post=342068"},{"taxonomy":"post_tag","embeddable":true,"href":"https:\/\/dimensionturistica.com\/es\/wp-json\/wp\/v2\/tags?post=342068"}],"curies":[{"name":"wp","href":"https:\/\/api.w.org\/{rel}","templated":true}]}}