{"id":341934,"date":"2022-06-29T13:23:23","date_gmt":"2022-06-29T13:23:23","guid":{"rendered":"https:\/\/dimensionturistica.com\/es\/?p=341934"},"modified":"2022-06-29T13:23:23","modified_gmt":"2022-06-29T13:23:23","slug":"gb-foods-invertira-25-millones-de-euros-en-una-nueva-planta-en-alcaniz-zaragoza","status":"publish","type":"post","link":"https:\/\/dimensionturistica.com\/es\/gb-foods-invertira-25-millones-de-euros-en-una-nueva-planta-en-alcaniz-zaragoza\/","title":{"rendered":"GB Foods invertir\u00e1 25 millones de euros en una nueva planta en Alca\u00f1iz &#8211; Zaragoza"},"content":{"rendered":"<p> <br \/>\n<\/p>\n<div>\n<p><strong\/>El grupo empresarial <strong>G. B. Meals,<\/strong> que est\u00e1 presente en m\u00e1s de 50 paises y al que pertenece entre otras, la marca <strong>Gallina Blanca, <\/strong>contar\u00e1 a finales de 2023 con una<strong> nueva planta en la localidad turolense de Alca\u00f1iz<\/strong>, donde ya cuenta con un centro de producci\u00f3n, el segundo que hay en Arag\u00f3n junto con el de <strong>Ballobar <\/strong>en <strong>Huesca<\/strong>.<strong\/><strong\/><\/p>\n<p><strong>Estar\u00e1 ubicada en una parcela de 4.200 metros cuadrados<\/strong> en el <strong>pol\u00edgono industrial \u201cLas Horcas\u201d<\/strong> y supondr\u00e1 una <strong>inversi\u00f3n de 25 millones de euros<\/strong> y la creaci\u00f3n de <strong>61 puestos de trabajo <\/strong>directos. Una plantilla que llegar\u00e1 hasta los 80 empleos cuando la planta est\u00e9 funcionando en 2024 a pleno rendimiento. A eso habr\u00eda que sumar <strong>m\u00e1s de 100 empleos indirectos<\/strong>, muchos de ellos relacionados con el sector del transporte para la distribuci\u00f3n de los <strong>130 millones de <\/strong><strong>platos preparados<\/strong> que se van a elaborar en esta planta cada a\u00f1o.<\/p>\n<p>El <strong>Gobierno de Arag\u00f3n<\/strong> ha aprobado la<strong> declaraci\u00f3n de inter\u00e9s auton\u00f3mico para este proyecto<\/strong> que ser\u00e1 sostenible y utilizar\u00e1 un 40% de sus materias primas de la zona,<\/p>\n<p>S\u00edguenos tambi\u00e9n en <a target=\"_blank\" href=\"https:\/\/twitter.com\/CopeZaragoza\" rel=\"noopener\">Twitter<\/a> y <a target=\"_blank\" href=\"https:\/\/www.facebook.com\/copezaragoza\/\" rel=\"noopener\">Facebook<\/a>.<\/p>\n<\/div>\n<p><script async src=\"\/\/platform.twitter.com\/widgets.js\" charset=\"utf-8\"><\/script><script type=\"didomi\/javascript\" data-vendor=\"didomi:facebook\">  !function(f,b,e,v,n,t,s)  {if(f.fbq)return;n=f.fbq=function(){n.callMethod?  n.callMethod.apply(n,arguments):n.queue.push(arguments)};  if(!f._fbq)f._fbq=n;n.push=n;n.loaded=!0;n.version='2.0';  n.queue=[];t=b.createElement(e);t.async=!0;  t.src=v;s=b.getElementsByTagName(e)[0];  s.parentNode.insertBefore(t,s)}(window, document,'script',  'https:\/\/connect.facebook.net\/en_US\/fbevents.js');  fbq('init', '2839230479475343');  fbq('track', 'PageView');<\/script><br \/>\n<br \/><\/p>\n<p><em> \u2018 The preceding article may include information circulated by third parties \u2019 <\/em><\/p>\n<p><em> \u2018 Some details of this article were extracted from the following source www.cope.es \u2019 <\/em><\/p>\n","protected":false},"excerpt":{"rendered":"<p>El grupo empresarial G. B. Meals, que est\u00e1 presente en m\u00e1s de 50 paises y al que pertenece entre otras, la marca Gallina Blanca, contar\u00e1 a finales de 2023 con una nueva planta en la localidad turolense de Alca\u00f1iz, donde ya cuenta con un centro de producci\u00f3n, el segundo que hay en Arag\u00f3n junto con [&hellip;]<\/p>\n","protected":false},"author":2,"featured_media":341935,"comment_status":"open","ping_status":"closed","sticky":false,"template":"","format":"standard","meta":{"om_disable_all_campaigns":false,"jnews-multi-image_gallery":[],"jnews_single_post":[],"jnews_primary_category":[],"jnews_social_meta":[],"footnotes":""},"categories":[43],"tags":[],"class_list":["post-341934","post","type-post","status-publish","format-standard","has-post-thumbnail","hentry","category-gourmet"],"_links":{"self":[{"href":"https:\/\/dimensionturistica.com\/es\/wp-json\/wp\/v2\/posts\/341934","targetHints":{"allow":["GET"]}}],"collection":[{"href":"https:\/\/dimensionturistica.com\/es\/wp-json\/wp\/v2\/posts"}],"about":[{"href":"https:\/\/dimensionturistica.com\/es\/wp-json\/wp\/v2\/types\/post"}],"author":[{"embeddable":true,"href":"https:\/\/dimensionturistica.com\/es\/wp-json\/wp\/v2\/users\/2"}],"replies":[{"embeddable":true,"href":"https:\/\/dimensionturistica.com\/es\/wp-json\/wp\/v2\/comments?post=341934"}],"version-history":[{"count":0,"href":"https:\/\/dimensionturistica.com\/es\/wp-json\/wp\/v2\/posts\/341934\/revisions"}],"wp:featuredmedia":[{"embeddable":true,"href":"https:\/\/dimensionturistica.com\/es\/wp-json\/wp\/v2\/media\/341935"}],"wp:attachment":[{"href":"https:\/\/dimensionturistica.com\/es\/wp-json\/wp\/v2\/media?parent=341934"}],"wp:term":[{"taxonomy":"category","embeddable":true,"href":"https:\/\/dimensionturistica.com\/es\/wp-json\/wp\/v2\/categories?post=341934"},{"taxonomy":"post_tag","embeddable":true,"href":"https:\/\/dimensionturistica.com\/es\/wp-json\/wp\/v2\/tags?post=341934"}],"curies":[{"name":"wp","href":"https:\/\/api.w.org\/{rel}","templated":true}]}}