{"id":341923,"date":"2022-06-29T13:36:04","date_gmt":"2022-06-29T13:36:04","guid":{"rendered":"https:\/\/dimensionturistica.com\/es\/?p=341923"},"modified":"2022-06-29T13:36:04","modified_gmt":"2022-06-29T13:36:04","slug":"historia-del-jazz-funk-y-sincopa-latina-sonaran-en-el-3er-festival-academia-jartzz-en-el-complejo-cultural-los-pinos","status":"publish","type":"post","link":"https:\/\/dimensionturistica.com\/es\/historia-del-jazz-funk-y-sincopa-latina-sonaran-en-el-3er-festival-academia-jartzz-en-el-complejo-cultural-los-pinos\/","title":{"rendered":"Historia del jazz, funk y s\u00edncopa latina sonar\u00e1n en el 3er Festival Academia Jartzz en el Complejo Cultural Los Pinos"},"content":{"rendered":"<p><img decoding=\"async\" class=\"size-medium wp-image-341928 alignright\" src=\"https:\/\/dimensionturistica.com\/es\/wp-content\/uploads\/2022\/06\/unnamed-1-34-300x200.jpg\" alt=\"\" width=\"300\" height=\"200\" srcset=\"https:\/\/dimensionturistica.com\/es\/wp-content\/uploads\/2022\/06\/unnamed-1-34-300x200.jpg 300w, https:\/\/dimensionturistica.com\/es\/wp-content\/uploads\/2022\/06\/unnamed-1-34-1024x683.jpg 1024w, https:\/\/dimensionturistica.com\/es\/wp-content\/uploads\/2022\/06\/unnamed-1-34-768x512.jpg 768w, https:\/\/dimensionturistica.com\/es\/wp-content\/uploads\/2022\/06\/unnamed-1-34-1536x1024.jpg 1536w, https:\/\/dimensionturistica.com\/es\/wp-content\/uploads\/2022\/06\/unnamed-1-34-750x500.jpg 750w, https:\/\/dimensionturistica.com\/es\/wp-content\/uploads\/2022\/06\/unnamed-1-34-1140x760.jpg 1140w, https:\/\/dimensionturistica.com\/es\/wp-content\/uploads\/2022\/06\/unnamed-1-34.jpg 2048w\" sizes=\"(max-width: 300px) 100vw, 300px\" \/>Dentro de los principales conciertos, se encuentran: Iraida Noriega con Gin Tr\u00edo en el espect\u00e1culo jazz\u00edstico teatral \u201cJazz: el caos perfecto\u201d; el regreso del funk de Mamastr\u00f3ficos; un tributo al c\u00e9lebre jazzista Tino Contreras, a cargo de H\u00e9ctor Infanz\u00f3n con su Cuarteto Latinoamericano y parte del ensamble original de nuestra leyenda del jazz mexicano; as\u00ed como el cierre del festival con el mambo-funk latino de Los M\u00fasicos de Jos\u00e9<br \/>\nLa Secretar\u00eda de Cultura del Gobierno de M\u00e9xico, a trav\u00e9s del Complejo Cultural Los Pinos, en colaboraci\u00f3n con el Sistema Nacional de Fomento Musical, Fonoteca Nacional y la Escuela Superior de M\u00fasica del Instituto Nacional de Bellas Artes y Literatura, presentan la<img decoding=\"async\" class=\"size-medium wp-image-341931 alignright\" src=\"https:\/\/dimensionturistica.com\/es\/wp-content\/uploads\/2022\/06\/unnamed-2-27-300x225.jpg\" alt=\"\" width=\"300\" height=\"225\" srcset=\"https:\/\/dimensionturistica.com\/es\/wp-content\/uploads\/2022\/06\/unnamed-2-27-300x225.jpg 300w, https:\/\/dimensionturistica.com\/es\/wp-content\/uploads\/2022\/06\/unnamed-2-27-1024x768.jpg 1024w, https:\/\/dimensionturistica.com\/es\/wp-content\/uploads\/2022\/06\/unnamed-2-27-768x576.jpg 768w, https:\/\/dimensionturistica.com\/es\/wp-content\/uploads\/2022\/06\/unnamed-2-27-1536x1152.jpg 1536w, https:\/\/dimensionturistica.com\/es\/wp-content\/uploads\/2022\/06\/unnamed-2-27-750x563.jpg 750w, https:\/\/dimensionturistica.com\/es\/wp-content\/uploads\/2022\/06\/unnamed-2-27-1140x855.jpg 1140w, https:\/\/dimensionturistica.com\/es\/wp-content\/uploads\/2022\/06\/unnamed-2-27.jpg 2048w\" sizes=\"(max-width: 300px) 100vw, 300px\" \/> tercera edici\u00f3n del Festival Academia Jartzz los d\u00edas 1, 2 y 3 de julio, cada d\u00eda enfocado en los ejes tem\u00e1ticos: \u201cEl ritmo de la afrodescendencia\u201d, \u201cFunk en libertad\u201d y \u201cJazz la-Tino\u201d.<br \/>\nEl 1 de julio se realizar\u00e1 un recorrido l\u00edrico y acad\u00e9mico por la historia del jazz, iniciando a las 14:00 horas con el concierto de Los Viernes S.B. acompa\u00f1ados por la compa\u00f1\u00eda de baile Lindy+, donde el swing converge con el lindy hop, baile neoyorkino que surgiera en Harlem en la \u00e9poca dorada del jazz, para despu\u00e9s dar paso a la charla \u201cEl delirante jazz de los a\u00f1os 20\u201d, cartograf\u00eda sonora que ser\u00e1 impartida por el sincopado investigador michoacano H\u00e9ctor Pe\u00f1a y la moderaci\u00f3n de Pablo Iv\u00e1n Arg\u00fcello a las 15:30 horas. Despu\u00e9s,<img decoding=\"async\" class=\"size-medium wp-image-341932 alignright\" src=\"https:\/\/dimensionturistica.com\/es\/wp-content\/uploads\/2022\/06\/unnamed-3-20-300x191.jpg\" alt=\"\" width=\"300\" height=\"191\" srcset=\"https:\/\/dimensionturistica.com\/es\/wp-content\/uploads\/2022\/06\/unnamed-3-20-300x191.jpg 300w, https:\/\/dimensionturistica.com\/es\/wp-content\/uploads\/2022\/06\/unnamed-3-20-1024x652.jpg 1024w, https:\/\/dimensionturistica.com\/es\/wp-content\/uploads\/2022\/06\/unnamed-3-20-768x489.jpg 768w, https:\/\/dimensionturistica.com\/es\/wp-content\/uploads\/2022\/06\/unnamed-3-20-1536x978.jpg 1536w, https:\/\/dimensionturistica.com\/es\/wp-content\/uploads\/2022\/06\/unnamed-3-20-750x478.jpg 750w, https:\/\/dimensionturistica.com\/es\/wp-content\/uploads\/2022\/06\/unnamed-3-20-1140x726.jpg 1140w, https:\/\/dimensionturistica.com\/es\/wp-content\/uploads\/2022\/06\/unnamed-3-20.jpg 2048w\" sizes=\"(max-width: 300px) 100vw, 300px\" \/> escucharemos los sonidos sincopados de las d\u00e9cadas de los treinta hasta su mezcla con el pop de los noventas presentado por la banda The Gatsby Project a las 17:00 horas y se culminar\u00e1, con el espect\u00e1culo esc\u00e9nico musical donde \u201cel ritmo roto\u201d converge con el surrealismo teatral, \u201cJazz: El caos perfecto\u201d con Iraida Noriega y Gin Tr\u00edo, en punto de las 18:30 horas.<br \/>\nFunk en libertad para el 2 de julio, donde los ecos de protesta por los derechos civiles de la raza negra, se expresan con el R&amp;B, funk, soul y Hip-hop, mensajeros musicales contra el racismo y la discriminaci\u00f3n.<br \/>\nEl talento a cargo: la Summer Soul Big Band, donde bajo la direcci\u00f3n del maestro Hugo Leyva,<img decoding=\"async\" class=\"size-medium wp-image-341933 alignright\" src=\"https:\/\/dimensionturistica.com\/es\/wp-content\/uploads\/2022\/06\/unnamed-4-8-300x234.jpg\" alt=\"\" width=\"300\" height=\"234\" srcset=\"https:\/\/dimensionturistica.com\/es\/wp-content\/uploads\/2022\/06\/unnamed-4-8-300x234.jpg 300w, https:\/\/dimensionturistica.com\/es\/wp-content\/uploads\/2022\/06\/unnamed-4-8-1024x798.jpg 1024w, https:\/\/dimensionturistica.com\/es\/wp-content\/uploads\/2022\/06\/unnamed-4-8-768x598.jpg 768w, https:\/\/dimensionturistica.com\/es\/wp-content\/uploads\/2022\/06\/unnamed-4-8-1536x1197.jpg 1536w, https:\/\/dimensionturistica.com\/es\/wp-content\/uploads\/2022\/06\/unnamed-4-8-750x584.jpg 750w, https:\/\/dimensionturistica.com\/es\/wp-content\/uploads\/2022\/06\/unnamed-4-8-1140x888.jpg 1140w, https:\/\/dimensionturistica.com\/es\/wp-content\/uploads\/2022\/06\/unnamed-4-8.jpg 1640w\" sizes=\"(max-width: 300px) 100vw, 300px\" \/> acompa\u00f1ado por las voces de las hermanas Beaujean y algunos m\u00fasicos de la Escuela Superior de M\u00fasica, impartir\u00e1n \u201cSesiones de soul\u201d al p\u00fablico a las 14:00 horas; continuamos a las 15:30 horas con la sesi\u00f3n de escucha \u201cEcos de la Old School\u201d, algo del desarrollo del Hip-hop a cargo de Eric El Ni\u00f1o y moderado por el music\u00f3logo Pablo Iv\u00e1n Arg\u00fcello; Xiomara M\u00e9ndez Band realizar\u00e1 una presentaci\u00f3n dedicada a la reina del Funk, \u201cBetty Davis &amp; otros GROOVES\u201d a las 17:00 horas; para cerrar con la gran sorpresa del 3er Jartzz, el regreso de Mamastr\u00f3ficos y su \u201cFunk: Diez a\u00f1os despu\u00e9s\u201d a las 18:30 horas.<br \/>\nEl \u00faltimo d\u00eda, 3 de julio, se bailar\u00e1 al son del \u201cJazz la-Tino\u201d, hermandad de un subg\u00e9nero jazz\u00edstico que<img decoding=\"async\" class=\"wp-image-341937 alignleft\" src=\"https:\/\/dimensionturistica.com\/es\/wp-content\/uploads\/2022\/06\/unnamed-54-226x300.jpg\" alt=\"\" width=\"347\" height=\"461\" srcset=\"https:\/\/dimensionturistica.com\/es\/wp-content\/uploads\/2022\/06\/unnamed-54-226x300.jpg 226w, https:\/\/dimensionturistica.com\/es\/wp-content\/uploads\/2022\/06\/unnamed-54-771x1024.jpg 771w, https:\/\/dimensionturistica.com\/es\/wp-content\/uploads\/2022\/06\/unnamed-54-768x1020.jpg 768w, https:\/\/dimensionturistica.com\/es\/wp-content\/uploads\/2022\/06\/unnamed-54-1157x1536.jpg 1157w, https:\/\/dimensionturistica.com\/es\/wp-content\/uploads\/2022\/06\/unnamed-54-1543x2048.jpg 1543w, https:\/\/dimensionturistica.com\/es\/wp-content\/uploads\/2022\/06\/unnamed-54-750x996.jpg 750w, https:\/\/dimensionturistica.com\/es\/wp-content\/uploads\/2022\/06\/unnamed-54-1140x1514.jpg 1140w, https:\/\/dimensionturistica.com\/es\/wp-content\/uploads\/2022\/06\/unnamed-54-scaled.jpg 1928w\" sizes=\"(max-width: 347px) 100vw, 347px\" \/> entrelaza a las naciones latinoameric\u00e1nas y abrir\u00e1n a las 14:00 horas la banda Ollin Bant\u00fa y su \u201cafro-groove latino\u201d.<br \/>\nEn la memoria de estos sonidos latinoamericanos, se realizar\u00e1 una charla a las 15:30 horas con M\u00f3nica Blues y Valentino Contreras \u2013esposa e hijo de Tino Contreras-, adem\u00e1s de un tributo a uno de los jazzistas mexicanos m\u00e1s queridos, as\u00ed como reconocidos a nivel internacional, el maestro Tino Contreras, donde el ensamble de esta leyenda del jazz mexicano compartir\u00e1 escenario con el reconocido pianista H\u00e9ctor Infanz\u00f3n y su Cuarteto Latinoamericano a las 17:00 horas.<br \/>\nEl cierre del 3er Festival Academia Jartzz, sonar\u00e1 a mambo, funk y ritmos latinos de la fren\u00e9tica banda Los M\u00fasicos de Jos\u00e9 a las 18:30 horas.<br \/>\nLa entrada es gratuita y se recomienda seguir las medidas sanitarias vigentes para el cuidado de la salud.<br \/>\nVisita la micrositio del 3er Festival Academia Jartzz donde encontraras, rese\u00f1as, videos y fotograf\u00edas de cada actvidad: https:\/\/www.homoespacios.com\/3er-festival-academia-jartzz<\/p>\n","protected":false},"excerpt":{"rendered":"<p>Dentro de los principales conciertos, se encuentran: Iraida Noriega con Gin Tr\u00edo en el espect\u00e1culo jazz\u00edstico teatral \u201cJazz: el caos perfecto\u201d; el regreso del funk de Mamastr\u00f3ficos; un tributo al c\u00e9lebre jazzista Tino Contreras, a cargo de H\u00e9ctor Infanz\u00f3n con su Cuarteto Latinoamericano y parte del ensamble original de nuestra leyenda del jazz mexicano; as\u00ed [&hellip;]<\/p>\n","protected":false},"author":1,"featured_media":341947,"comment_status":"open","ping_status":"closed","sticky":false,"template":"","format":"standard","meta":{"om_disable_all_campaigns":false,"jnews-multi-image_gallery":[],"jnews_single_post":{"source_name":"","source_url":"","via_name":"","via_url":"","override_template":"0","override":[{"template":"1","single_blog_custom":"","parallax":"1","fullscreen":"1","layout":"right-sidebar","sidebar":"default-sidebar","second_sidebar":"default-sidebar","sticky_sidebar":"1","share_position":"top","share_float_style":"share-monocrhome","show_share_counter":"1","show_view_counter":"1","show_featured":"1","show_post_meta":"1","show_post_author":"1","show_post_author_image":"1","show_post_date":"1","post_date_format":"default","post_date_format_custom":"Y\/m\/d","show_post_category":"1","show_post_reading_time":"0","post_reading_time_wpm":"300","show_zoom_button":"0","zoom_button_out_step":"2","zoom_button_in_step":"3","show_post_tag":"1","show_prev_next_post":"1","show_popup_post":"1","number_popup_post":"1","show_author_box":"0","show_post_related":"0","show_inline_post_related":"0"}],"override_image_size":"0","image_override":[{"single_post_thumbnail_size":"crop-500","single_post_gallery_size":"crop-500"}],"trending_post":"0","trending_post_position":"meta","trending_post_label":"Trending","sponsored_post":"0","sponsored_post_label":"Sponsored by","sponsored_post_name":"","sponsored_post_url":"","sponsored_post_logo_enable":"0","sponsored_post_logo":"","sponsored_post_desc":"","disable_ad":"0"},"jnews_primary_category":{"id":""},"jnews_social_meta":{"fb_title":"","fb_description":"","fb_image":"","twitter_title":"","twitter_description":"","twitter_image":""},"footnotes":""},"categories":[40],"tags":[],"class_list":["post-341923","post","type-post","status-publish","format-standard","has-post-thumbnail","hentry","category-industria"],"_links":{"self":[{"href":"https:\/\/dimensionturistica.com\/es\/wp-json\/wp\/v2\/posts\/341923","targetHints":{"allow":["GET"]}}],"collection":[{"href":"https:\/\/dimensionturistica.com\/es\/wp-json\/wp\/v2\/posts"}],"about":[{"href":"https:\/\/dimensionturistica.com\/es\/wp-json\/wp\/v2\/types\/post"}],"author":[{"embeddable":true,"href":"https:\/\/dimensionturistica.com\/es\/wp-json\/wp\/v2\/users\/1"}],"replies":[{"embeddable":true,"href":"https:\/\/dimensionturistica.com\/es\/wp-json\/wp\/v2\/comments?post=341923"}],"version-history":[{"count":0,"href":"https:\/\/dimensionturistica.com\/es\/wp-json\/wp\/v2\/posts\/341923\/revisions"}],"wp:featuredmedia":[{"embeddable":true,"href":"https:\/\/dimensionturistica.com\/es\/wp-json\/wp\/v2\/media\/341947"}],"wp:attachment":[{"href":"https:\/\/dimensionturistica.com\/es\/wp-json\/wp\/v2\/media?parent=341923"}],"wp:term":[{"taxonomy":"category","embeddable":true,"href":"https:\/\/dimensionturistica.com\/es\/wp-json\/wp\/v2\/categories?post=341923"},{"taxonomy":"post_tag","embeddable":true,"href":"https:\/\/dimensionturistica.com\/es\/wp-json\/wp\/v2\/tags?post=341923"}],"curies":[{"name":"wp","href":"https:\/\/api.w.org\/{rel}","templated":true}]}}