{"id":341908,"date":"2022-06-29T13:14:13","date_gmt":"2022-06-29T13:14:13","guid":{"rendered":"https:\/\/dimensionturistica.com\/es\/?p=341908"},"modified":"2022-06-29T13:14:13","modified_gmt":"2022-06-29T13:14:13","slug":"realizara-la-secretaria-de-desarrollo-rural-sdr-tercera-edicion-de-la-expo-cafe-orgullo-puebla","status":"publish","type":"post","link":"https:\/\/dimensionturistica.com\/es\/realizara-la-secretaria-de-desarrollo-rural-sdr-tercera-edicion-de-la-expo-cafe-orgullo-puebla\/","title":{"rendered":"Realizar\u00e1 la Secretar\u00eda de Desarrollo Rural SDR tercera edici\u00f3n de la Expo Caf\u00e9 Orgullo Puebla"},"content":{"rendered":"<p><img decoding=\"async\" class=\"size-medium wp-image-341914 alignright\" src=\"https:\/\/dimensionturistica.com\/es\/wp-content\/uploads\/2022\/06\/unnamed-53-300x200.jpg\" alt=\"\" width=\"300\" height=\"200\" srcset=\"https:\/\/dimensionturistica.com\/es\/wp-content\/uploads\/2022\/06\/unnamed-53-300x200.jpg 300w, https:\/\/dimensionturistica.com\/es\/wp-content\/uploads\/2022\/06\/unnamed-53-1024x682.jpg 1024w, https:\/\/dimensionturistica.com\/es\/wp-content\/uploads\/2022\/06\/unnamed-53-768x512.jpg 768w, https:\/\/dimensionturistica.com\/es\/wp-content\/uploads\/2022\/06\/unnamed-53-750x500.jpg 750w, https:\/\/dimensionturistica.com\/es\/wp-content\/uploads\/2022\/06\/unnamed-53-1140x760.jpg 1140w, https:\/\/dimensionturistica.com\/es\/wp-content\/uploads\/2022\/06\/unnamed-53.jpg 1280w\" sizes=\"(max-width: 300px) 100vw, 300px\" \/> Para continuar con el impulso y la recuperaci\u00f3n de la cafeticultura poblana, la Secretar\u00eda de Desarrollo Rural (SDR) llevar\u00e1 a cabo la tercera edici\u00f3n de la Expo Caf\u00e9 Orgullo Puebla, que ser\u00e1 llevada a cabo el 30 de junio, 1, 2 y 3 de julio con la participaci\u00f3n de productoras y productores, as\u00ed como barras de caf\u00e9 a nivel nacional y baristas profesionales.<br \/>\nA trav\u00e9s de rueda de prensa en la Ciudad de M\u00e9xico, la titular de la Secretar\u00eda, Ana Laura Altamirano P\u00e9rez, destac\u00f3 que Puebla es uno de los principales exponentes de la cafeticultura en el pa\u00eds, no solo por su producci\u00f3n de m\u00e1s de 70 mil hect\u00e1reas y 150 mil toneladas de caf\u00e9 cereza, sino por ser un importante generador de caf\u00e9s de especialidad.<img decoding=\"async\" class=\"size-medium wp-image-341916 alignright\" src=\"https:\/\/dimensionturistica.com\/es\/wp-content\/uploads\/2022\/06\/unnamed-2-26-300x200.jpg\" alt=\"\" width=\"300\" height=\"200\" srcset=\"https:\/\/dimensionturistica.com\/es\/wp-content\/uploads\/2022\/06\/unnamed-2-26-300x200.jpg 300w, https:\/\/dimensionturistica.com\/es\/wp-content\/uploads\/2022\/06\/unnamed-2-26-1024x682.jpg 1024w, https:\/\/dimensionturistica.com\/es\/wp-content\/uploads\/2022\/06\/unnamed-2-26-768x512.jpg 768w, https:\/\/dimensionturistica.com\/es\/wp-content\/uploads\/2022\/06\/unnamed-2-26-750x500.jpg 750w, https:\/\/dimensionturistica.com\/es\/wp-content\/uploads\/2022\/06\/unnamed-2-26-1140x760.jpg 1140w, https:\/\/dimensionturistica.com\/es\/wp-content\/uploads\/2022\/06\/unnamed-2-26.jpg 1280w\" sizes=\"(max-width: 300px) 100vw, 300px\" \/><br \/>\nEn ese sentido, apunt\u00f3 que la Expo Caf\u00e9 Orgullo Puebla es parte angular de la pol\u00edtica cafetalera encabezada por el gobernador Miguel Barbosa Huerta desde 2019 que ha generado un gran impulso en los 54 municipios con vocaci\u00f3n de este grano y ha permitido el desarrollo de marcas, acceso a mercados internacionales y que Puebla sea primer lugar nacional en rendimiento.<br \/>\nLa Expo Caf\u00e9 Orgullo Puebla tendr\u00e1 como sede el Centro de Convenciones de la ciudad de Puebla y su eje central ser\u00e1n las y los productores de los municipios cafetaleros de las sierras Norte, Nororiental y Negra, promoviendo la venta y consumo de 100 marcas de caf\u00e9 poblano dirigidas tanto para el mercado local, como para el nacional y extranjero.<img decoding=\"async\" class=\"size-medium wp-image-341917 alignright\" src=\"https:\/\/dimensionturistica.com\/es\/wp-content\/uploads\/2022\/06\/unnamed-1-33-300x200.jpg\" alt=\"\" width=\"300\" height=\"200\" srcset=\"https:\/\/dimensionturistica.com\/es\/wp-content\/uploads\/2022\/06\/unnamed-1-33-300x200.jpg 300w, https:\/\/dimensionturistica.com\/es\/wp-content\/uploads\/2022\/06\/unnamed-1-33-1024x682.jpg 1024w, https:\/\/dimensionturistica.com\/es\/wp-content\/uploads\/2022\/06\/unnamed-1-33-768x512.jpg 768w, https:\/\/dimensionturistica.com\/es\/wp-content\/uploads\/2022\/06\/unnamed-1-33-750x500.jpg 750w, https:\/\/dimensionturistica.com\/es\/wp-content\/uploads\/2022\/06\/unnamed-1-33-1140x760.jpg 1140w, https:\/\/dimensionturistica.com\/es\/wp-content\/uploads\/2022\/06\/unnamed-1-33.jpg 1280w\" sizes=\"(max-width: 300px) 100vw, 300px\" \/><br \/>\nAsimismo, este evento contar\u00e1 con la segunda edici\u00f3n del Campeonato de Baristas, quienes usar\u00e1n solo caf\u00e9 poblano para creaciones nuevas y juzgadas por un panel de personas expertas en la materia; adem\u00e1s de la cataci\u00f3n Calidad en Taza Orgullo Puebla para reconocer los mejores granos de todo el estado y con resultados por arriba de los 87 puntos.<\/p>\n","protected":false},"excerpt":{"rendered":"<p>Para continuar con el impulso y la recuperaci\u00f3n de la cafeticultura poblana, la Secretar\u00eda de Desarrollo Rural (SDR) llevar\u00e1 a cabo la tercera edici\u00f3n de la Expo Caf\u00e9 Orgullo Puebla, que ser\u00e1 llevada a cabo el 30 de junio, 1, 2 y 3 de julio con la participaci\u00f3n de productoras y productores, as\u00ed como barras [&hellip;]<\/p>\n","protected":false},"author":1,"featured_media":341915,"comment_status":"open","ping_status":"closed","sticky":false,"template":"","format":"standard","meta":{"om_disable_all_campaigns":false,"jnews-multi-image_gallery":[],"jnews_single_post":{"source_name":"","source_url":"","via_name":"","via_url":"","override_template":"0","override":[{"template":"1","single_blog_custom":"","parallax":"1","fullscreen":"1","layout":"right-sidebar","sidebar":"default-sidebar","second_sidebar":"default-sidebar","sticky_sidebar":"1","share_position":"top","share_float_style":"share-monocrhome","show_share_counter":"1","show_view_counter":"1","show_featured":"1","show_post_meta":"1","show_post_author":"1","show_post_author_image":"1","show_post_date":"1","post_date_format":"default","post_date_format_custom":"Y\/m\/d","show_post_category":"1","show_post_reading_time":"0","post_reading_time_wpm":"300","show_zoom_button":"0","zoom_button_out_step":"2","zoom_button_in_step":"3","show_post_tag":"1","show_prev_next_post":"1","show_popup_post":"1","number_popup_post":"1","show_author_box":"0","show_post_related":"0","show_inline_post_related":"0"}],"override_image_size":"0","image_override":[{"single_post_thumbnail_size":"crop-500","single_post_gallery_size":"crop-500"}],"trending_post":"0","trending_post_position":"meta","trending_post_label":"Trending","sponsored_post":"0","sponsored_post_label":"Sponsored by","sponsored_post_name":"","sponsored_post_url":"","sponsored_post_logo_enable":"0","sponsored_post_logo":"","sponsored_post_desc":"","disable_ad":"0"},"jnews_primary_category":{"id":""},"jnews_social_meta":{"fb_title":"","fb_description":"","fb_image":"","twitter_title":"","twitter_description":"","twitter_image":""},"footnotes":""},"categories":[40],"tags":[],"class_list":["post-341908","post","type-post","status-publish","format-standard","has-post-thumbnail","hentry","category-industria"],"_links":{"self":[{"href":"https:\/\/dimensionturistica.com\/es\/wp-json\/wp\/v2\/posts\/341908","targetHints":{"allow":["GET"]}}],"collection":[{"href":"https:\/\/dimensionturistica.com\/es\/wp-json\/wp\/v2\/posts"}],"about":[{"href":"https:\/\/dimensionturistica.com\/es\/wp-json\/wp\/v2\/types\/post"}],"author":[{"embeddable":true,"href":"https:\/\/dimensionturistica.com\/es\/wp-json\/wp\/v2\/users\/1"}],"replies":[{"embeddable":true,"href":"https:\/\/dimensionturistica.com\/es\/wp-json\/wp\/v2\/comments?post=341908"}],"version-history":[{"count":0,"href":"https:\/\/dimensionturistica.com\/es\/wp-json\/wp\/v2\/posts\/341908\/revisions"}],"wp:featuredmedia":[{"embeddable":true,"href":"https:\/\/dimensionturistica.com\/es\/wp-json\/wp\/v2\/media\/341915"}],"wp:attachment":[{"href":"https:\/\/dimensionturistica.com\/es\/wp-json\/wp\/v2\/media?parent=341908"}],"wp:term":[{"taxonomy":"category","embeddable":true,"href":"https:\/\/dimensionturistica.com\/es\/wp-json\/wp\/v2\/categories?post=341908"},{"taxonomy":"post_tag","embeddable":true,"href":"https:\/\/dimensionturistica.com\/es\/wp-json\/wp\/v2\/tags?post=341908"}],"curies":[{"name":"wp","href":"https:\/\/api.w.org\/{rel}","templated":true}]}}