{"id":341892,"date":"2022-06-29T12:47:40","date_gmt":"2022-06-29T12:47:40","guid":{"rendered":"https:\/\/dimensionturistica.com\/es\/?p=341892"},"modified":"2022-06-29T12:47:40","modified_gmt":"2022-06-29T12:47:40","slug":"alista-tu-equipaje-cuales-son-los-destinos-turisticos-de-imperdible-visita-en-julio-noticias","status":"publish","type":"post","link":"https:\/\/dimensionturistica.com\/es\/alista-tu-equipaje-cuales-son-los-destinos-turisticos-de-imperdible-visita-en-julio-noticias\/","title":{"rendered":"Alista tu equipaje: \u00bfCu\u00e1les son los destinos tur\u00edsticos de imperdible visita en julio? | Noticias"},"content":{"rendered":"<p> <br \/>\n<\/p>\n<p style=\"display: inline;\">\n                        Julio no solo es el mes patrio sino tambi\u00e9n el de las vacaciones de medio a\u00f1o, por lo que nos invita a preparar las valijas y visitar maravillosos atractivos tur\u00edsticos como Machu Picchu y el Parque Nacional Huascar\u00e1n, que celebran su aniversario, u otros como la costa norte para avistar el tr\u00e1nsito de ballenas y disfrutar de hermosas playas. Sin duda, hay sobrados motivos para realizar un viaje inolvidable a estos y otros sorprendentes destinos de nuestro pa\u00eds.<\/p>\n<div>\n<p>A continuaci\u00f3n, conoce los destinos tur\u00edsticos nacionales de imperdible visita en el mes de julio.<\/p>\n<p><h3><strong>Machu Picchu<\/strong><\/h3>\n<\/p>\n<div>La m\u00e1s c\u00e9lebre ciudadela inca conmemorar\u00e1, el pr\u00f3ximo 24 de julio, el <strong>111\u00b0 aniversario de su hallazgo<\/strong> por parte del explorador estadounidense <strong><a rel=\"nofollow noopener\" target=\"_blank\" href=\"https:\/\/andina.pe\/agencia\/noticia-machu-picchu-conoce-motiva-a-visitar-esta-maravilla-peruana-talla-mundial-807509.aspx\" class=\"ApplyClass\">Hiram Bingham<\/a>.<\/strong>\u00a0Antes, el 7 de julio, Machu Picchu celebra 15 a\u00f1os de ser reconocida como una de las nuevas <strong><a rel=\"nofollow noopener\" target=\"_blank\" href=\"https:\/\/andina.pe\/agencia\/noticia-machu-picchu-aniversario-celebra-hoy-14-anos-como-nueva-maravilla-del-mundo-moderno-852246.aspx\" class=\"ApplyClass\">siete maravillas del mundo<\/a><\/strong> moderno. El santuario inca es una de las construcciones humanas que concita un gran inter\u00e9s en el mundo y hace pocos d\u00edas volvi\u00f3 a ser tendencia por la visita del delantero de la selecci\u00f3n peruana de f\u00fatbol, <strong><a rel=\"nofollow noopener\" target=\"_blank\" href=\"https:\/\/andina.pe\/agencia\/noticia-machu-picchu-deslumbra-a-gianluca-lapadula-y-expresa-maravilla-897890.aspx\">Gianluca Lapadula<\/a><\/strong>, quien junto a su familia recorri\u00f3 y quedaron fascinados con el impresionante monumento arqueol\u00f3gico y estandarte tur\u00edstico del Per\u00fa.<\/div>\n<p><img decoding=\"async\" alt=\"\" src=\"https:\/\/portal.andina.pe\/EDPFotografia3\/thumbnail\/2022\/06\/18\/000876877M.jpg\" width=\"580px\"\/><\/p>\n<p>Su imponente y enigm\u00e1tica arquitectura, edificada \u00edntegramente en piedra en el siglo XV por orden del <strong>inca Pachac\u00fatec<\/strong> sobre una escarpada monta\u00f1a a <strong>2,453 metros sobre el nivel del mar<\/strong>, as\u00ed como la reconfortante energ\u00eda que se percibe al recorrer la ciudadela inca, son los principales aspectos que cautivan a los miles de visitantes y motivan a visitar a una de las siete nuevas maravillas del planeta.<\/p>\n<p><img decoding=\"async\" alt=\"\" src=\"https:\/\/portal.andina.pe\/EDPFotografia3\/thumbnail\/2020\/02\/11\/000651289M.jpg\" width=\"580px\"\/><\/p>\n<p>Con el paso del tiempo y el mayor conocimiento de su importancia como centro religioso, ceremonial, astron\u00f3mico y agr\u00edcola inca, Machu Picchu logr\u00f3, el 9 de diciembre de 1983, su inscripci\u00f3n en la <strong>Lista del Patrimonio Mundial de la Unesco<\/strong> por sus valores culturales y naturales.<\/p>\n<p><img decoding=\"async\" alt=\"\" src=\"https:\/\/portal.andina.pe\/EDPFotografia3\/thumbnail\/2020\/10\/19\/000719397M.jpg\" width=\"580px\"\/><\/p>\n<p>Dos a\u00f1os antes, el 8 de enero de 1981, Machu Picchu fue declarado como <strong>Santuario Nacional y Parque Arqueol\u00f3gico<\/strong> por las autoridades peruanas.<\/p>\n<p><img decoding=\"async\" alt=\"\" src=\"https:\/\/portal.andina.pe\/EDPFotografia3\/thumbnail\/2019\/04\/06\/000576614M.jpg\" width=\"580px\"\/><\/p>\n<p>En octubre de 2020, Machu Picchu fue uno de los primeros destinos del Per\u00fa en recibir el sello <strong>Protected Travels<\/strong> como destino tur\u00edstico que garantiza una visita segura al contar con las medidas preventivas para evitar el contagio del covid-19.<\/p>\n<p><img decoding=\"async\" alt=\"\" src=\"https:\/\/portal.andina.pe\/EDPFotografia3\/thumbnail\/2021\/06\/15\/000782061M.jpg\" width=\"580px\"\/><\/p>\n<p>Asimismo, Machu Picchu desarroll\u00f3 la iniciativa <strong>Carbono Impartial,<\/strong> que lo convierte en un destino tur\u00edstico de referencia mundial en la reducci\u00f3n de di\u00f3xido de carbono (CO2) y la gesti\u00f3n de residuos s\u00f3lidos.<\/p>\n<p><img decoding=\"async\" alt=\"\" src=\"https:\/\/portal.andina.pe\/EDPFotografia3\/thumbnail\/2021\/09\/06\/000805231M.jpg\" width=\"580px\"\/><\/p>\n<p>Adem\u00e1s de recorrer la cautivante construcci\u00f3n inca que sobrevive al tiempo, se recomienda visitar la <strong>ciudad de Cusco<\/strong>, capital del imperio prehisp\u00e1nico m\u00e1s importante de Sudam\u00e9rica y que fue inscrita junto con Machu Picchu en la <strong>Lista de Patrimonio Mundial de la Unesco<\/strong>, el 9 de diciembre de 1983. La Ciudad Imperial alberga una amplia variedad de atractivos en cada uno de sus rincones, por lo que motiva a regresar m\u00e1s de una vez para apreciarlos en detalle.<\/p>\n<p><img decoding=\"async\" alt=\"\" src=\"https:\/\/portal.andina.pe\/EDPFotografia3\/thumbnail\/2022\/06\/22\/000877859M.jpg\" width=\"580px\"\/><\/p>\n<div>Asimismo, realizar una visita a parques arqueol\u00f3gicos como <strong>Sacsayhuam\u00e1n<\/strong>, escenario principal del magn\u00edfico <strong><a rel=\"nofollow noopener\" target=\"_blank\" href=\"https:\/\/andina.pe\/agencia\/noticia-cusco-asi-se-vive-ceremonia-central-del-inti-raymi-explanada-sacsayhuaman-video-898708.aspx\" class=\"ApplyClass\">Inti Raymi<\/a><\/strong>; <strong>Ollantaytambo<\/strong>, P\u00edsac, Chinchero, Moray, entre otros; as\u00ed como el fascinante <strong>Valle Sagrado<\/strong>, las minas de sal de Maras, <strong><a rel=\"nofollow noopener\" target=\"_blank\" href=\"https:\/\/andina.pe\/agencia\/noticia-conoce-por-oropesa-es-desde-hoy-capital-nacional-del-pan-876044.aspx\" class=\"ApplyClass\">Oropesa<\/a><\/strong> conocida como la \u201ccapital nacional del pan\u201d, Huasao y otros fascinantes lugares.\u00a0<\/div>\n<p><a rel=\"nofollow noopener\" target=\"_blank\" href=\"https:\/\/andina.pe\/agencia\/noticia-cusco-descartan-danos-zona-monumental-sacsayhuaman-durante-inti-raymi-899186.aspx\" class=\"ApplyClass\"><\/p>\n<p><h3><strong>Parque Nacional Huascar\u00e1n<\/strong><\/h3>\n<\/p>\n<p>Otro de los destinos del Per\u00fa preferidos por los turistas es el <strong>Parque Nacional Huascar\u00e1n<\/strong>, que este 1 de julio celebra 47 a\u00f1os protegiendo los ecosistemas de la Cordillera Blanca, parte de la cordillera tropical m\u00e1s extensa del mundo, as\u00ed como su enorme riqueza de flora y fauna, formaciones geol\u00f3gicas y nevados que le confieren una cautivante belleza paisaj\u00edstica y que son patrimonio natural, cient\u00edfico y cultural de la naci\u00f3n.<\/p>\n<p><img decoding=\"async\" alt=\"\" src=\"https:\/\/portal.andina.pe\/EDPFotografia3\/thumbnail\/2021\/07\/01\/000786300M.jpg\" width=\"580px\"\/><\/p>\n<div>Creado como \u00e1rea natural protegida por el Estado el <strong>1 de julio de 1975<\/strong>, mediante <strong>Decreto Supremo N\u00b0 0622-75-AG<\/strong>, el Parque Nacional Huascar\u00e1n fue tambi\u00e9n reconocido por la Unesco como <strong><a rel=\"nofollow noopener\" target=\"_blank\" href=\"https:\/\/andina.pe\/agencia\/noticia-reservas-biosfera-conoce-son-cual-es-su-importancia-y-cuantas-existen-peru-847840.aspx\">Reserva de Biosfera<\/a><\/strong> el <strong>1 de marzo de 1977<\/strong>, y en <strong>1985<\/strong> como <strong>Patrimonio Pure de la Humanidad<\/strong>.<\/div>\n<p><img decoding=\"async\" alt=\"\" src=\"https:\/\/portal.andina.pe\/EDPFotografia3\/thumbnail\/2021\/05\/12\/000773704M.jpg\" width=\"580px\"\/><\/p>\n<p>El <strong>Parque Nacional Huascar\u00e1n<\/strong> se encuentra en el departamento de \u00c1ncash y tiene una extensi\u00f3n de 340,000 hect\u00e1reas, distribuidas entre las provincias de Huaylas, Yungay, Carhuaz, Huaraz, Recuay, Bolognesi, Pomabamba, Huari, Mariscal Luzuriaga y Asunci\u00f3n.\u00a0<\/p>\n<p><a rel=\"nofollow noopener\" target=\"_blank\" href=\"https:\/\/andina.pe\/agencia\/noticia-conoce-alpamayo-montana-mas-bella-del-mundo-729303.aspx\" class=\"ApplyClass\"><\/p>\n<div>En su interior protege la <strong>ecorregi\u00f3n de la<\/strong> <strong>Puna H\u00fameda de los Andes Centrales<\/strong>. Su territorio es accidentado y comprende el flanco oriental de la <strong><a rel=\"nofollow noopener\" target=\"_blank\" href=\"https:\/\/andina.pe\/agencia\/noticia-ancash-presenta-nueva-ruta-acceso-a-montana-alpamayo-desde-pomabamba-850308.aspx\">Cordillera Blanca<\/a><\/strong>, en la zona del <strong>Callej\u00f3n de Conchucos<\/strong>, y el occidental en la zona del <strong>Callej\u00f3n de Huaylas<\/strong>.\u00a0<\/div>\n<p><iframe loading=\"lazy\" src=\"https:\/\/www.facebook.com\/plugins\/video.php?height=314&amp;href=https%3A%2F%2Fwww.facebook.com%2FPNHuascaran1%2Fvideos%2F2948828695395086%2F&amp;show_text=false&amp;width=560&amp;t=0\" width=\"560\" height=\"314\" style=\"border: none; overflow: hidden;\" scrolling=\"no\" frameborder=\"0\" allowfullscreen=\"true\" allow=\"autoplay; clipboard-write; encrypted-media; picture-in-picture; web-share\"><\/iframe><\/p>\n<div>El <strong><a rel=\"nofollow noopener\" target=\"_blank\" href=\"https:\/\/andina.pe\/agencia\/noticia-aforo-sin-restricciones-visita-paracas-huascaran-y-otras-areas-naturales-protegidas-844913.aspx\">Parque Nacional Huascar\u00e1n<\/a><\/strong> se encuentra ubicado en una zona eminentemente tropical, albergando los nevados m\u00e1s altos del mundo en esta regi\u00f3n geogr\u00e1fica. Presenta cumbres nevadas con altitudes que oscilan entre los 5,000 y 6,768 metros sobre el nivel del mar, como el <strong>nevado Huascar\u00e1n<\/strong>, el m\u00e1s alto del Per\u00fa y uno de los m\u00e1s elevados de Sudam\u00e9rica.<\/div>\n<div>El \u00e1rea cubierta por glaciares comprende 504.4 kil\u00f3metros cuadrados, que representa el 14.84 % del \u00e1rea whole del <strong><a rel=\"nofollow noopener\" target=\"_blank\" href=\"https:\/\/andina.pe\/agencia\/noticia-aforo-sin-restricciones-visita-paracas-huascaran-y-otras-areas-naturales-protegidas-844913.aspx\">Parque Nacional Huascar\u00e1n<\/a><\/strong>. Existen <strong>712 glaciares<\/strong> y <strong>434 lagunas de origen glaciar<\/strong>, ocupando un \u00e1rea whole de 29 kil\u00f3metros cuadrados. Es por eso que la importancia de esta \u00e1rea pure protegida se refleja en su potencial hidrol\u00f3gico, pues sus nevados alimentan la cuenca de los <strong>r\u00edos Santa, Mara\u00f1\u00f3n y Pativilca<\/strong>.<\/div>\n<p><img decoding=\"async\" alt=\"\" src=\"https:\/\/portal.andina.pe\/EDPFotografia3\/thumbnail\/2020\/10\/15\/000718396M.jpg\" width=\"580px\"\/><\/p>\n<div>El car\u00e1cter pr\u00edstino del paisaje es impresionante y es el atractivo central del <strong><a rel=\"nofollow noopener\" target=\"_blank\" href=\"https:\/\/andina.pe\/agencia\/noticia-aforo-sin-restricciones-visita-paracas-huascaran-y-otras-areas-naturales-protegidas-844913.aspx\">Parque Nacional Huascar\u00e1n<\/a><\/strong>. El buen estado de conservaci\u00f3n de sus ecosistemas es el eje principal de activaci\u00f3n de la econom\u00eda native. Recorrer este lugar es un viaje por la historia del Per\u00fa y por la imponencia de nuestra geograf\u00eda.<\/div>\n<p><strong>Sitios arqueol\u00f3gicos<\/strong><\/p>\n<div>En el \u00e1mbito del <strong><a rel=\"nofollow noopener\" target=\"_blank\" href=\"https:\/\/andina.pe\/agencia\/noticia-ancash-parque-nacional-huascaran-reabre-algunas-zonas-al-turismo-835612.aspx\">Parque Nacional Huascar\u00e1n<\/a><\/strong> se ha identificado 33 sitios arqueol\u00f3gicos que muestran arte rupestre, sistemas de andener\u00eda, caminos, terrazas de cultivo, chullpas tumbas, miradores, fortificaciones, canales de irrigaci\u00f3n, y otros.\u00a0<\/div>\n<p><img decoding=\"async\" alt=\"\" src=\"https:\/\/portal.andina.pe\/EDPFotografia3\/thumbnail\/2021\/07\/01\/000786274M.jpg\" width=\"580px\"\/><\/p>\n<p>Mucha de esta riqueza cultural se encuentra ubicada en las diferentes quebradas y valles de pie de monta\u00f1a. Los restos arqueol\u00f3gicos m\u00e1s representativos son los de Auquispuquio, Cullicocha, Queshquepachan, Paccharuri, Quilcayhuanca, Nuevo Tambo, Cayesh y Pachacoto.<\/p>\n<p><strong>Zonas de visita autorizadas<\/strong><\/p>\n<p>Las zonas de visita autorizadas en esta \u00e1rea pure protegida son Quilcayhuanca, con la laguna de Churup; Llaca, con la laguna Llaca y el nevado Vallunaraju; e Ishinca, con los nevados del mismo nombre.\u00a0<\/p>\n<p><img decoding=\"async\" alt=\"\" src=\"https:\/\/portal.andina.pe\/EDPFotografia3\/thumbnail\/2017\/07\/22\/000437153M.jpg\" width=\"580px\"\/><\/p>\n<p>Tambi\u00e9n las lagunas <strong>69, Chinacocha y Querococha<\/strong>; los nevados <strong>Pisco y Pastoruri, Santa Cruz y Purhuay.<\/strong><\/p>\n<p><h3><strong>Playas de la costa norte<\/strong><\/h3>\n<\/p>\n<p>Considerada una de las experiencias m\u00e1s impactantes e inolvidables de la vida, el <strong>avistamiento de ballenas<\/strong> forma parte de los atractivos para visitar el Per\u00fa. Y las regiones de <strong>Piura<\/strong> y <strong>Tumbes<\/strong> son los mejores destinos tur\u00edsticos para apreciar el tr\u00e1nsito, acompa\u00f1ado de asombrosos movimientos, de estos gigantes cet\u00e1ceos por el mar de Grau, en una temporada que se extiende desde <strong>julio<\/strong> hasta finales de octubre.<\/p>\n<p><img decoding=\"async\" alt=\"\" src=\"https:\/\/portal.andina.pe\/EDPFotografia3\/thumbnail\/2021\/04\/27\/000769618M.jpg\" width=\"580px\"\/><\/p>\n<p>La expectativa es grande este a\u00f1o teniendo en cuenta que, antes de la pandemia, el <strong>turismo asociado al<\/strong> <strong>avistamiento de ballenas<\/strong> movilizaba alrededor de <strong>35,000 viajeros<\/strong> en un periodo de cuatro meses.\u00a0<\/p>\n<p><img decoding=\"async\" alt=\"\" src=\"https:\/\/portal.andina.pe\/EDPFotografia3\/thumbnail\/2021\/04\/27\/000769619M.jpg\" width=\"580px\"\/><\/div>\n<p>Los machos de esta especie tienen un tama\u00f1o que va de 13 a 14 metros de largo, mientras que las hembras son m\u00e1s grandes y alcanzan de 15 a 16 metros de longitud. Llegan a pesar alrededor de 30 toneladas y viven hasta los 45 o 50 a\u00f1os.<\/p>\n<p>Poderosas como atractivas, las <strong>ballenas jorobadas<\/strong>\u00a0son consideradas como las <strong>m\u00e1s acrob\u00e1ticas<\/strong>. A pesar de ser habitualmente solitarios, estos enormes cet\u00e1ceos se re\u00fanen en grupos para pescar y es ah\u00ed donde pueden apreciarse sus impresionantes desplazamientos cuando emergen y se sumergen en el mar, adem\u00e1s de emitir sonidos espectaculares que pueden escucharse a una distancia de hasta 300 kil\u00f3metros.\u00a0<\/p>\n<p>Se estima que durante la temporada de avistamiento, que va desde mediados de julio hasta finales de octubre, llegan a transitar <strong>m\u00e1s de 5,000 ejemplares de ballenas jorobadas<\/strong> que arriban desde la Ant\u00e1rtida y ofrecen un bello espect\u00e1culo marino que pueden apreciarse en alta mar partiendo de las playas de <strong>Piura<\/strong> y <strong>Tumbes<\/strong>.<\/p>\n<p>Adem\u00e1s del avistamiento de ballenas jorobadas, los turistas pueden divisar tambi\u00e9n lobos marinos, delfines y <strong>tortugas marinas<\/strong> que de manera inofensiva se acercan a las embarcaciones generando un singular espect\u00e1culo pure en mar adentro.\u00a0<\/p>\n<p>Los especialistas recomiendan que el mejor momento para apreciar el paso de las ballenas jorobadas y otras especies marina, es <strong>entre las 7 y las 11 de la ma\u00f1ana.<\/strong><\/p>\n<p>Finalmente, la <strong>provincia de Huaraz<\/strong>, en la regi\u00f3n \u00c1ncash, que el <strong>25 de julio <\/strong>celebrar\u00e1 su 165 aniversario de creaci\u00f3n pol\u00edtica; y la <strong>ciudad de Huamachuco<\/strong>, en la regi\u00f3n La Libertad, donde tiene lugar, el <strong>29 de julio<\/strong>, la tradicional <strong>\u201cParada del Gallardete\u201d<\/strong>, actividad que marca el inicio de la <strong>Festividad de la Virgen de Alta Gracia<\/strong>, declarada Patrimonio Cultural Inmaterial de la Naci\u00f3n en el 2011.<\/p>\n\n<p><em> &#8221; Fuentes andina.pe &#8221; <\/em><\/p>\n","protected":false},"excerpt":{"rendered":"<p>Julio no solo es el mes patrio sino tambi\u00e9n el de las vacaciones de medio a\u00f1o, por lo que nos invita a preparar las valijas y visitar maravillosos atractivos tur\u00edsticos como Machu Picchu y el Parque Nacional Huascar\u00e1n, que celebran su aniversario, u otros como la costa norte para avistar el tr\u00e1nsito de ballenas y [&hellip;]<\/p>\n","protected":false},"author":4,"featured_media":341893,"comment_status":"open","ping_status":"closed","sticky":false,"template":"","format":"standard","meta":{"om_disable_all_campaigns":false,"jnews-multi-image_gallery":[],"jnews_single_post":[],"jnews_primary_category":[],"jnews_social_meta":[],"footnotes":""},"categories":[39],"tags":[19348,43169,1454,48314,48324,48322,11742,13417,6825,27569,48323,48318,43287,767,48316,48317,48315,48319,544,48321,48320],"class_list":["post-341892","post","type-post","status-publish","format-standard","has-post-thumbnail","hentry","category-viajes","tag-avistamiento-de-ballenas","tag-chinchero","tag-cusco","tag-destinos-turisticos-de-imperdible-visita","tag-festividad-de-la-virgen-de-alta-gracia","tag-huamachuco","tag-julio","tag-lambayeque","tag-machu-picchu","tag-ollantaytambo","tag-parada-del-gallardete","tag-parque-nacional-cerros-de-amotape","tag-parque-nacional-huascaran","tag-peru","tag-pisac","tag-playas-de-piura-y-tumbes","tag-sacsayhuaman","tag-semana-del-king-kong","tag-turismo","tag-vilcas-raymi","tag-vilcashuaman"],"_links":{"self":[{"href":"https:\/\/dimensionturistica.com\/es\/wp-json\/wp\/v2\/posts\/341892","targetHints":{"allow":["GET"]}}],"collection":[{"href":"https:\/\/dimensionturistica.com\/es\/wp-json\/wp\/v2\/posts"}],"about":[{"href":"https:\/\/dimensionturistica.com\/es\/wp-json\/wp\/v2\/types\/post"}],"author":[{"embeddable":true,"href":"https:\/\/dimensionturistica.com\/es\/wp-json\/wp\/v2\/users\/4"}],"replies":[{"embeddable":true,"href":"https:\/\/dimensionturistica.com\/es\/wp-json\/wp\/v2\/comments?post=341892"}],"version-history":[{"count":0,"href":"https:\/\/dimensionturistica.com\/es\/wp-json\/wp\/v2\/posts\/341892\/revisions"}],"wp:featuredmedia":[{"embeddable":true,"href":"https:\/\/dimensionturistica.com\/es\/wp-json\/wp\/v2\/media\/341893"}],"wp:attachment":[{"href":"https:\/\/dimensionturistica.com\/es\/wp-json\/wp\/v2\/media?parent=341892"}],"wp:term":[{"taxonomy":"category","embeddable":true,"href":"https:\/\/dimensionturistica.com\/es\/wp-json\/wp\/v2\/categories?post=341892"},{"taxonomy":"post_tag","embeddable":true,"href":"https:\/\/dimensionturistica.com\/es\/wp-json\/wp\/v2\/tags?post=341892"}],"curies":[{"name":"wp","href":"https:\/\/api.w.org\/{rel}","templated":true}]}}