{"id":341852,"date":"2022-06-29T11:44:03","date_gmt":"2022-06-29T11:44:03","guid":{"rendered":"https:\/\/dimensionturistica.com\/es\/?p=341852"},"modified":"2022-06-29T11:44:03","modified_gmt":"2022-06-29T11:44:03","slug":"navarra-sugiere-una-forma-diferente-de-viajar-otro-turismo","status":"publish","type":"post","link":"https:\/\/dimensionturistica.com\/es\/navarra-sugiere-una-forma-diferente-de-viajar-otro-turismo\/","title":{"rendered":"Navarra sugiere una forma diferente de viajar: &#8220;Otro turismo&#8221;"},"content":{"rendered":"<p> <br \/>\n<\/p>\n<div id=\"article-sumary\">\n<div class=\"article-txt ad-mobile-top\">\n<p>Navarra propone \u201cOtro turismo\u201d. Una nueva forma de entender los viajes y una nueva forma de disfrutar de este destino l\u00edder en sostenibilidad. Para demostrar que una forma diferente de viajar es posible, han realizado una serie documental con un viaje actual, completamente sostenible por la Comunidad Foral.<\/p>\n<p>Jon Kareaga, Stefi Torguet, Vero sin mapa y Fabi\u00e1n Le\u00f3n han sido los cuatro protagonistas de <a rel=\"nofollow noopener\" target=\"_blank\" href=\"https:\/\/www.visitnavarra.es\/es\/la-otra-huella?utm_source=Branded&amp;utm_medium=Display&amp;utm_campaign=LaOtraHuella_VNG\">La Otra Huella<\/a>, el documental que muestra c\u00f3mo han conseguido dar la vuelta a Navarra generando la m\u00ednima huella de carbono. Como sois cuatro, os lanzo cuatro preguntas\u2026<\/p>\n<\/div>\n<\/div>\n<div id=\"article-text\">\n<div class=\"txt\">\n<aside class=\"subscription-highlighted\">\n<div class=\"subscription-container\">\n<div class=\"non-subscribed\">\n<p class=\"description\">Somos de rutas, no de rutinas. Descubre Viajes Nationwide Geographic<\/p>\n<p><a rel=\"nofollow noopener\" target=\"_blank\" href=\"https:\/\/tienda.rbarevistas.com\/por-que-viajes-national-geographic.html?rba_source=viajes.nationalgeographic.com.es&amp;rba_medium=referral&amp;rba_campaign=NGMV&amp;rba_content=frase-articulo\" class=\"more-link\">SABER M\u00c1S<\/a><\/div>\n<\/div>\n<\/aside>\n<p style=\"display: none;\"><img decoding=\"async\" id=\"ctl01_ctl00_phMain_phMain_ctl00_ctl02_ctl17_ctl01_imgContent\" src=\"https:\/\/viajes.nationalgeographic.com.es\/medio\/2022\/06\/27\/navarra_427269fb_800x800.jpg\" alt=\"Navarra\" style=\"border-width:0px;\"\/><\/p>\n<aside class=\"add300x250 publi-interior-top ad-container-r1 ad-inline\"\/>\n<p><strong>\u00bfQu\u00e9 es lo que os ha gustado del viaje?<\/strong><\/p>\n<p>Fabi\u00e1n: Para m\u00ed una de las cosas m\u00e1s espectaculares del viaje ha sido descubrir la cantidad de cosas que hay por hacer en Navarra. Me ha gustado la hospitalidad de la gente, lo bien que se come y su personalidad.<\/p>\n<p><strong>\u00bfQu\u00e9 es lo que os ha ayudado a conseguir este reto?<\/strong><\/p>\n<p>Jon: Ser m\u00e1s conscientes de lo que comemos y consumimos sin duda ha sido un elemento diferenciador de cara a hacer el viaje m\u00e1s sostenible. Alimentarnos de productos locales, de temporada, reci\u00e9n cultivados y mayoritariamente vegetales cut back dr\u00e1sticamente la huella que dejas. A m\u00ed me gustar\u00eda a\u00f1adir que, adem\u00e1s de los 389 Kg de Co2e que hemos ahorrado y que nos ha ayudado a compensar dos d\u00edas de los 6 que hemos estado viajando, hay que pensar que viajamos cuatro personas de las cuales dos ten\u00edan una dieta basada en plantas por lo que nos ayud\u00f3 a ahorrar algo m\u00e1s de 25.000L de agua y 256kg de CO2.<\/p>\n<p><strong>\u00bfAlg\u00fan sitio o destino de Navarra al que quieras volver o conocer?<\/strong><\/p>\n<p>Stefi: Volver\u00eda a repetirlo todo. Pero tambi\u00e9n me queda mucho por ver. Tengo muchas ganas de volver a Navarra con las zapatillas de monta\u00f1a, la bici y el materials de escalada y descubrir otra Navarra distinta. Eso s\u00ed, si vuelvo estoy segura que plantar\u00e9 otro \u00e1rbol para compensar mi huella.<\/p>\n<figure class=\"thumb zoom\"><img loading=\"lazy\" decoding=\"async\" sizes=\"auto, 100vw\" srcset=\"https:\/\/viajes.nationalgeographic.com.es\/medio\/2022\/06\/27\/navarra_ec552d10_720x479.jpg 720w,https:\/\/viajes.nationalgeographic.com.es\/medio\/2022\/06\/27\/navarra_e14e9cba_1200x799.jpg 1200w\" src=\"https:\/\/viajes.nationalgeographic.com.es\/medio\/2022\/06\/27\/navarra_e14e9cba_1200x799.jpg\" alt=\"Navarra\" class=\"lazyload\" width=\"1200\" height=\"799\" data-aspectratio=\"1200\/799\"\/><noscript><img decoding=\"async\" src=\"https:\/\/viajes.nationalgeographic.com.es\/medio\/2022\/06\/27\/navarra_e14e9cba_1200x799.jpg\" alt=\"Navarra\"\/><\/noscript><\/p>\n<p>&#13;<figcaption class=\"by\">&#13;Foto: Turismo de Navarra<\/figcaption>&#13;<\/p>\n<\/figure>\n<p><strong>\u00bfPor qu\u00e9 crees que Navarra es preferrred para vivir otro turismo? <\/strong><\/p>\n<p>Vero: \u201cOtro turismo\u201d es una actitud. Es una forma de entender y cuidar nuestro planeta. Es una forma de viajar donde se priorizan los sabores locales sin aditivos, los caminos con ra\u00edces centenarias, los paisajes naturales aut\u00f3ctonos y protegidos\u2026 Navarra, pionera en el turismo rural, brinda el entorno y la cultura perfecta para viajar de forma responsable y sostenible.<\/p>\n<aside class=\"add300x600 publi-interior-bot ad-inline ad-container-r2\"\/><\/div>\n<p><!-- START: tags-rel  --><!-- END: tags-rel   --><br \/>\n<!-- START:toolbar --><!-- END:toolbar --><\/div>\n\n<p><em> &#8221; Fuentes viajes.nationalgeographic.com.es &#8221; <\/em><\/p>\n","protected":false},"excerpt":{"rendered":"<p>Navarra propone \u201cOtro turismo\u201d. Una nueva forma de entender los viajes y una nueva forma de disfrutar de este destino l\u00edder en sostenibilidad. Para demostrar que una forma diferente de viajar es posible, han realizado una serie documental con un viaje actual, completamente sostenible por la Comunidad Foral. Jon Kareaga, Stefi Torguet, Vero sin mapa [&hellip;]<\/p>\n","protected":false},"author":4,"featured_media":341854,"comment_status":"open","ping_status":"closed","sticky":false,"template":"","format":"standard","meta":{"om_disable_all_campaigns":false,"jnews-multi-image_gallery":[],"jnews_single_post":[],"jnews_primary_category":[],"jnews_social_meta":[],"footnotes":""},"categories":[39],"tags":[47258,47257],"class_list":["post-341852","post","type-post","status-publish","format-standard","has-post-thumbnail","hentry","category-viajes","tag-cargado-desde-el-fichero-de-recursos","tag-keywords-por-defecto"],"_links":{"self":[{"href":"https:\/\/dimensionturistica.com\/es\/wp-json\/wp\/v2\/posts\/341852","targetHints":{"allow":["GET"]}}],"collection":[{"href":"https:\/\/dimensionturistica.com\/es\/wp-json\/wp\/v2\/posts"}],"about":[{"href":"https:\/\/dimensionturistica.com\/es\/wp-json\/wp\/v2\/types\/post"}],"author":[{"embeddable":true,"href":"https:\/\/dimensionturistica.com\/es\/wp-json\/wp\/v2\/users\/4"}],"replies":[{"embeddable":true,"href":"https:\/\/dimensionturistica.com\/es\/wp-json\/wp\/v2\/comments?post=341852"}],"version-history":[{"count":0,"href":"https:\/\/dimensionturistica.com\/es\/wp-json\/wp\/v2\/posts\/341852\/revisions"}],"wp:featuredmedia":[{"embeddable":true,"href":"https:\/\/dimensionturistica.com\/es\/wp-json\/wp\/v2\/media\/341854"}],"wp:attachment":[{"href":"https:\/\/dimensionturistica.com\/es\/wp-json\/wp\/v2\/media?parent=341852"}],"wp:term":[{"taxonomy":"category","embeddable":true,"href":"https:\/\/dimensionturistica.com\/es\/wp-json\/wp\/v2\/categories?post=341852"},{"taxonomy":"post_tag","embeddable":true,"href":"https:\/\/dimensionturistica.com\/es\/wp-json\/wp\/v2\/tags?post=341852"}],"curies":[{"name":"wp","href":"https:\/\/api.w.org\/{rel}","templated":true}]}}