{"id":341488,"date":"2022-06-28T22:14:38","date_gmt":"2022-06-28T22:14:38","guid":{"rendered":"https:\/\/dimensionturistica.com\/es\/?p=341488"},"modified":"2022-06-28T22:14:38","modified_gmt":"2022-06-28T22:14:38","slug":"el-caribe-mexicano-sera-sede-del-evento-mas-importante-del-turismo-de-reuniones","status":"publish","type":"post","link":"https:\/\/dimensionturistica.com\/es\/el-caribe-mexicano-sera-sede-del-evento-mas-importante-del-turismo-de-reuniones\/","title":{"rendered":"El Caribe Mexicano ser\u00e1 sede del evento mas importante del turismo de reuniones"},"content":{"rendered":"<p><img decoding=\"async\" class=\"size-medium wp-image-341501 alignright\" src=\"https:\/\/dimensionturistica.com\/es\/wp-content\/uploads\/2022\/06\/CONGRESOS1-300x225.jpg\" alt=\"\" width=\"300\" height=\"225\" srcset=\"https:\/\/dimensionturistica.com\/es\/wp-content\/uploads\/2022\/06\/CONGRESOS1-300x225.jpg 300w, https:\/\/dimensionturistica.com\/es\/wp-content\/uploads\/2022\/06\/CONGRESOS1.jpg 500w\" sizes=\"(max-width: 300px) 100vw, 300px\" \/>El Caribe Mexicano ser\u00e1 sede del \u201cCongreso Mundial de Educaci\u00f3n\u201d (WEC, por sus siglas en ingl\u00e9s), el evento m\u00e1s importante dentro de la industria de reuniones que organiza la Asociaci\u00f3n Internacional MPI \u201cMeeting Professionals International\u201d, que tendr\u00e1 lugar en la Riviera Maya del 12 al 15 de junio de 2023, el anuncio oficial se realiz\u00f3 en el marco del mismo evento que se llev\u00f3 a cabo del 21 al 23 de junio en San Francisco, California.<br \/>\nDar\u00edo Flota Ocampo, director general del Consejo de Promoci\u00f3n Tur\u00edstica de Quintana Roo estuvo a cargo del anuncio donde enfatiz\u00f3 que: \u201cEsta es la primera vez en 25 a\u00f1os que el congreso se realizar\u00e1 fuera de Estados Unidos o Canad\u00e1 y se espera contar con la participaci\u00f3n de 2,400 asistentes, todos profesionales de la industria de reuniones, incluyendo a compradores de eventos de todas partes del mundo, quienes ser\u00e1n testigos no solo de la grandeza de nuestros destinos, sino de la infraestructura y servicios de primer nivel que ofrece el Caribe Mexicano para<img decoding=\"async\" class=\"size-medium wp-image-341503 alignright\" src=\"https:\/\/dimensionturistica.com\/es\/wp-content\/uploads\/2022\/06\/CONGRESOS3-300x225.jpg\" alt=\"\" width=\"300\" height=\"225\" srcset=\"https:\/\/dimensionturistica.com\/es\/wp-content\/uploads\/2022\/06\/CONGRESOS3-300x225.jpg 300w, https:\/\/dimensionturistica.com\/es\/wp-content\/uploads\/2022\/06\/CONGRESOS3.jpg 500w\" sizes=\"(max-width: 300px) 100vw, 300px\" \/> realizar eventos de Turismo de Reuniones de esta magnitud\u201d.<br \/>\nEl \u201cWEC\u201d, es el evento m\u00e1s importante de la industria de reuniones, est\u00e1 enfocado en actualizar y profesionalizar a toda la cadena de valor de la industria de reuniones y a generar redes de negocios entre estos. La convocatoria se gan\u00f3 tras una ardua competencia donde se tomaron en cuenta factores como conectividad a\u00e9rea, infraestructura, salones y recintos para eventos, calidad de servicios y productos, calidad de proveedores especializados en grupos y eventos, atractivos que ofrece el destino, entre otros.<br \/>\nEl anuncio se realiz\u00f3 durante una comida en la cual se resaltaron la grandeza y bellezas del Caribe Mexicano a trav\u00e9s de detalles y elementos que lo caracterizan como cenotes, playas, cultura maya, gastronom\u00eda y calidez en el servicio.<\/p>\n","protected":false},"excerpt":{"rendered":"<p>El Caribe Mexicano ser\u00e1 sede del \u201cCongreso Mundial de Educaci\u00f3n\u201d (WEC, por sus siglas en ingl\u00e9s), el evento m\u00e1s importante dentro de la industria de reuniones que organiza la Asociaci\u00f3n Internacional MPI \u201cMeeting Professionals International\u201d, que tendr\u00e1 lugar en la Riviera Maya del 12 al 15 de junio de 2023, el anuncio oficial se realiz\u00f3 [&hellip;]<\/p>\n","protected":false},"author":1,"featured_media":341502,"comment_status":"open","ping_status":"closed","sticky":false,"template":"","format":"standard","meta":{"om_disable_all_campaigns":false,"jnews-multi-image_gallery":[],"jnews_single_post":{"source_name":"","source_url":"","via_name":"","via_url":"","override_template":"0","override":[{"template":"1","single_blog_custom":"","parallax":"1","fullscreen":"1","layout":"right-sidebar","sidebar":"default-sidebar","second_sidebar":"default-sidebar","sticky_sidebar":"1","share_position":"top","share_float_style":"share-monocrhome","show_share_counter":"1","show_view_counter":"1","show_featured":"1","show_post_meta":"1","show_post_author":"1","show_post_author_image":"1","show_post_date":"1","post_date_format":"default","post_date_format_custom":"Y\/m\/d","show_post_category":"1","show_post_reading_time":"0","post_reading_time_wpm":"300","show_zoom_button":"0","zoom_button_out_step":"2","zoom_button_in_step":"3","show_post_tag":"1","show_prev_next_post":"1","show_popup_post":"1","number_popup_post":"1","show_author_box":"0","show_post_related":"0","show_inline_post_related":"0"}],"override_image_size":"0","image_override":[{"single_post_thumbnail_size":"crop-500","single_post_gallery_size":"crop-500"}],"trending_post":"0","trending_post_position":"meta","trending_post_label":"Trending","sponsored_post":"0","sponsored_post_label":"Sponsored by","sponsored_post_name":"","sponsored_post_url":"","sponsored_post_logo_enable":"0","sponsored_post_logo":"","sponsored_post_desc":"","disable_ad":"0"},"jnews_primary_category":{"id":""},"jnews_social_meta":{"fb_title":"","fb_description":"","fb_image":"","twitter_title":"","twitter_description":"","twitter_image":""},"footnotes":""},"categories":[40],"tags":[],"class_list":["post-341488","post","type-post","status-publish","format-standard","has-post-thumbnail","hentry","category-industria"],"_links":{"self":[{"href":"https:\/\/dimensionturistica.com\/es\/wp-json\/wp\/v2\/posts\/341488","targetHints":{"allow":["GET"]}}],"collection":[{"href":"https:\/\/dimensionturistica.com\/es\/wp-json\/wp\/v2\/posts"}],"about":[{"href":"https:\/\/dimensionturistica.com\/es\/wp-json\/wp\/v2\/types\/post"}],"author":[{"embeddable":true,"href":"https:\/\/dimensionturistica.com\/es\/wp-json\/wp\/v2\/users\/1"}],"replies":[{"embeddable":true,"href":"https:\/\/dimensionturistica.com\/es\/wp-json\/wp\/v2\/comments?post=341488"}],"version-history":[{"count":0,"href":"https:\/\/dimensionturistica.com\/es\/wp-json\/wp\/v2\/posts\/341488\/revisions"}],"wp:featuredmedia":[{"embeddable":true,"href":"https:\/\/dimensionturistica.com\/es\/wp-json\/wp\/v2\/media\/341502"}],"wp:attachment":[{"href":"https:\/\/dimensionturistica.com\/es\/wp-json\/wp\/v2\/media?parent=341488"}],"wp:term":[{"taxonomy":"category","embeddable":true,"href":"https:\/\/dimensionturistica.com\/es\/wp-json\/wp\/v2\/categories?post=341488"},{"taxonomy":"post_tag","embeddable":true,"href":"https:\/\/dimensionturistica.com\/es\/wp-json\/wp\/v2\/tags?post=341488"}],"curies":[{"name":"wp","href":"https:\/\/api.w.org\/{rel}","templated":true}]}}