{"id":341402,"date":"2022-06-28T20:55:33","date_gmt":"2022-06-28T20:55:33","guid":{"rendered":"https:\/\/dimensionturistica.com\/es\/?p=341402"},"modified":"2022-06-28T20:55:33","modified_gmt":"2022-06-28T20:55:33","slug":"la-seguridad-privada-es-un-servicio-esencial-para-el-desarrollo-del-pais","status":"publish","type":"post","link":"https:\/\/dimensionturistica.com\/es\/la-seguridad-privada-es-un-servicio-esencial-para-el-desarrollo-del-pais\/","title":{"rendered":"La Seguridad Privada es un servicio esencial para el desarrollo del pa\u00eds."},"content":{"rendered":"<p><img decoding=\"async\" class=\"size-medium wp-image-341406 alignright\" src=\"https:\/\/dimensionturistica.com\/es\/wp-content\/uploads\/2022\/06\/FOTO-2-SALVADOR-LOPEZ-CONTRERAS-300x200.jpg\" alt=\"\" width=\"300\" height=\"200\" srcset=\"https:\/\/dimensionturistica.com\/es\/wp-content\/uploads\/2022\/06\/FOTO-2-SALVADOR-LOPEZ-CONTRERAS-300x200.jpg 300w, https:\/\/dimensionturistica.com\/es\/wp-content\/uploads\/2022\/06\/FOTO-2-SALVADOR-LOPEZ-CONTRERAS-768x512.jpg 768w, https:\/\/dimensionturistica.com\/es\/wp-content\/uploads\/2022\/06\/FOTO-2-SALVADOR-LOPEZ-CONTRERAS-750x500.jpg 750w, https:\/\/dimensionturistica.com\/es\/wp-content\/uploads\/2022\/06\/FOTO-2-SALVADOR-LOPEZ-CONTRERAS.jpg 1024w\" sizes=\"(max-width: 300px) 100vw, 300px\" \/>En el d\u00e9cimo aniversario de su creaci\u00f3n, la Asociaci\u00f3n Mexicana de Empresas de Seguridad Privada (AMESP), llam\u00f3 a cerrar filas en contra de las empresas de seguridad privada que hacen de los descuentos en sus precios su estrategia de venta de sus servicios. Su presidente, el capit\u00e1n Salvador L\u00f3pez Contreras, destac\u00f3 que al final a quienes perjudican son a sus propios trabajadores y a quienes ponen su seguridad en sus manos.<br \/>\nInform\u00f3 que la inseguridad general que vive el pa\u00eds, as\u00ed como los cuerpos de polic\u00edas que a\u00fan no han logrado consolidarse a la altura de las necesidades, la inconformidad social, la pandemia, el fen\u00f3meno migratorio, los delitos cibern\u00e9ticos y muchas otras variables, est\u00e1n generando una gran demanda de los servicios de seguridad privada.<br \/>\nPor ello, se\u00f1al\u00f3 que \u201choy somos una industria fuerte y moderna que requiere de mayor cohesi\u00f3n y, sobre todo, de un liderazgo comprometido en mantener el motor del cambio encendido y trabajando para dejar un mejor pa\u00eds a las nuevas generaciones\u201d.<br \/>\nInvit\u00f3 a pensar en lo relevante de esta industria, ya que es la responsable de mover el efectivo del pa\u00eds,<img decoding=\"async\" class=\" wp-image-341411 alignright\" src=\"https:\/\/dimensionturistica.com\/es\/wp-content\/uploads\/2022\/06\/FOTO-OFICIAL-300x112.jpg\" alt=\"\" width=\"474\" height=\"177\" srcset=\"https:\/\/dimensionturistica.com\/es\/wp-content\/uploads\/2022\/06\/FOTO-OFICIAL-300x112.jpg 300w, https:\/\/dimensionturistica.com\/es\/wp-content\/uploads\/2022\/06\/FOTO-OFICIAL-1024x382.jpg 1024w, https:\/\/dimensionturistica.com\/es\/wp-content\/uploads\/2022\/06\/FOTO-OFICIAL-768x287.jpg 768w, https:\/\/dimensionturistica.com\/es\/wp-content\/uploads\/2022\/06\/FOTO-OFICIAL-750x280.jpg 750w, https:\/\/dimensionturistica.com\/es\/wp-content\/uploads\/2022\/06\/FOTO-OFICIAL-1140x426.jpg 1140w, https:\/\/dimensionturistica.com\/es\/wp-content\/uploads\/2022\/06\/FOTO-OFICIAL.jpg 1280w\" sizes=\"(max-width: 474px) 100vw, 474px\" \/> custodiar gran n\u00famero de infraestructuras de los sectores estrat\u00e9gicos, cuidar comunidades enteras, industrias, hospitales y escuelas, entre otros. Adem\u00e1s, capacita y equipa guardias, escoltas y polic\u00edas; \u201cblindamos autom\u00f3viles y edificaciones, equipamos prisiones e instalaciones b\u00e1sicas\u201d. En concreto, somos un servicio esencial para el desarrollo del pa\u00eds y nuestras acciones tienen que estar orientadas a cuidar el futuro de nuestro M\u00e9xico\u201d.<br \/>\nPor lo que hizo un exhorto a los integrantes de esta industria, a comprometerse con nuestro pa\u00eds, con las nuevas generaciones, a que \u201caprovechemos cada oportunidad para impulsar la excelencia, ya que esta debe ser un h\u00e1bito, debe ser una cultura que debemos permear y trabajar cada d\u00eda en nosotros y en nuestras organizaciones\u201d.<br \/>\nEl capit\u00e1n Salvador L\u00f3pez se pronunci\u00f3 tambi\u00e9n a favor de promover el crecimiento econ\u00f3mico sostenido, inclusivo y sostenible, el empleo pleno y productivo y el trabajo decente para todos. Dijo que los servicios mal pagados normalmente terminan mal o muy mal. En general, pero sobre todo en el caso de los guardias, \u201csomos nosotros quienes, por conocer nuestra especialidad, vivir nuestros negocios y las<img decoding=\"async\" class=\"size-medium wp-image-341412 alignright\" src=\"https:\/\/dimensionturistica.com\/es\/wp-content\/uploads\/2022\/06\/FOTO-SALVADOR-LOPEZ-CONTRERAS-225x300.jpg\" alt=\"\" width=\"225\" height=\"300\" srcset=\"https:\/\/dimensionturistica.com\/es\/wp-content\/uploads\/2022\/06\/FOTO-SALVADOR-LOPEZ-CONTRERAS-225x300.jpg 225w, https:\/\/dimensionturistica.com\/es\/wp-content\/uploads\/2022\/06\/FOTO-SALVADOR-LOPEZ-CONTRERAS-768x1024.jpg 768w, https:\/\/dimensionturistica.com\/es\/wp-content\/uploads\/2022\/06\/FOTO-SALVADOR-LOPEZ-CONTRERAS-1152x1536.jpg 1152w, https:\/\/dimensionturistica.com\/es\/wp-content\/uploads\/2022\/06\/FOTO-SALVADOR-LOPEZ-CONTRERAS-750x1000.jpg 750w, https:\/\/dimensionturistica.com\/es\/wp-content\/uploads\/2022\/06\/FOTO-SALVADOR-LOPEZ-CONTRERAS-1140x1520.jpg 1140w, https:\/\/dimensionturistica.com\/es\/wp-content\/uploads\/2022\/06\/FOTO-SALVADOR-LOPEZ-CONTRERAS.jpg 1200w\" sizes=\"(max-width: 225px) 100vw, 225px\" \/> relaciones cada d\u00eda con los clientes debemos ser quienes recomendemos, asesoremos y cuidemos tanto a los usuarios como a nuestra gente\u201d.<br \/>\nL\u00f3pez Contreras habl\u00f3 en una cena en la que se conmemor\u00f3 el 10 aniversario de la creaci\u00f3n de esta asociaci\u00f3n que agrupa al mayor n\u00famero de empresas del sector, 176, las m\u00e1s grandes e importantes legalmente establecidas, tanto nacionales e internacionales, que operan en el pa\u00eds y que en conjunto representan el 30% del total nacional de trabajadores de la industria de la seguridad privada.<br \/>\nEs, junto con las asociaciones hermanadas en ASUME (Agrupaciones de Seguridad Unidas por Un M\u00e9xico Estable), responsable de que el sector produzca casi el 2% del producto Interno Bruto (PIB) nacional. A nivel Latinoam\u00e9rica no existe una asociaci\u00f3n de empresas de seguridad privada tan grande como AMESP. Cuenta con 30 Centros de Evaluaci\u00f3n de Competencias laborales, para la profesionalizaci\u00f3n de sus directivos y trabajadores. Tiene presencia con oficinas matrices de sus Asociados en 22 estados de la Rep\u00fablica, y cobertura nacional en servicios y oficinas locales de sus afiliados.<br \/>\nAdem\u00e1s, la AMESP, ha demostrado la democracia interna con que cuenta, ya que, a lo largo de 10 a\u00f1os, ha realizado 90 Asambleas Generales Ordinarias de Socios, para transparentar los procesos, finanzas y administraci\u00f3n que realiza la asociaci\u00f3n y decidir el rumbo de \u00e9sta. \u201cLa marca AMESP, hoy tiene un valor importante y da confianza a los usuarios de la seguridad privada, por lo que se les recuerda poder utilizarla en todo su marketing empresarial\u201d.<br \/>\nDestac\u00f3 la importancia de la Seguridad Privada, la cual identifica los riesgos y amenazas y establece controles a manera de estrategias de protecci\u00f3n y ve la tranquilidad de una familia o un empresario por peque\u00f1o o grande que este sea. \u201cDar certeza de forma reactiva es el prop\u00f3sito de la seguridad privada, precis\u00f3 el presidente de AMESP.<br \/>\nEn el evento se hizo la develaci\u00f3n de una placa conmemorativa a los 10 a\u00f1os de existencia de la AMESP, la cual estuvo a cargo del director general Seguridad Privada, de la Secretar\u00eda de Seguridad y Protecci\u00f3n Ciudadana, Ignacio Hern\u00e1ndez Ordu\u00f1a, quien destac\u00f3 el crecimiento de esta asociaci\u00f3n, con lo que este sector cada vez se fortalece m\u00e1s.<br \/>\nLos invit\u00f3 a seguir con esta labor, cumpliendo con sus permisos estatales, que es parte con lo que la Asociaci\u00f3n est\u00e1 coadyuvando y siempre en coordinaci\u00f3n con la autoridad.<br \/>\nAl evento al que asistieron 320 personas de 176 empresas, cont\u00f3 con la presencia de la diputada Juanita Guerra, de la Comisi\u00f3n de Seguridad de la C\u00e1mara de Diputados; Mtro. Ignacio Hern\u00e1ndez Ordu\u00f1a, director general de Seguridad Privada en representaci\u00f3n del Mtro. Ricardo Mej\u00eda Berdeja, Subsecretario de Seguridad P\u00fablica de la Secretar\u00eda de Seguridad Y Protecci\u00f3n Ciudadana, y en representaci\u00f3n de su titular Lic. Rosa Icela Rodr\u00edguez Vel\u00e1zquez; el general de Brigada D.E.M. Retirado Mtro Arturo Medina Mayoral en representaci\u00f3n del Comandante Luis Rodr\u00edguez Bucio de la Guardia Nacional; el general de divisi\u00f3n D.E.M. Retirado Audomaro Mart\u00ednez Zepeda, director general del Centro Nacional de Inteligencia. As\u00ed como el Lic. Mario Torres L\u00f3pez, titular de la Unidad de Asuntos Jur\u00eddicos e Igualdad de G\u00e9nero en representaci\u00f3n del secretario de Seguridad del Estado de M\u00e9xico, Mtro. Rodrigo S. Mart\u00ednez-Celis W. Por el INFONAVIT, en representaci\u00f3n de la Lic. Patricia Ortiz Couturier, delegada en la Ciudad de M\u00e9xico, Lic. Constantino Gonz\u00e1lez Alcocer y Lic. Ricardo D\u00edaz Gonz\u00e1lez. Gerente de Cr\u00e9dito.<br \/>\nSe hizo un reconocimiento a los expresidentes de la AMESP, Mario Espinosa Boulogne, Marcos Ossio Rangel, Roberto Rivera Mier y Joel Ju\u00e1rez Blanco, as\u00ed como a sus directoras ejecutivas M\u00f3nica Ch\u00e1vez (quien labor\u00f3 los primeros a\u00f1os del organismo), y la actual, Ver\u00f3nica Torres Landa Castelazo.<\/p>\n","protected":false},"excerpt":{"rendered":"<p>En el d\u00e9cimo aniversario de su creaci\u00f3n, la Asociaci\u00f3n Mexicana de Empresas de Seguridad Privada (AMESP), llam\u00f3 a cerrar filas en contra de las empresas de seguridad privada que hacen de los descuentos en sus precios su estrategia de venta de sus servicios. Su presidente, el capit\u00e1n Salvador L\u00f3pez Contreras, destac\u00f3 que al final a [&hellip;]<\/p>\n","protected":false},"author":1,"featured_media":341409,"comment_status":"open","ping_status":"closed","sticky":false,"template":"","format":"standard","meta":{"om_disable_all_campaigns":false,"jnews-multi-image_gallery":[],"jnews_single_post":{"source_name":"","source_url":"","via_name":"","via_url":"","override_template":"0","override":[{"template":"1","single_blog_custom":"","parallax":"1","fullscreen":"1","layout":"right-sidebar","sidebar":"default-sidebar","second_sidebar":"default-sidebar","sticky_sidebar":"1","share_position":"top","share_float_style":"share-monocrhome","show_share_counter":"1","show_view_counter":"1","show_featured":"1","show_post_meta":"1","show_post_author":"1","show_post_author_image":"1","show_post_date":"1","post_date_format":"default","post_date_format_custom":"Y\/m\/d","show_post_category":"1","show_post_reading_time":"0","post_reading_time_wpm":"300","show_zoom_button":"0","zoom_button_out_step":"2","zoom_button_in_step":"3","show_post_tag":"1","show_prev_next_post":"1","show_popup_post":"1","number_popup_post":"1","show_author_box":"0","show_post_related":"0","show_inline_post_related":"0"}],"override_image_size":"0","image_override":[{"single_post_thumbnail_size":"crop-500","single_post_gallery_size":"crop-500"}],"trending_post":"0","trending_post_position":"meta","trending_post_label":"Trending","sponsored_post":"0","sponsored_post_label":"Sponsored by","sponsored_post_name":"","sponsored_post_url":"","sponsored_post_logo_enable":"0","sponsored_post_logo":"","sponsored_post_desc":"","disable_ad":"0"},"jnews_primary_category":{"id":""},"jnews_social_meta":{"fb_title":"","fb_description":"","fb_image":"","twitter_title":"","twitter_description":"","twitter_image":""},"footnotes":""},"categories":[40],"tags":[],"class_list":["post-341402","post","type-post","status-publish","format-standard","has-post-thumbnail","hentry","category-industria"],"_links":{"self":[{"href":"https:\/\/dimensionturistica.com\/es\/wp-json\/wp\/v2\/posts\/341402","targetHints":{"allow":["GET"]}}],"collection":[{"href":"https:\/\/dimensionturistica.com\/es\/wp-json\/wp\/v2\/posts"}],"about":[{"href":"https:\/\/dimensionturistica.com\/es\/wp-json\/wp\/v2\/types\/post"}],"author":[{"embeddable":true,"href":"https:\/\/dimensionturistica.com\/es\/wp-json\/wp\/v2\/users\/1"}],"replies":[{"embeddable":true,"href":"https:\/\/dimensionturistica.com\/es\/wp-json\/wp\/v2\/comments?post=341402"}],"version-history":[{"count":0,"href":"https:\/\/dimensionturistica.com\/es\/wp-json\/wp\/v2\/posts\/341402\/revisions"}],"wp:featuredmedia":[{"embeddable":true,"href":"https:\/\/dimensionturistica.com\/es\/wp-json\/wp\/v2\/media\/341409"}],"wp:attachment":[{"href":"https:\/\/dimensionturistica.com\/es\/wp-json\/wp\/v2\/media?parent=341402"}],"wp:term":[{"taxonomy":"category","embeddable":true,"href":"https:\/\/dimensionturistica.com\/es\/wp-json\/wp\/v2\/categories?post=341402"},{"taxonomy":"post_tag","embeddable":true,"href":"https:\/\/dimensionturistica.com\/es\/wp-json\/wp\/v2\/tags?post=341402"}],"curies":[{"name":"wp","href":"https:\/\/api.w.org\/{rel}","templated":true}]}}