{"id":341364,"date":"2022-06-28T19:54:53","date_gmt":"2022-06-28T19:54:53","guid":{"rendered":"https:\/\/dimensionturistica.com\/es\/?p=341364"},"modified":"2022-06-28T19:54:53","modified_gmt":"2022-06-28T19:54:53","slug":"6o-encuentro-de-promocion-turistica-del-metro-grupo-posadas-latam-airlines-atout-france-y-federico-quinzanos","status":"publish","type":"post","link":"https:\/\/dimensionturistica.com\/es\/6o-encuentro-de-promocion-turistica-del-metro-grupo-posadas-latam-airlines-atout-france-y-federico-quinzanos\/","title":{"rendered":"\u201c6\u00ba. Encuentro de Promoci\u00f3n Tur\u00edstica del Metro; Grupo Posadas, LATAM Airlines, Atout France y Federico Quinza\u00f1os\u201d"},"content":{"rendered":"<p>La Metr<img decoding=\"async\" class=\" wp-image-341365 alignright\" src=\"https:\/\/dimensionturistica.com\/es\/wp-content\/uploads\/2022\/06\/Atout-France.jpg\" alt=\"\" width=\"207\" height=\"141\" \/>o llev\u00f3 a cabo su 6to. Encuentro de Promoci\u00f3n Tur\u00edstica de este 2022 en el hotel Fiesta Americana Viaducto Aeropuerto; teniendo como invitados a Diana Olivares, Gerente General M\u00e9xico de LATAM Airlines; Mariana Zambrano, Subdirectora de Ventas Mayoreo Nacional de Grupo Posadas; Patricia Torres, Gerente Comercial de Atout France y Federico Quinza\u00f1os, Presidente Fundador de El Gran Baj\u00edo.<br \/>\nCompartieron informaci\u00f3n muy diversa. Diana Olivares confirm\u00f3 que la aerol\u00ednea sali\u00f3 ya del Cap\u00edtulo 11 y present\u00f3 la proyecci\u00f3n anual general de la compa\u00f1\u00eda, \u00e9sta es de 74% con 1123 vuelos al d\u00eda nacionales e internacionales, a 133 destinos en 21 pa\u00edses y los vuelos cargueros son 1220. Reafirm\u00f3 una vez m\u00e1s el compromiso de LATAM con el medio ambiente a trav\u00e9s de sus 4 pilares:<img decoding=\"async\" class=\"size-full wp-image-341366 alignright\" src=\"https:\/\/dimensionturistica.com\/es\/wp-content\/uploads\/2022\/06\/LOGO-LATAM-1.jpg\" alt=\"\" width=\"263\" height=\"175\" \/> gesti\u00f3n ambiental, cambio clim\u00e1tico, reciclaje y valor.<br \/>\nPor su parte Mariana Zambrano de Grupo Posadas y su equipo, presentaron las 9 marcas de la compa\u00f1\u00eda, con m\u00e1s de 185 hoteles en 60 destinos. Se enfocaron en platicar de la m\u00e1s reciente, IOH la cual tiene un concepto particular: \u201cfree style\u201d, esto se refiere a ofrecer una experiencia diferente dentro del mismo hotel, dependiendo qu\u00e9 necesita el hu\u00e9sped; descanso, trabajo, si va con ni\u00f1os o adolescentes, hay una habitaci\u00f3n con gadgets y amenities espec\u00edfica para cada perfil.<br \/>\nPatricia Torres, Gerente Comercial de Atout France, dio a conocer las nuevas reglas para viajar a Francia: a menores de 12 a\u00f1os no les piden prueba ni vacunaci\u00f3n, de 12 a 17 a\u00f1os hay dos opciones: esquema inicial de vacunaci\u00f3n o prueba negativa, de 18 a\u00f1os en adelante, 3 opciones: esquema inicial de vacunaci\u00f3n, esquema inicial de vacunaci\u00f3n m\u00e1s booster o prueba negativa.<br \/>\nCerr\u00f3 la reuni\u00f3n Federico Quinza\u00f1os, Presidente Fundador de El Gran Baj\u00edo, con la conferencia<img decoding=\"async\" class=\"size-medium wp-image-341367 alignright\" src=\"https:\/\/dimensionturistica.com\/es\/wp-content\/uploads\/2022\/06\/LOGO-AEROMAR-300x169.jpg\" alt=\"\" width=\"300\" height=\"169\" srcset=\"https:\/\/dimensionturistica.com\/es\/wp-content\/uploads\/2022\/06\/LOGO-AEROMAR-300x169.jpg 300w, https:\/\/dimensionturistica.com\/es\/wp-content\/uploads\/2022\/06\/LOGO-AEROMAR.jpg 334w\" sizes=\"(max-width: 300px) 100vw, 300px\" \/> \u201cStorytelling de un Destino Tur\u00edstico\u201d, el mundo no est\u00e1 hecho de \u00e1tomos, est\u00e1 hecho de historias y gana quien mejor la cuente. No solo basta con tener una historia sino contarla como ninguno otro. La narrativa es importante porque nos ayuda a ponerle orden al caos, la claridad es poder. Los destinos deben enfocarse en sus campa\u00f1as de <img decoding=\"async\" class=\"size-full wp-image-341368 alignleft\" src=\"https:\/\/dimensionturistica.com\/es\/wp-content\/uploads\/2022\/06\/LOGOMETRO.png\" alt=\"\" width=\"213\" height=\"89\" \/>comunicaci\u00f3n, en conocer a sus audiencias y hablar su lenguaje.<br \/>\nJos\u00e9 Luis Medina, Presidente de La Metro, como anfitri\u00f3n, hizo menci\u00f3n de la importancia de los agentes en capacitarse a trav\u00e9s de los fam trips, para que puedan conocer y recomendar destinos tur\u00edsticos. Reconoci\u00f3 la importante labor altruista de la Metro al apoyar a los damnificados de Oaxaca; para ello, se trabaj\u00f3 de la mano con otros actores del turismo como AEROMAR que llev\u00f3 la ayuda al destino.<\/p>\n","protected":false},"excerpt":{"rendered":"<p>La Metro llev\u00f3 a cabo su 6to. Encuentro de Promoci\u00f3n Tur\u00edstica de este 2022 en el hotel Fiesta Americana Viaducto Aeropuerto; teniendo como invitados a Diana Olivares, Gerente General M\u00e9xico de LATAM Airlines; Mariana Zambrano, Subdirectora de Ventas Mayoreo Nacional de Grupo Posadas; Patricia Torres, Gerente Comercial de Atout France y Federico Quinza\u00f1os, Presidente Fundador [&hellip;]<\/p>\n","protected":false},"author":1,"featured_media":341369,"comment_status":"open","ping_status":"closed","sticky":false,"template":"","format":"standard","meta":{"om_disable_all_campaigns":false,"jnews-multi-image_gallery":[],"jnews_single_post":{"source_name":"","source_url":"","via_name":"","via_url":"","override_template":"0","override":[{"template":"1","single_blog_custom":"","parallax":"1","fullscreen":"1","layout":"right-sidebar","sidebar":"default-sidebar","second_sidebar":"default-sidebar","sticky_sidebar":"1","share_position":"top","share_float_style":"share-monocrhome","show_share_counter":"1","show_view_counter":"1","show_featured":"1","show_post_meta":"1","show_post_author":"1","show_post_author_image":"1","show_post_date":"1","post_date_format":"default","post_date_format_custom":"Y\/m\/d","show_post_category":"1","show_post_reading_time":"0","post_reading_time_wpm":"300","show_zoom_button":"0","zoom_button_out_step":"2","zoom_button_in_step":"3","show_post_tag":"1","show_prev_next_post":"1","show_popup_post":"1","number_popup_post":"1","show_author_box":"0","show_post_related":"0","show_inline_post_related":"0"}],"override_image_size":"0","image_override":[{"single_post_thumbnail_size":"crop-500","single_post_gallery_size":"crop-500"}],"trending_post":"0","trending_post_position":"meta","trending_post_label":"Trending","sponsored_post":"0","sponsored_post_label":"Sponsored by","sponsored_post_name":"","sponsored_post_url":"","sponsored_post_logo_enable":"0","sponsored_post_logo":"","sponsored_post_desc":"","disable_ad":"0"},"jnews_primary_category":{"id":""},"jnews_social_meta":{"fb_title":"","fb_description":"","fb_image":"","twitter_title":"","twitter_description":"","twitter_image":""},"footnotes":""},"categories":[39],"tags":[],"class_list":["post-341364","post","type-post","status-publish","format-standard","has-post-thumbnail","hentry","category-viajes"],"_links":{"self":[{"href":"https:\/\/dimensionturistica.com\/es\/wp-json\/wp\/v2\/posts\/341364","targetHints":{"allow":["GET"]}}],"collection":[{"href":"https:\/\/dimensionturistica.com\/es\/wp-json\/wp\/v2\/posts"}],"about":[{"href":"https:\/\/dimensionturistica.com\/es\/wp-json\/wp\/v2\/types\/post"}],"author":[{"embeddable":true,"href":"https:\/\/dimensionturistica.com\/es\/wp-json\/wp\/v2\/users\/1"}],"replies":[{"embeddable":true,"href":"https:\/\/dimensionturistica.com\/es\/wp-json\/wp\/v2\/comments?post=341364"}],"version-history":[{"count":0,"href":"https:\/\/dimensionturistica.com\/es\/wp-json\/wp\/v2\/posts\/341364\/revisions"}],"wp:featuredmedia":[{"embeddable":true,"href":"https:\/\/dimensionturistica.com\/es\/wp-json\/wp\/v2\/media\/341369"}],"wp:attachment":[{"href":"https:\/\/dimensionturistica.com\/es\/wp-json\/wp\/v2\/media?parent=341364"}],"wp:term":[{"taxonomy":"category","embeddable":true,"href":"https:\/\/dimensionturistica.com\/es\/wp-json\/wp\/v2\/categories?post=341364"},{"taxonomy":"post_tag","embeddable":true,"href":"https:\/\/dimensionturistica.com\/es\/wp-json\/wp\/v2\/tags?post=341364"}],"curies":[{"name":"wp","href":"https:\/\/api.w.org\/{rel}","templated":true}]}}