{"id":341076,"date":"2022-06-28T09:32:47","date_gmt":"2022-06-28T09:32:47","guid":{"rendered":"https:\/\/dimensionturistica.com\/es\/?p=341076"},"modified":"2022-06-28T09:32:48","modified_gmt":"2022-06-28T09:32:48","slug":"los-mejores-destinos-para-la-comunidad-lgtbiq-en-2022","status":"publish","type":"post","link":"https:\/\/dimensionturistica.com\/es\/los-mejores-destinos-para-la-comunidad-lgtbiq-en-2022\/","title":{"rendered":"Los mejores destinos para la comunidad LGTBIQ+ en 2022"},"content":{"rendered":"<p> <br \/>\n<\/p>\n<div id=\"article-sumary\">\n<div class=\"article-txt ad-mobile-top\">\n<p>Las calles de las principales ciudades del mundo llevan semanas acogiendo\u00a0manifestaciones y actos con motivo del D\u00eda del Orgullo, que se celebra cada\u00a028 de junio <a rel=\"nofollow noopener\" target=\"_blank\" href=\"https:\/\/viajes.nationalgeographic.com.es\/a\/nueva-york-gay-pride-orgullo-2019_14320\">en conmemoraci\u00f3n a los\u00a0disturbios de\u00a0Stonewall<\/a> que tuvieron lugar el 28 de junio de\u00a01969 en Nueva York.\u00a0Empezaron as\u00ed las movilizaciones para la defensa de los derechos del colectivo alrededor del mundo, como las relaciones consensuales entre adultos del mismo sexo, que todav\u00eda son ilegales en 67 estados miembro de la ONU. En este marco, la asesor\u00eda\u00a0Asher &amp; Lyric ha analizado un whole de 203 pa\u00edses para determinar cu\u00e1les son los m\u00e1s y menos seguros del mundo para la comunidad en el <a rel=\"nofollow noopener\" target=\"_blank\" href=\"https:\/\/www.asherfergusson.com\/lgbtq-travel-safety\/\">\u00cdndice de seguridad en los viajes LGTBIQ+<\/a>.<\/p>\n<p>Este 2022, Espa\u00f1a se ha colado en el n\u00famero 9, la misma posici\u00f3n que obtuvo el a\u00f1o pasado\u00a0gracias a la buena\u00a0puntuaci\u00f3n en las categor\u00edas analizadas por la asesor\u00eda\u00a0Asher &amp; Lyric, que van <strong>desde la legalidad del matrimonio gay y los derechos de las personas trans hasta\u00a0la protecci\u00f3n de los trabajadores y el reconocimiento de la adopci\u00f3n.<\/strong><\/p>\n<p>Para la elaboraci\u00f3n del estudio ha sido necesario medir\u00a0<strong>la seguridad del colectivo LGBTIQ+ en el extranjero,<\/strong>\u00a0lo que implica\u00a0analizar,\u00a0tambi\u00e9n, aspectos que no afectan directamente a los viajeros,\u00a0pero que son derechos que sirven de indicador. El estudio\u00a0se centra en\u00a0las decisiones <strong>pol\u00edticas que afectan a la comunidad,\u00a0los cambios legales o\u00a0los actos de violencia y prohibiciones.<\/strong>\u00a0Desde la asesor\u00eda tambi\u00e9n\u00a0quieren visibilizar que en muchos destinos populares\u00a0la homosexualidad sigue siendo ilegal,\u00a0como en Malasia y Arabia Saud\u00ed, que cierran la lista\u00a0junto a Nigeria. En la otra cara de la moneda, estos son los pa\u00edses m\u00e1s tolerantes y seguros del mundo para los viajeros LGBTIQ+:<\/p>\n<\/div>\n<\/div>\n\n<p><em> &#8221; Fuentes viajes.nationalgeographic.com.es &#8221; <\/em><\/p>\n","protected":false},"excerpt":{"rendered":"<p>Las calles de las principales ciudades del mundo llevan semanas acogiendo\u00a0manifestaciones y actos con motivo del D\u00eda del Orgullo, que se celebra cada\u00a028 de junio en conmemoraci\u00f3n a los\u00a0disturbios de\u00a0Stonewall que tuvieron lugar el 28 de junio de\u00a01969 en Nueva York.\u00a0Empezaron as\u00ed las movilizaciones para la defensa de los derechos del colectivo alrededor del mundo, [&hellip;]<\/p>\n","protected":false},"author":4,"featured_media":341077,"comment_status":"open","ping_status":"closed","sticky":false,"template":"","format":"standard","meta":{"om_disable_all_campaigns":false,"jnews-multi-image_gallery":[],"jnews_single_post":[],"jnews_primary_category":[],"jnews_social_meta":[],"footnotes":""},"categories":[39],"tags":[47258,47257],"class_list":["post-341076","post","type-post","status-publish","format-standard","has-post-thumbnail","hentry","category-viajes","tag-cargado-desde-el-fichero-de-recursos","tag-keywords-por-defecto"],"_links":{"self":[{"href":"https:\/\/dimensionturistica.com\/es\/wp-json\/wp\/v2\/posts\/341076","targetHints":{"allow":["GET"]}}],"collection":[{"href":"https:\/\/dimensionturistica.com\/es\/wp-json\/wp\/v2\/posts"}],"about":[{"href":"https:\/\/dimensionturistica.com\/es\/wp-json\/wp\/v2\/types\/post"}],"author":[{"embeddable":true,"href":"https:\/\/dimensionturistica.com\/es\/wp-json\/wp\/v2\/users\/4"}],"replies":[{"embeddable":true,"href":"https:\/\/dimensionturistica.com\/es\/wp-json\/wp\/v2\/comments?post=341076"}],"version-history":[{"count":0,"href":"https:\/\/dimensionturistica.com\/es\/wp-json\/wp\/v2\/posts\/341076\/revisions"}],"wp:featuredmedia":[{"embeddable":true,"href":"https:\/\/dimensionturistica.com\/es\/wp-json\/wp\/v2\/media\/341077"}],"wp:attachment":[{"href":"https:\/\/dimensionturistica.com\/es\/wp-json\/wp\/v2\/media?parent=341076"}],"wp:term":[{"taxonomy":"category","embeddable":true,"href":"https:\/\/dimensionturistica.com\/es\/wp-json\/wp\/v2\/categories?post=341076"},{"taxonomy":"post_tag","embeddable":true,"href":"https:\/\/dimensionturistica.com\/es\/wp-json\/wp\/v2\/tags?post=341076"}],"curies":[{"name":"wp","href":"https:\/\/api.w.org\/{rel}","templated":true}]}}