{"id":340920,"date":"2022-06-28T02:02:26","date_gmt":"2022-06-28T02:02:26","guid":{"rendered":"https:\/\/dimensionturistica.com\/es\/?p=340920"},"modified":"2022-06-28T02:02:26","modified_gmt":"2022-06-28T02:02:26","slug":"newind-foods-la-nueva-marca-burgalesa-que-impulsa-la-proteina-vegetal","status":"publish","type":"post","link":"https:\/\/dimensionturistica.com\/es\/newind-foods-la-nueva-marca-burgalesa-que-impulsa-la-proteina-vegetal\/","title":{"rendered":"NeWind Foods, la nueva marca burgalesa que impulsa la prote\u00edna vegetal"},"content":{"rendered":"<p> <br \/>\n<\/p>\n<div>\n<p>La pandemia del coronavirus ha acelerado diferentes h\u00e1bitos de consumo que ven\u00edan pisando fuerte en los \u00faltimos a\u00f1os, en un momento en el que la sociedad est\u00e1 tomando cada vez m\u00e1s conciencia de <a target=\"_blank\" href=\"https:\/\/www.eleconomista.es\/opinion-blogs\/noticias\/10826779\/10\/20\/Consenso-transversal-unico-por-la-carne-vegetal.html\" rel=\"noopener\">la importancia de alimentarse a partir de productos saludables<\/a>. Lo <i>wholesome<\/i>, lo<i> bio<\/i> y lo <i>veggie<\/i> est\u00e1 de moda, pero tanto es as\u00ed que cada vez m\u00e1s empresas en Espa\u00f1a est\u00e1n desarrollando nuevos productos para satisfacer la demanda de la poblaci\u00f3n. En este contexto, nada hac\u00eda presagiar a los burgaleses, padres de la tradicional y famosa morcilla de cerdo, que en la misma cuna en la que naci\u00f3 este producto hace siglos, nacer\u00eda tambi\u00e9n una empresa de alimentaci\u00f3n con un producto totalmente distinto: la prote\u00edna vegetal.<\/p>\n<p>NeWind Meals, una marca nacida en plena pandemia, se ha lanzado a desarrollar este tipo de productos, convirti\u00e9ndose en una de las primeras compa\u00f1\u00edas espa\u00f1olas en apostar por la prote\u00edna vegetal. En concreto, esta compa\u00f1\u00eda est\u00e1 especializada en el desarrollo de productos <i>plant primarily based<\/i> congelados, sin conservantes ni colorantes. Por el momento, ha lanzado cinco referencias: cuatro de ellas con sabor a pollo \u0096elaboradas con prote\u00edna de guisante, soja y trigo\u0096 y otra con sabor a vacuno \u0096elaborada a partir de prote\u00edna de guisante\u0096. La previsi\u00f3n es que lancen nuevos productos antes del verano. <\/p>\n<p>En su planta de Burgos, que cuenta con tres l\u00edneas de producci\u00f3n con avanzada tecnolog\u00eda, tienen una capacidad para producir 18.000 toneladas de producto al a\u00f1o. En la actualidad, NeWind Meals emplea a 160 personas. &#8220;Tras m\u00e1s de dos a\u00f1os trabajando desde el departamento de I+D, buscamos liderar un mercado creciente a trav\u00e9s de una nueva generaci\u00f3n de productos <i>plant based<\/i> que aporten valor a\u00f1adido y una nueva experiencia de consumo m\u00e1s sostenible&#8221;, explica Juan Lizariturry, consejero de NeWind Meals a<i> elEconomista<\/i>.<\/p>\n<h2>Crecimiento internacional<\/h2>\n<p>No obstante, los objetivos de esta compa\u00f1\u00eda burgalesa son ambiciosos, pues no quieren centrar \u00fanicamente su negocio en Espa\u00f1a y miran ya m\u00e1s lejos de nuestras fronteras. Por el momento, los n\u00fameros les avalan: la demanda de este tipo de productos en Europa se ver\u00e1 incrementada hasta el 57% en 2023, seg\u00fan datos de Protein Components International Enterprise Overview 2018\/19-23. &#8220;Nacemos con una clara vocaci\u00f3n de proyecci\u00f3n tanto en Espa\u00f1a como a nivel internacional y actualmente nos encontramos inmersos en la fase de comercializaci\u00f3n de las primeras referencias&#8221;, a\u00f1ade Lizariturry. <\/p>\n<p>Para este ambicioso proyecto, la marca cuenta con el respaldo de dos conocidos expertos en el mundo de la alimentaci\u00f3n: Aviko (l\u00edder europeo en soluciones globales en el mercado de productos derivados de la patata) y Eurofrits (empresa espa\u00f1ola referente en la fabricaci\u00f3n de productos precocinados congelados para grandes superficies de alimentaci\u00f3n tanto en Espa\u00f1a, como Europa y el resto del mundo). En este sentido, la capilaridad internacional de estas compa\u00f1\u00edas permitir\u00e1 acelerar el proceso de expansi\u00f3n de NeWind Meals fuera de Espa\u00f1a. En la actualidad, casi tres de cada diez espa\u00f1oles han cambiado su alimentaci\u00f3n en los \u00faltimos dos a\u00f1os hacia una dieta <i>veggie<\/i> (vegana o vegetariana), mientras que el 35% de la poblaci\u00f3n espa\u00f1ola ha reducido o eliminado su consumo de carne roja en el \u00faltimo a\u00f1o, seg\u00fan datos del estudio The Inexperienced Revolution. En complete, el 10% de los espa\u00f1oles se considera vegano o vegetariano, y la previsi\u00f3n de los expertos es que esta cifra se incremente exponencialmente en la pr\u00f3xima d\u00e9cada.<\/p>\n<p>&#8220;Apostamos por democratizar el consumo de los productos <i>plant based<\/i> al hacer accesible esta categor\u00eda a un consumidor m\u00e1s transversal, no solo veganos o con distintos h\u00e1bitos de vida que quieran mejorar su dieta, sino tambi\u00e9n a personas interesadas por una alimentaci\u00f3n m\u00e1s variada y que quieran probar alimentos nuevos y equilibrar la ingesta de prote\u00edna vegetal frente a la animal y contribuir as\u00ed al equilibrio del planeta&#8221;, a\u00f1ade el consejero de NeWind Meals.<\/p>\n<p>El lanzamiento de esta marca es un reflejo del creciente inter\u00e9s por todo lo relacionado con el <i>agritech<\/i> y con la sostenibilidad, en el que inversores de todo el mundo tienen el foco puesto en este tipo de empresas. En esta l\u00ednea, la compa\u00f1\u00eda burgalesa trabaja para avanzar en la consecuci\u00f3n de los Objetivos de Desarrollo Sostenible (ODS) de la Agenda 2030 y cuenta con diferentes iniciativas orientadas a impulsar estas medidas. Entre otras, la utilizaci\u00f3n de energ\u00eda el\u00e9ctrica de fuentes 100% renovables o una gesti\u00f3n round de los residuos generados. As\u00ed como el uso de envases y embalajes primarios m\u00e1s sostenibles y de cart\u00f3n secundario 100% reciclados.<\/p>\n<p><caja-noticia-s style=\"display:none;\"><\/p>\n<article class=\"inside_ArticleRelated article\">\n<div class=\"articleContent d-flex align-items-center\">\n<div class=\"articleImage col-lg-5 col-md-5 col-sm-12\"><a target=\"_blank\" href=\"https:\/\/www.eleconomista.es\/mercados-cotizaciones\/noticias\/11149716\/04\/21\/Mas-carne-sin-carne-en-los-mercados-Impossible-Foods-quiere-salir-a-bolsa-en-un-ano.html\" rel=\"noopener\"><\/p>\n<figure itemtype=\"\/\/schema.org\/ImageObject\" itemscope=\"\" itemprop=\"image\"><img decoding=\"async\" itemtype=\"\/\/schema.org\/ImageObject\" itemprop=\"url\" class=\"lazy lazy-loading\" data-sizes=\"50vw\" alt=\"M\u00e1s carne sin carne en los mercados: Impossible Foods quiere salir a bolsa en un a\u00f1o\" width=\"770\" height=\"420\" id=\"3483778\" src=\"https:\/\/s03.s3c.es\/imag\/_v0\/770x420\/6\/5\/9\/700x420_hamburguesas-veganas-impossible-bloomberg.jpg\" srcset=\"https:\/\/s03.s3c.es\/imag\/_v0\/770x420\/6\/5\/9\/490x_hamburguesas-veganas-impossible-bloomberg.jpg 500w, https:\/\/s03.s3c.es\/imag\/_v0\/770x420\/6\/5\/9\/700x420_hamburguesas-veganas-impossible-bloomberg.jpg 700w, https:\/\/s03.s3c.es\/imag\/_v0\/770x420\/6\/5\/9\/hamburguesas-veganas-impossible-bloomberg.jpg 1000w\"\/><meta itemprop=\"height\" content=\"420\"\/><br \/>\n<meta itemprop=\"width\" content=\"770\"\/><\/figure>\n<p><\/a><\/div>\n<div class=\"textWrap col-lg-7 col-md-7 col-sm-12\">\n<div class=\"articleHeadline\"><a target=\"_blank\" class=\"articleLink\" href=\"https:\/\/www.eleconomista.es\/mercados-cotizaciones\/noticias\/11149716\/04\/21\/Mas-carne-sin-carne-en-los-mercados-Impossible-Foods-quiere-salir-a-bolsa-en-un-ano.html\" rel=\"noopener\"><\/p>\n<h2 class=\"h4\">M\u00e1s carne sin carne en los mercados: Impossible Foods quiere salir a bolsa en un a\u00f1o<\/h2>\n<p><\/a><\/div>\n<\/div>\n<\/div>\n<\/article>\n<p><\/caja-noticia-s><\/p>\n<div class=\"Article__socialShareContent text-center d-flex justify-content-center align-items-center\">\n<span class=\"d-none\">comentarios<\/span><a target=\"_blank\" href=\"#1648118541665_forum\" onclick=\"jQuery('#not_11154601 .articleZone_Footer').show();window.dataLayer.push({'event': 'event', 'eventoCategoria': 'noticia','eventoAccion': 'boton-flotante-comentarios','eventoEtiqueta': 'Ir a comentar'});\" rel=\"noopener\"><svg xmlns=\"http:\/\/www.w3.org\/2000\/svg\" height=\"34px\" viewbox=\"0 0 24 24\" width=\"34px\" fill=\"currentColor\" style=\"vertical-align: middle;\"><path d=\"M0 0h24v24H0z\" fill=\"none\"\/><path d=\"M21 6h-2v9H6v2c0 .55.45 1 1 1h11l4 4V7c0-.55-.45-1-1-1zm-4 6V3c0-.55-.45-1-1-1H3c-.55 0-1 .45-1 1v14l4-4h10c.55 0 1-.45 1-1z\"\/><\/svg><span class=\"badge badge-danger\">0<\/span><\/a><span class=\"d-none\">WhatsApp<\/span><a target=\"_blank\" href=\"https:\/\/api.whatsapp.com\/send?text=https:\/\/www.eleconomista.es\/empresas-finanzas\/noticias\/11154601\/04\/21\/NeWind-Foods-la-marca-burgalesa-que-impulsa-la-proteina-vegetal.html?utm_source%3Dwhatsapp%26utm_medium%3Dshare_button&amp;id=1648118629957_whatsapp\" data-action=\"share\/whatsapp\/share\" rel=\"noopener\"><img decoding=\"async\" style=\"vertical-align:middle;\" onclick=\"window.dataLayer.push({'event': 'event', 'eventoCategoria': 'noticia','eventoAccion': 'boton-flotante-whatsapp','eventoEtiqueta': 'Compartir en Whatsapp'});\" src=\"https:\/\/s03.s3c.es\/imag3\/iconos\/svg\/whatsAppGreen.svg\" width=\"33px\" height=\"33px\" alt=\"WhatsApp\"\/><\/a><span class=\"d-none\">Fb<\/span><a target=\"_blank\" onclick=\"return abrirFacebook();\" href=\"#1648118806784_facebook\" rel=\"noopener\"><img decoding=\"async\" style=\"vertical-align:middle;\" onclick=\"window.dataLayer.push({'event': 'event', 'eventoCategoria': 'noticia','eventoAccion': 'boton-flotante-facebook','eventoEtiqueta': 'Compartir en Facebook'});\" src=\"https:\/\/s03.s3c.es\/imag3\/iconos\/svg\/facebookBlue.svg\" width=\"22px\" height=\"34.05px\" alt=\"Facebook\"\/><\/a><span class=\"d-none\">Twitter<\/span><a target=\"_blank\" href=\"https:\/\/twitter.com\/share?text=NeWind+Foods%2C+la+nueva+marca+burgalesa+que+impulsa+la+prote%C3%ADna+vegetal&amp;url=https:\/\/www.eleconomista.es\/empresas-finanzas\/noticias\/11154601\/04\/21\/NeWind-Foods-la-marca-burgalesa-que-impulsa-la-proteina-vegetal.html&amp;via=elEconomistaes&amp;id=1648118839245_twitter\" rel=\"noopener\"><img decoding=\"async\" style=\"vertical-align:middle;\" onclick=\"window.dataLayer.push({'event': 'event', 'eventoCategoria': 'noticia','eventoAccion': 'boton-flotante-twitter','eventoEtiqueta': 'Compartir en Twitter'});\" src=\"https:\/\/s03.s3c.es\/imag3\/iconos\/svg\/twitterBlue.svg\" width=\"33px\" height=\"33px\" alt=\"Twitter\"\/><\/a><span class=\"d-none\">Linkedin<\/span><a target=\"_blank\" onclick=\"return abrirLinkedin();\" href=\"#1648118858235_linkedin\" rel=\"noopener\"><img decoding=\"async\" style=\"vertical-align:middle;\" onclick=\"window.dataLayer.push({'event': 'event', 'eventoCategoria': 'noticia','eventoAccion': 'boton-flotante-linkedin','eventoEtiqueta': 'Compartir en Linkedin'});\" src=\"https:\/\/s03.s3c.es\/imag3\/iconos\/svg\/linkedinBlue.svg\" width=\"33px\" height=\"33px\" alt=\"linkedin\"\/><\/a>\n<\/div>\n<\/div>\n<p><script async src=\"\/\/platform.twitter.com\/widgets.js\" charset=\"utf-8\"><\/script><script>\n  !function(f,b,e,v,n,t,s)\n  {if(f.fbq)return;n=f.fbq=function(){n.callMethod?\n  n.callMethod.apply(n,arguments):n.queue.push(arguments)};\n  if(!f._fbq)f._fbq=n;n.push=n;n.loaded=!0;n.version='2.0';\n  n.queue=[];t=b.createElement(e);t.async=!0;\n  t.src=v;s=b.getElementsByTagName(e)[0];\n  s.parentNode.insertBefore(t,s)}(window, document,'script',\n  'https:\/\/connect.facebook.net\/en_US\/fbevents.js');\n  fbq('init', '113015305983050');\n  fbq('track', 'PageView');\n<\/script><br \/>\n<br \/><\/p>\n<p><em> \u2018 The preceding article may include information circulated by third parties \u2019 <\/em><\/p>\n<p><em> \u2018 Some details of this article were extracted from the following source www.eleconomista.es \u2019 <\/em><\/p>\n","protected":false},"excerpt":{"rendered":"<p>La pandemia del coronavirus ha acelerado diferentes h\u00e1bitos de consumo que ven\u00edan pisando fuerte en los \u00faltimos a\u00f1os, en un momento en el que la sociedad est\u00e1 tomando cada vez m\u00e1s conciencia de la importancia de alimentarse a partir de productos saludables. Lo wholesome, lo bio y lo veggie est\u00e1 de moda, pero tanto es [&hellip;]<\/p>\n","protected":false},"author":2,"featured_media":340921,"comment_status":"open","ping_status":"closed","sticky":false,"template":"","format":"standard","meta":{"om_disable_all_campaigns":false,"jnews-multi-image_gallery":[],"jnews_single_post":[],"jnews_primary_category":[],"jnews_social_meta":[],"footnotes":""},"categories":[43],"tags":[],"class_list":["post-340920","post","type-post","status-publish","format-standard","has-post-thumbnail","hentry","category-gourmet"],"_links":{"self":[{"href":"https:\/\/dimensionturistica.com\/es\/wp-json\/wp\/v2\/posts\/340920","targetHints":{"allow":["GET"]}}],"collection":[{"href":"https:\/\/dimensionturistica.com\/es\/wp-json\/wp\/v2\/posts"}],"about":[{"href":"https:\/\/dimensionturistica.com\/es\/wp-json\/wp\/v2\/types\/post"}],"author":[{"embeddable":true,"href":"https:\/\/dimensionturistica.com\/es\/wp-json\/wp\/v2\/users\/2"}],"replies":[{"embeddable":true,"href":"https:\/\/dimensionturistica.com\/es\/wp-json\/wp\/v2\/comments?post=340920"}],"version-history":[{"count":0,"href":"https:\/\/dimensionturistica.com\/es\/wp-json\/wp\/v2\/posts\/340920\/revisions"}],"wp:featuredmedia":[{"embeddable":true,"href":"https:\/\/dimensionturistica.com\/es\/wp-json\/wp\/v2\/media\/340921"}],"wp:attachment":[{"href":"https:\/\/dimensionturistica.com\/es\/wp-json\/wp\/v2\/media?parent=340920"}],"wp:term":[{"taxonomy":"category","embeddable":true,"href":"https:\/\/dimensionturistica.com\/es\/wp-json\/wp\/v2\/categories?post=340920"},{"taxonomy":"post_tag","embeddable":true,"href":"https:\/\/dimensionturistica.com\/es\/wp-json\/wp\/v2\/tags?post=340920"}],"curies":[{"name":"wp","href":"https:\/\/api.w.org\/{rel}","templated":true}]}}