{"id":340852,"date":"2022-06-27T22:46:21","date_gmt":"2022-06-27T22:46:21","guid":{"rendered":"https:\/\/dimensionturistica.com\/es\/?p=340852"},"modified":"2022-06-27T22:46:21","modified_gmt":"2022-06-27T22:46:21","slug":"el-caribe-mexicano-aumenta-su-conectividad-aerea-hacia-europa","status":"publish","type":"post","link":"https:\/\/dimensionturistica.com\/es\/el-caribe-mexicano-aumenta-su-conectividad-aerea-hacia-europa\/","title":{"rendered":"El Caribe Mexicano aumenta su conectividad a\u00e9rea hacia Europa"},"content":{"rendered":"<p>El Caribe Mexicano contin\u00faa ampliando la conectividad a\u00e9rea desde Europa con la llegada de la nueva<img decoding=\"async\" class=\"size-medium wp-image-340860 alignright\" src=\"https:\/\/dimensionturistica.com\/es\/wp-content\/uploads\/2022\/06\/AIREUROPA2-300x200.jpg\" alt=\"\" width=\"300\" height=\"200\" srcset=\"https:\/\/dimensionturistica.com\/es\/wp-content\/uploads\/2022\/06\/AIREUROPA2-300x200.jpg 300w, https:\/\/dimensionturistica.com\/es\/wp-content\/uploads\/2022\/06\/AIREUROPA2.jpg 567w\" sizes=\"(max-width: 300px) 100vw, 300px\" \/> ruta de Iberojet, Barcelona-Canc\u00fan que tendr\u00e1 dos frecuencias a la semana, los domingos y martes. As\u00ed se anunci\u00f3 este d\u00eda durante una rueda de prensa.<br \/>\n\u201cEsta nueva ruta a\u00e9rea Barcelona &#8211; Canc\u00fan nos coloca no s\u00f3lo como un destino con amplia recuperaci\u00f3n, sino como uno con gran crecimiento en materia tur\u00edstica, reflejo de la confianza que tenemos por parte de las aerol\u00edneas que siguen aumentando la conectividad a\u00e9rea toda vez que refuerzan la econom\u00eda tur\u00edstica de Quintana Roo y la presencia de los mercados europeos durante el verano. A casi dos a\u00f1os de la reapertura de nuestros destinos, el Caribe Mexicano ha sido punta de lanza y ejemplo a nivel mundial como caso de \u00e9xito\u201d, coment\u00f3 Bernardo Cueto Riestra, Secretario de Turismo de Quintana Roo.<br \/>\nEn 2021, Espa\u00f1a fue el principal mercado europeo para los destinos tur\u00edsticos del Caribe Mexicano y ese mismo a\u00f1o, el quinto mercado extranjero m\u00e1s importante solo despu\u00e9s de Estados Unidos, Canad\u00e1, Colombia y Brasil.<br \/>\n\u201cEl compromiso con el destino es avalado por los hechos, fuimos la primera aerol\u00ednea en volar desde Espa\u00f1a a Canc\u00fan en los inicios de la reapertura postpandemia y aunque por el momento, este nuevo vuelo es estacional hasta finales de septiembre estamos<br \/>\nconsiderando extenderlo hasta octubre o m\u00e1s all\u00e1 y definitivamente el vuelo regresa el a\u00f1o que viene \u201d, mencion\u00f3 Paul Verhagen, subdirector de Iberojet.<img decoding=\"async\" class=\"size-medium wp-image-340861 alignright\" src=\"https:\/\/dimensionturistica.com\/es\/wp-content\/uploads\/2022\/06\/AIREUROPA10-300x200.jpg\" alt=\"\" width=\"300\" height=\"200\" srcset=\"https:\/\/dimensionturistica.com\/es\/wp-content\/uploads\/2022\/06\/AIREUROPA10-300x200.jpg 300w, https:\/\/dimensionturistica.com\/es\/wp-content\/uploads\/2022\/06\/AIREUROPA10.jpg 567w\" sizes=\"(max-width: 300px) 100vw, 300px\" \/><br \/>\nEl avi\u00f3n que opera la ruta Barcelona \u2013 Canc\u00fan \u2013 Barcelona es un Airbus 330-300. Tiene capacidad para 375 asientos en una \u00fanica clase. Incluye 18 asientos llamados \u00abXL\u00bb con espacio adicional para las piernas, y hay 45 asientos con el servicio llamando \u00abTurista +\u00bb.<br \/>\nEstos asientos Turista +, tienen mayor espacio entre las filas y mayor reclinaje, m\u00e1s alla de los servicios de Turista + (m\u00e1s info sobre todo lo incluido en Turista +: https:\/\/www.iberojet.com\/es\/turista-plus).Av. Tulum #286 Local 5 SM.8 Mayaland 2o p<br \/>\n\u201cEsperamos una temporada de verano exitosa con la llegada de este nuevo vuelo durante las vacaciones para Espa\u00f1a y gran parte de Europa. Muchas gracias a Iberojet por la confianza en el Caribe Mexicano y felicidades por esta nueva ruta que viene a sumarse a la conectividad que tenemos con ahora ya m\u00e1s de 20 aeropuertos en Europa\u201d, coment\u00f3 el director general del Consejo de Promoci\u00f3n Tur\u00edstica de Quintana Roo, Dar\u00edo Flota Ocampo.<br \/>\nEl vuelo aterriz\u00f3 el domingo 26 de junio a las 22:14 horas en el Aeropuerto Internacional de Canc\u00fan, donde fue recibido con un arco de agua y corte de list\u00f3n como parte de la ceremonia de inauguraci\u00f3n donde se cont\u00f3 con la presencia del Secretario de Turismo de Quintana Roo, Bernardo Cueto Riestra; el Director General del CPTQ, Dar\u00edo Flota Ocampo; Paul Verhagen, subdirector de Iberojet y Alejandro Rosel, Gerente de Relaciones<br \/>\nInstitucionales de ASUR.<br \/>\nSobre Grupo Avoris, es el operador tur\u00edstico m\u00e1s grande de Espa\u00f1a, con la aerol\u00ednea Iberojet que vuela a Canc\u00fan, desde Madrid, Lisboa y Barcelona.<br \/>\nEl Caribe Mexicano tiene conexi\u00f3n directa ahora desde 20 destinos de Europa como lo son: Amsterdam, Barcelona, Birmingham, Bristol, Bruselas, Doncaster, Edinburgh, Estambul, Frankfurt, Glasgow, Lisboa, Londres, Munich, Madrid, Manchester, Mil\u00e1n, Newcastle, Paris, Roma, Zurich.<\/p>\n","protected":false},"excerpt":{"rendered":"<p>El Caribe Mexicano contin\u00faa ampliando la conectividad a\u00e9rea desde Europa con la llegada de la nueva ruta de Iberojet, Barcelona-Canc\u00fan que tendr\u00e1 dos frecuencias a la semana, los domingos y martes. As\u00ed se anunci\u00f3 este d\u00eda durante una rueda de prensa. \u201cEsta nueva ruta a\u00e9rea Barcelona &#8211; Canc\u00fan nos coloca no s\u00f3lo como un destino [&hellip;]<\/p>\n","protected":false},"author":1,"featured_media":340859,"comment_status":"open","ping_status":"closed","sticky":false,"template":"","format":"standard","meta":{"om_disable_all_campaigns":false,"jnews-multi-image_gallery":[],"jnews_single_post":{"source_name":"","source_url":"","via_name":"","via_url":"","override_template":"0","override":[{"template":"1","single_blog_custom":"","parallax":"1","fullscreen":"1","layout":"right-sidebar","sidebar":"default-sidebar","second_sidebar":"default-sidebar","sticky_sidebar":"1","share_position":"top","share_float_style":"share-monocrhome","show_share_counter":"1","show_view_counter":"1","show_featured":"1","show_post_meta":"1","show_post_author":"1","show_post_author_image":"1","show_post_date":"1","post_date_format":"default","post_date_format_custom":"Y\/m\/d","show_post_category":"1","show_post_reading_time":"0","post_reading_time_wpm":"300","show_zoom_button":"0","zoom_button_out_step":"2","zoom_button_in_step":"3","show_post_tag":"1","show_prev_next_post":"1","show_popup_post":"1","number_popup_post":"1","show_author_box":"0","show_post_related":"0","show_inline_post_related":"0"}],"override_image_size":"0","image_override":[{"single_post_thumbnail_size":"crop-500","single_post_gallery_size":"crop-500"}],"trending_post":"0","trending_post_position":"meta","trending_post_label":"Trending","sponsored_post":"0","sponsored_post_label":"Sponsored by","sponsored_post_name":"","sponsored_post_url":"","sponsored_post_logo_enable":"0","sponsored_post_logo":"","sponsored_post_desc":"","disable_ad":"0"},"jnews_primary_category":{"id":""},"jnews_social_meta":{"fb_title":"","fb_description":"","fb_image":"","twitter_title":"","twitter_description":"","twitter_image":""},"footnotes":""},"categories":[39],"tags":[],"class_list":["post-340852","post","type-post","status-publish","format-standard","has-post-thumbnail","hentry","category-viajes"],"_links":{"self":[{"href":"https:\/\/dimensionturistica.com\/es\/wp-json\/wp\/v2\/posts\/340852","targetHints":{"allow":["GET"]}}],"collection":[{"href":"https:\/\/dimensionturistica.com\/es\/wp-json\/wp\/v2\/posts"}],"about":[{"href":"https:\/\/dimensionturistica.com\/es\/wp-json\/wp\/v2\/types\/post"}],"author":[{"embeddable":true,"href":"https:\/\/dimensionturistica.com\/es\/wp-json\/wp\/v2\/users\/1"}],"replies":[{"embeddable":true,"href":"https:\/\/dimensionturistica.com\/es\/wp-json\/wp\/v2\/comments?post=340852"}],"version-history":[{"count":0,"href":"https:\/\/dimensionturistica.com\/es\/wp-json\/wp\/v2\/posts\/340852\/revisions"}],"wp:featuredmedia":[{"embeddable":true,"href":"https:\/\/dimensionturistica.com\/es\/wp-json\/wp\/v2\/media\/340859"}],"wp:attachment":[{"href":"https:\/\/dimensionturistica.com\/es\/wp-json\/wp\/v2\/media?parent=340852"}],"wp:term":[{"taxonomy":"category","embeddable":true,"href":"https:\/\/dimensionturistica.com\/es\/wp-json\/wp\/v2\/categories?post=340852"},{"taxonomy":"post_tag","embeddable":true,"href":"https:\/\/dimensionturistica.com\/es\/wp-json\/wp\/v2\/tags?post=340852"}],"curies":[{"name":"wp","href":"https:\/\/api.w.org\/{rel}","templated":true}]}}