{"id":340668,"date":"2022-06-27T16:49:05","date_gmt":"2022-06-27T16:49:05","guid":{"rendered":"https:\/\/dimensionturistica.com\/es\/?p=340668"},"modified":"2022-06-27T16:49:05","modified_gmt":"2022-06-27T16:49:05","slug":"cargill-refuerza-el-fabricante-catalan-de-ingredientes-sostenibles-cubiq-foods-junto-a-moira","status":"publish","type":"post","link":"https:\/\/dimensionturistica.com\/es\/cargill-refuerza-el-fabricante-catalan-de-ingredientes-sostenibles-cubiq-foods-junto-a-moira\/","title":{"rendered":"Cargill refuerza el fabricante catal\u00e1n de ingredientes sostenibles Cubiq Foods junto a Moira"},"content":{"rendered":"<p> <br \/>\n<\/p>\n<div>\n<p>Cubiq Meals, la compa\u00f1\u00eda espa\u00f1ola especializada en soluciones para la industria alimentaria, <b>ha captado 5,75 millones de euros de<\/b>\u00a0tres <b>inversores estrat\u00e9gicos<\/b>: la multinacional estadounidense <b>Cargill,<\/b> el fondo <b>Moira Capital Companions<\/b>, liderado por Javier Loizaga, y <b>NewTree Influence,<\/b> un holding industrial con sede en Bruselas que cotiza en Euronext. Con los recursos captados en esta segunda ronda de financiaci\u00f3n,\u00a0<b>la firma barcelonesa expandir\u00e1 sus operaciones comerciales y de producci\u00f3n en Norteam\u00e9rica y Europa<\/b> y lanzar\u00e1 nuevos productos para su creciente cartera de clientes. La operaci\u00f3n ha contado con el asesoramiento authorized de\u00a0<a target=\"_blank\" rel=\"nofollow noopener\" href=\"https:\/\/www.ga-p.com\/\">G\u00f3mez-Acebo y Pombo<\/a>.<\/p>\n<p>El gigante\u00a0<b>Cargill<\/b>, con 155.000 empleados repartidos en 70 pa\u00edses, ha liderado la ronda cerrando una primera inversi\u00f3n en Cubiq Meals con la que se posiciona como <b>nuevo socio estrat\u00e9gico de la compa\u00f1\u00eda espa\u00f1ola. <\/b>En base a esta alianza, la multinacional estadounidense<b>\u00a0impulsar\u00e1 un plan de desarrollo de producto y un acuerdo comercial<\/b> para la venta y promoci\u00f3n de los productos de Cubiq Meals.  Seg\u00fan fuentes del mercado, esta ampliaci\u00f3n de capital es una ronda puente para <b>una posterior serie B de 60 millones<\/b> de euros\u00a0que la firma catalana espera cerrar a finales del primer trimestre <b>de 2023<\/b>. <\/p>\n<h2>Plan de expansi\u00f3n<\/h2>\n<p>Fundada a finales de 2018, Cubiq Meals es pionera en soluciones tecnol\u00f3gicas y grasas alternativas para aplicaciones alimentarias <a target=\"_blank\" href=\"https:\/\/www.eleconomista.es\/mercados-cotizaciones\/noticias\/11282612\/06\/21\/El-capital-riesgo-apuesta-por-la-alimentacion-saludable.html\" rel=\"noopener\">ante la creciente demanda de ingredientes saludables por parte de los consumidores<\/a>. Moira, el fondo de Loizaga, es propietario del 75% del capital de Cubiq Meals, pionero en grasas saludables, con 10 millones de capital invertido en el productor catal\u00e1n con abundantes aplicaciones para la industria alimentaria.<\/p>\n<blockquote class=\"no-stripe\">\n<h2>Moira, el fondo de Loizaga, es due\u00f1o del 75% de Cubiq Meals, pionero en grasas saludables, con 10 millones de capital invertidos<\/h2>\n<\/blockquote>\n<p>En 2020, <a target=\"_blank\" href=\"https:\/\/www.eleconomista.es\/empresas-finanzas\/noticias\/10536392\/05\/20\/El-fondo-Blue-Horizon-se-alia-con-Moira-Capital-y-toma-el-35-de-la-espanola-Cubiq-Foods.html\" rel=\"noopener\">la startup catalana ya consigui\u00f3 10 millones de euros en una Serie A liderada por Moira Capital Partners y Blue Horizon Ventures<\/a>, increment\u00f3 su equipo humano hasta 50 personas, desarroll\u00f3 3 l\u00edneas de producto e inici\u00f3 la comercializaci\u00f3n de un innovador sustituto de la grasa, con clientes en Espa\u00f1a, Reino Unido, Irlanda y EE.UU.  <\/p>\n<p>Sus socios fundadores, la Raquel Revilla (CTO) y Andr\u00e9s Montefeltro, creen que <b>existe una gran oportunidad para transformar la cadena alimentaria<\/b> de forma m\u00e1s sana, sabrosa, sostenible y asequible para todos. A principios de 2023, Cubiq Meals tiene previsto lanzar su primer ingrediente de grasa cultivada para aplicaciones alimentarias en el mercado estadounidense. <\/p>\n<p>Tras liderar la ronda, desde la multinacional norteamericana han destacado &#8220;e<b>l inter\u00e9s del consumidor por la prote\u00edna de base vegetal, una fuerte tendencia\u00a0<\/b>que ampl\u00eda la oportunidad de innovar para satisfacer esta demanda&#8221;, explica Vivek Cherian, l\u00edder de alternativas a la carne y los l\u00e1cteos para los aceites comestibles de Cargill. &#8220;Nuestra colaboraci\u00f3n estrat\u00e9gica con Cubiq nos ayudar\u00e1 a atender a nuestros clientes ofreciendo alternativas de base vegetal con el gusto, la textura, el sabor y el perfil nutricional y sostenible que desean&#8221;.<\/p>\n<div class=\"Article__socialShareContent text-center d-flex justify-content-center align-items-center\">\n<span class=\"d-none\">WhatsApp<\/span><a target=\"_blank\" href=\"https:\/\/api.whatsapp.com\/send?text=https:\/\/www.eleconomista.es\/retail\/noticias\/11757965\/05\/22\/Cargill-refuerza-el-fabricante-catalan-de-ingredientes-sostenibles-Cubiq-Foods-junto-a-Moira.html?utm_source%3Dwhatsapp%26utm_medium%3Dshare_button&amp;id=1648118629957_whatsapp\" data-action=\"share\/whatsapp\/share\" rel=\"noopener\"><img decoding=\"async\" style=\"vertical-align:middle;\" onclick=\"window.dataLayer.push({'event': 'event', 'eventoCategoria': 'noticia','eventoAccion': 'boton-flotante-whatsapp','eventoEtiqueta': 'Compartir en Whatsapp'});\" src=\"https:\/\/s03.s3c.es\/imag3\/iconos\/svg\/whatsAppGreen.svg\" width=\"33px\" height=\"33px\" alt=\"WhatsApp\"\/><\/a><span class=\"d-none\">Fb<\/span><a target=\"_blank\" onclick=\"return abrirFacebook();\" href=\"#1648118806784_facebook\" rel=\"noopener\"><img decoding=\"async\" style=\"vertical-align:middle;\" onclick=\"window.dataLayer.push({'event': 'event', 'eventoCategoria': 'noticia','eventoAccion': 'boton-flotante-facebook','eventoEtiqueta': 'Compartir en Facebook'});\" src=\"https:\/\/s03.s3c.es\/imag3\/iconos\/svg\/facebookBlue.svg\" width=\"22px\" height=\"34.05px\" alt=\"Facebook\"\/><\/a><span class=\"d-none\">Twitter<\/span><a target=\"_blank\" href=\"https:\/\/twitter.com\/share?text=Cargill+refuerza+el+fabricante+catal%C3%A1n+de+ingredientes+sostenibles+Cubiq+Foods+junto+a+Moira&amp;url=https:\/\/www.eleconomista.es\/retail\/noticias\/11757965\/05\/22\/Cargill-refuerza-el-fabricante-catalan-de-ingredientes-sostenibles-Cubiq-Foods-junto-a-Moira.html&amp;via=elEconomistaes&amp;id=1648118839245_twitter\" rel=\"noopener\"><img decoding=\"async\" style=\"vertical-align:middle;\" onclick=\"window.dataLayer.push({'event': 'event', 'eventoCategoria': 'noticia','eventoAccion': 'boton-flotante-twitter','eventoEtiqueta': 'Compartir en Twitter'});\" src=\"https:\/\/s03.s3c.es\/imag3\/iconos\/svg\/twitterBlue.svg\" width=\"33px\" height=\"33px\" alt=\"Twitter\"\/><\/a><span class=\"d-none\">Linkedin<\/span><a target=\"_blank\" onclick=\"return abrirLinkedin();\" href=\"#1648118858235_linkedin\" rel=\"noopener\"><img decoding=\"async\" style=\"vertical-align:middle;\" onclick=\"window.dataLayer.push({'event': 'event', 'eventoCategoria': 'noticia','eventoAccion': 'boton-flotante-linkedin','eventoEtiqueta': 'Compartir en Linkedin'});\" src=\"https:\/\/s03.s3c.es\/imag3\/iconos\/svg\/linkedinBlue.svg\" width=\"33px\" height=\"33px\" alt=\"linkedin\"\/><\/a>\n<\/div>\n<\/div>\n<p><script async src=\"\/\/platform.twitter.com\/widgets.js\" charset=\"utf-8\"><\/script><script>\n  !function(f,b,e,v,n,t,s)\n  {if(f.fbq)return;n=f.fbq=function(){n.callMethod?\n  n.callMethod.apply(n,arguments):n.queue.push(arguments)};\n  if(!f._fbq)f._fbq=n;n.push=n;n.loaded=!0;n.version='2.0';\n  n.queue=[];t=b.createElement(e);t.async=!0;\n  t.src=v;s=b.getElementsByTagName(e)[0];\n  s.parentNode.insertBefore(t,s)}(window, document,'script',\n  'https:\/\/connect.facebook.net\/en_US\/fbevents.js');\n  fbq('init', '113015305983050');\n  fbq('track', 'PageView');\n<\/script><br \/>\n<br \/><\/p>\n<p><em> \u2018 The preceding article may include information circulated by third parties \u2019 <\/em><\/p>\n<p><em> \u2018 Some details of this article were extracted from the following source www.eleconomista.es \u2019 <\/em><\/p>\n","protected":false},"excerpt":{"rendered":"<p>Cubiq Meals, la compa\u00f1\u00eda espa\u00f1ola especializada en soluciones para la industria alimentaria, ha captado 5,75 millones de euros de\u00a0tres inversores estrat\u00e9gicos: la multinacional estadounidense Cargill, el fondo Moira Capital Companions, liderado por Javier Loizaga, y NewTree Influence, un holding industrial con sede en Bruselas que cotiza en Euronext. Con los recursos captados en esta segunda [&hellip;]<\/p>\n","protected":false},"author":2,"featured_media":340669,"comment_status":"open","ping_status":"closed","sticky":false,"template":"","format":"standard","meta":{"om_disable_all_campaigns":false,"jnews-multi-image_gallery":[],"jnews_single_post":[],"jnews_primary_category":[],"jnews_social_meta":[],"footnotes":""},"categories":[43],"tags":[],"class_list":["post-340668","post","type-post","status-publish","format-standard","has-post-thumbnail","hentry","category-gourmet"],"_links":{"self":[{"href":"https:\/\/dimensionturistica.com\/es\/wp-json\/wp\/v2\/posts\/340668","targetHints":{"allow":["GET"]}}],"collection":[{"href":"https:\/\/dimensionturistica.com\/es\/wp-json\/wp\/v2\/posts"}],"about":[{"href":"https:\/\/dimensionturistica.com\/es\/wp-json\/wp\/v2\/types\/post"}],"author":[{"embeddable":true,"href":"https:\/\/dimensionturistica.com\/es\/wp-json\/wp\/v2\/users\/2"}],"replies":[{"embeddable":true,"href":"https:\/\/dimensionturistica.com\/es\/wp-json\/wp\/v2\/comments?post=340668"}],"version-history":[{"count":0,"href":"https:\/\/dimensionturistica.com\/es\/wp-json\/wp\/v2\/posts\/340668\/revisions"}],"wp:featuredmedia":[{"embeddable":true,"href":"https:\/\/dimensionturistica.com\/es\/wp-json\/wp\/v2\/media\/340669"}],"wp:attachment":[{"href":"https:\/\/dimensionturistica.com\/es\/wp-json\/wp\/v2\/media?parent=340668"}],"wp:term":[{"taxonomy":"category","embeddable":true,"href":"https:\/\/dimensionturistica.com\/es\/wp-json\/wp\/v2\/categories?post=340668"},{"taxonomy":"post_tag","embeddable":true,"href":"https:\/\/dimensionturistica.com\/es\/wp-json\/wp\/v2\/tags?post=340668"}],"curies":[{"name":"wp","href":"https:\/\/api.w.org\/{rel}","templated":true}]}}