{"id":340026,"date":"2022-06-26T19:09:52","date_gmt":"2022-06-26T19:09:52","guid":{"rendered":"https:\/\/dimensionturistica.com\/es\/?p=340026"},"modified":"2022-06-26T19:09:52","modified_gmt":"2022-06-26T19:09:52","slug":"la-unica-playa-del-mundo-que-conecta-dos-mares","status":"publish","type":"post","link":"https:\/\/dimensionturistica.com\/es\/la-unica-playa-del-mundo-que-conecta-dos-mares\/","title":{"rendered":"La \u00fanica playa del mundo que conecta dos mares"},"content":{"rendered":"<p> <br \/>\n<\/p>\n<div>\n<div id=\"involveds\" class=\"involveds wrap\">\n<div class=\"involved-authors only-author\">\n<div class=\"first-author\">\n<figure class=\"thumb col-xs-3\">&#13;<img loading=\"lazy\" decoding=\"async\" src=\"https:\/\/viajes.nationalgeographic.com.es\/medio\/2021\/12\/01\/zori-nl_a2484bc7_600x600.jpg\" alt=\"Zori-NL\" class=\"lazyload\" width=\"600\" height=\"600\" data-aspectratio=\"600\/600\"\/><noscript><img decoding=\"async\" src=\"https:\/\/viajes.nationalgeographic.com.es\/medio\/2021\/12\/01\/zori-nl_a2484bc7_600x600.jpg\" alt=\"Zori-NL\"\/><\/noscript>&#13;<\/figure>\n<\/div>\n<\/div>\n<\/div>\n<p class=\"date\"> <time itemprop=\"dateModified\" datetime=\"2022-06-26T07:00:00+02:00\" data-timestamp=\"1656226800\">&#13;26 de junio de 2022 \u00b7 07:00<\/time>&#13;<\/p>\n<\/div>\n<div id=\"article-text\">\n<div class=\"txt\">\n<aside class=\"subscription-highlighted\">\n<div class=\"subscription-container\">\n<div class=\"non-subscribed\">\n<p class=\"description\">Somos de rutas, no de rutinas. Descubre Viajes Nationwide Geographic<\/p>\n<p><a rel=\"nofollow noopener\" target=\"_blank\" href=\"https:\/\/tienda.rbarevistas.com\/por-que-viajes-national-geographic.html?rba_source=viajes.nationalgeographic.com.es&amp;rba_medium=referral&amp;rba_campaign=NGMV&amp;rba_content=frase-articulo\" class=\"more-link\">SABER M\u00c1S<\/a><\/div>\n<\/div>\n<\/aside>\n<p style=\"display: none;\"><img decoding=\"async\" id=\"ctl01_ctl00_phMain_phMain_ctl00_ctl02_ctl17_ctl01_imgContent\" src=\"https:\/\/viajes.nationalgeographic.com.es\/medio\/2022\/06\/23\/amores_f52108a4_800x800.jpg\" alt=\"Amores\" style=\"border-width:0px;\"\/><\/p>\n<aside class=\"add300x250 publi-interior-top ad-container-r1 ad-inline\"\/>\n<p>Cuenta la leyenda que un pescador japon\u00e9s naufrag\u00f3 frente a las punzantes rocas del Cabo San Lucas, el conf\u00edn meridional de <a rel=\"nofollow noopener\" target=\"_blank\" href=\"https:\/\/viajes.nationalgeographic.com.es\/lifestyle\/baja-california-sur-entre-proyectos-eco-y-hoteles-y-glampings-sostenibles_18163\">Baja California.<\/a> Cuando su vida parec\u00eda desvanecerse entre el oleaje y las mareas, una princesa native le rescat\u00f3 en una heroicidad que, por supuesto, supuso un enamoramiento espont\u00e1neo y mutuo que se fragu\u00f3 y se consum\u00f3 entre las piedras de esta preciosa playa. Aquel romance no acab\u00f3 bien, ya que la negativa de la familia de ella a que entregara su vida a un marinero japon\u00e9s hizo que la joven acabara con su vida de forma tr\u00e1gica. Eso no ha impedido que este lugar se conozca como la playa del amor (o de los amantes) en honor a estos dos tortolitos.<\/p>\n<p>Pero m\u00e1s all\u00e1 de la ret\u00f3rica standard, lo realmente ins\u00f3lito de este paisaje est\u00e1 en su geograf\u00eda. Y es que su ubicaci\u00f3n excepcional hace que sea una playa ins\u00f3lita ya que sus dos orillas reciben las aguas de dos mares diferentes de la talla del Mar de Cort\u00e9s y del Oc\u00e9ano Pac\u00edfico. Una singularidad que se justifica por la estrechez de este conf\u00edn y por la erosi\u00f3n que el oleaje ha provocado en las paredes rocosas.<\/p>\n<aside class=\"add300x600 publi-interior-bot ad-inline ad-container-r2\"\/><\/div>\n<p><!-- START: tags-rel  --><!-- END: tags-rel   --><br \/>\n<!-- START:toolbar --><!-- END:toolbar --><\/div>\n\n<p><em> &#8221; Fuentes viajes.nationalgeographic.com.es &#8221; <\/em><\/p>\n","protected":false},"excerpt":{"rendered":"<p>&#13;&#13; &#13;26 de junio de 2022 \u00b7 07:00&#13; Somos de rutas, no de rutinas. Descubre Viajes Nationwide Geographic SABER M\u00c1S Cuenta la leyenda que un pescador japon\u00e9s naufrag\u00f3 frente a las punzantes rocas del Cabo San Lucas, el conf\u00edn meridional de Baja California. Cuando su vida parec\u00eda desvanecerse entre el oleaje y las mareas, una [&hellip;]<\/p>\n","protected":false},"author":4,"featured_media":340027,"comment_status":"open","ping_status":"closed","sticky":false,"template":"","format":"standard","meta":{"om_disable_all_campaigns":false,"jnews-multi-image_gallery":[],"jnews_single_post":[],"jnews_primary_category":[],"jnews_social_meta":[],"footnotes":""},"categories":[39],"tags":[47258,47257],"class_list":["post-340026","post","type-post","status-publish","format-standard","has-post-thumbnail","hentry","category-viajes","tag-cargado-desde-el-fichero-de-recursos","tag-keywords-por-defecto"],"_links":{"self":[{"href":"https:\/\/dimensionturistica.com\/es\/wp-json\/wp\/v2\/posts\/340026","targetHints":{"allow":["GET"]}}],"collection":[{"href":"https:\/\/dimensionturistica.com\/es\/wp-json\/wp\/v2\/posts"}],"about":[{"href":"https:\/\/dimensionturistica.com\/es\/wp-json\/wp\/v2\/types\/post"}],"author":[{"embeddable":true,"href":"https:\/\/dimensionturistica.com\/es\/wp-json\/wp\/v2\/users\/4"}],"replies":[{"embeddable":true,"href":"https:\/\/dimensionturistica.com\/es\/wp-json\/wp\/v2\/comments?post=340026"}],"version-history":[{"count":0,"href":"https:\/\/dimensionturistica.com\/es\/wp-json\/wp\/v2\/posts\/340026\/revisions"}],"wp:featuredmedia":[{"embeddable":true,"href":"https:\/\/dimensionturistica.com\/es\/wp-json\/wp\/v2\/media\/340027"}],"wp:attachment":[{"href":"https:\/\/dimensionturistica.com\/es\/wp-json\/wp\/v2\/media?parent=340026"}],"wp:term":[{"taxonomy":"category","embeddable":true,"href":"https:\/\/dimensionturistica.com\/es\/wp-json\/wp\/v2\/categories?post=340026"},{"taxonomy":"post_tag","embeddable":true,"href":"https:\/\/dimensionturistica.com\/es\/wp-json\/wp\/v2\/tags?post=340026"}],"curies":[{"name":"wp","href":"https:\/\/api.w.org\/{rel}","templated":true}]}}