{"id":339905,"date":"2022-06-26T14:07:14","date_gmt":"2022-06-26T14:07:14","guid":{"rendered":"https:\/\/dimensionturistica.com\/es\/?p=339905"},"modified":"2022-06-26T14:07:14","modified_gmt":"2022-06-26T14:07:14","slug":"runa-e-inter-proteccion-se-unen-para-ofrecer-seguros-medicos-accesibles-para-las-pymes-mexicanas","status":"publish","type":"post","link":"https:\/\/dimensionturistica.com\/es\/runa-e-inter-proteccion-se-unen-para-ofrecer-seguros-medicos-accesibles-para-las-pymes-mexicanas\/","title":{"rendered":"RUNA e INTER protecci\u00f3n se unen para ofrecer seguros m\u00e9dicos accesibles para las PYMEs mexicanas."},"content":{"rendered":"<p>Como parte de la misi\u00f3n de mejorar la calidad de vida de los empleados en M\u00e9xico, Runa lanzar\u00e1 este mes Seguros Runa, para ofrecer a las peque\u00f1as y medianas la opci\u00f3n de cotizar seguros m\u00e9dicos para sus equipos a un precio accesible, y minimizando riesgos.<br \/>\n\u201cLas empresas con pocos empleados se encuentran en desventaja al momento de cotizar seguros de gastos m\u00e9dicos. Se enfrentan con costos y absorci\u00f3n de riesgo mucho m\u00e1s altos que las empresas grandes. Gracias al colectivo de Runa, podemos ofrecer a las PYMEs acceso a p\u00f3lizas que no podr\u00edan obtener de forma individual\u201d \u2013 Sof\u00eda Mestre, Head of Product en Runa.<img decoding=\"async\" class=\"size-medium wp-image-339907 alignright\" src=\"https:\/\/dimensionturistica.com\/es\/wp-content\/uploads\/2022\/06\/unnamed-1-32-300x200.jpg\" alt=\"\" width=\"300\" height=\"200\" srcset=\"https:\/\/dimensionturistica.com\/es\/wp-content\/uploads\/2022\/06\/unnamed-1-32-300x200.jpg 300w, https:\/\/dimensionturistica.com\/es\/wp-content\/uploads\/2022\/06\/unnamed-1-32-1024x682.jpg 1024w, https:\/\/dimensionturistica.com\/es\/wp-content\/uploads\/2022\/06\/unnamed-1-32-768x512.jpg 768w, https:\/\/dimensionturistica.com\/es\/wp-content\/uploads\/2022\/06\/unnamed-1-32-750x500.jpg 750w, https:\/\/dimensionturistica.com\/es\/wp-content\/uploads\/2022\/06\/unnamed-1-32-1140x760.jpg 1140w, https:\/\/dimensionturistica.com\/es\/wp-content\/uploads\/2022\/06\/unnamed-1-32.jpg 1160w\" sizes=\"(max-width: 300px) 100vw, 300px\" \/><br \/>\nAdem\u00e1s del Colectivo Runa, la empresa eligi\u00f3 a INTERprotecci\u00f3n como un aliado estrat\u00e9gico para poder ofrecer el mejor precio y servicio a las PYMEs mexicanas.<br \/>\n\u201cEncontrar al socio ideal fue clave para nuestra estrategia\u201d- cuenta Sof\u00eda Mestre. \u201cYa que necesit\u00e1bamos elegir un socio que adem\u00e1s de cumplir con las expectativas operacionales, estuviera alineado con nuestra misi\u00f3n de mejorar la calidad de los empleados en M\u00e9xico.\u201d<br \/>\nDe acuerdo con INEGI, en M\u00e9xico son 33 millones de personas las que viven sin tener acceso a servicios p\u00fablicos o privados de salud. Empoderando a las peque\u00f1as y medianas empresas, es como Runa e INTERprotecci\u00f3n buscan facilitar el acceso a la salud.<br \/>\n&#8220;En M\u00e9xico, muy pocas Pymes cuentan con alg\u00fan tipo de seguro. Nosotros sabemos la importancia de fomentar la cultura de la prevenci\u00f3n para estar siempre protegidos, es por eso que nos sentimos honrados de ser parte de este nuevo lanzamiento, apoyando a todas esas peque\u00f1as empresas para proteger la salud de sus colaboradores\u201d, mencion\u00f3 Francisco Casanueva Presidente Ejecutivo de INTERprotecci\u00f3n<br \/>\nAdem\u00e1s de los beneficios para los empleados, las empresas mejoran la motivaci\u00f3n y la productividad de los colaboradores. Lo que resulta en una mayor retenci\u00f3n, y empresas m\u00e1s sanas.<\/p>\n","protected":false},"excerpt":{"rendered":"<p>Como parte de la misi\u00f3n de mejorar la calidad de vida de los empleados en M\u00e9xico, Runa lanzar\u00e1 este mes Seguros Runa, para ofrecer a las peque\u00f1as y medianas la opci\u00f3n de cotizar seguros m\u00e9dicos para sus equipos a un precio accesible, y minimizando riesgos. \u201cLas empresas con pocos empleados se encuentran en desventaja al [&hellip;]<\/p>\n","protected":false},"author":1,"featured_media":339906,"comment_status":"open","ping_status":"closed","sticky":false,"template":"","format":"standard","meta":{"om_disable_all_campaigns":false,"jnews-multi-image_gallery":[],"jnews_single_post":{"source_name":"","source_url":"","via_name":"","via_url":"","override_template":"0","override":[{"template":"1","single_blog_custom":"","parallax":"1","fullscreen":"1","layout":"right-sidebar","sidebar":"default-sidebar","second_sidebar":"default-sidebar","sticky_sidebar":"1","share_position":"top","share_float_style":"share-monocrhome","show_share_counter":"1","show_view_counter":"1","show_featured":"1","show_post_meta":"1","show_post_author":"1","show_post_author_image":"1","show_post_date":"1","post_date_format":"default","post_date_format_custom":"Y\/m\/d","show_post_category":"1","show_post_reading_time":"0","post_reading_time_wpm":"300","show_zoom_button":"0","zoom_button_out_step":"2","zoom_button_in_step":"3","show_post_tag":"1","show_prev_next_post":"1","show_popup_post":"1","number_popup_post":"1","show_author_box":"0","show_post_related":"0","show_inline_post_related":"0"}],"override_image_size":"0","image_override":[{"single_post_thumbnail_size":"crop-500","single_post_gallery_size":"crop-500"}],"trending_post":"0","trending_post_position":"meta","trending_post_label":"Trending","sponsored_post":"0","sponsored_post_label":"Sponsored by","sponsored_post_name":"","sponsored_post_url":"","sponsored_post_logo_enable":"0","sponsored_post_logo":"","sponsored_post_desc":"","disable_ad":"0"},"jnews_primary_category":{"id":""},"jnews_social_meta":{"fb_title":"","fb_description":"","fb_image":"","twitter_title":"","twitter_description":"","twitter_image":""},"footnotes":""},"categories":[40],"tags":[],"class_list":["post-339905","post","type-post","status-publish","format-standard","has-post-thumbnail","hentry","category-industria"],"_links":{"self":[{"href":"https:\/\/dimensionturistica.com\/es\/wp-json\/wp\/v2\/posts\/339905","targetHints":{"allow":["GET"]}}],"collection":[{"href":"https:\/\/dimensionturistica.com\/es\/wp-json\/wp\/v2\/posts"}],"about":[{"href":"https:\/\/dimensionturistica.com\/es\/wp-json\/wp\/v2\/types\/post"}],"author":[{"embeddable":true,"href":"https:\/\/dimensionturistica.com\/es\/wp-json\/wp\/v2\/users\/1"}],"replies":[{"embeddable":true,"href":"https:\/\/dimensionturistica.com\/es\/wp-json\/wp\/v2\/comments?post=339905"}],"version-history":[{"count":0,"href":"https:\/\/dimensionturistica.com\/es\/wp-json\/wp\/v2\/posts\/339905\/revisions"}],"wp:featuredmedia":[{"embeddable":true,"href":"https:\/\/dimensionturistica.com\/es\/wp-json\/wp\/v2\/media\/339906"}],"wp:attachment":[{"href":"https:\/\/dimensionturistica.com\/es\/wp-json\/wp\/v2\/media?parent=339905"}],"wp:term":[{"taxonomy":"category","embeddable":true,"href":"https:\/\/dimensionturistica.com\/es\/wp-json\/wp\/v2\/categories?post=339905"},{"taxonomy":"post_tag","embeddable":true,"href":"https:\/\/dimensionturistica.com\/es\/wp-json\/wp\/v2\/tags?post=339905"}],"curies":[{"name":"wp","href":"https:\/\/api.w.org\/{rel}","templated":true}]}}