{"id":339867,"date":"2022-06-26T13:04:23","date_gmt":"2022-06-26T13:04:23","guid":{"rendered":"https:\/\/dimensionturistica.com\/es\/?p=339867"},"modified":"2022-06-26T13:04:23","modified_gmt":"2022-06-26T13:04:23","slug":"autoridades-confian-en-desarrollo-del-turismo-de-cuba-fotos","status":"publish","type":"post","link":"https:\/\/dimensionturistica.com\/es\/autoridades-confian-en-desarrollo-del-turismo-de-cuba-fotos\/","title":{"rendered":"Autoridades conf\u00edan en desarrollo del turismo de Cuba (+Fotos)"},"content":{"rendered":"<p> <br \/>\n<\/p>\n<div>\n<p>En su intervenci\u00f3n ante el XV Seminario Internacional de Periodismo y Turismo (20-24 de junio), el funcionario rese\u00f1\u00f3 una panor\u00e1mica de este sector en la isla en la actualidad.<\/p>\n<p><img decoding=\"async\" class=\"alignnone wp-image-266812 size-full\" src=\"data:image\/svg+xml,%3Csvg%20xmlns=\" http:=\"\" alt=\"\" width=\"748\" height=\"498\" data-lazy-srcset=\"https:\/\/www.prensa-latina.cu\/wp-content\/uploads\/2022\/06\/Sierra-MINTUR.jpg 748w, https:\/\/www.prensa-latina.cu\/wp-content\/uploads\/2022\/06\/Sierra-MINTUR-300x200.jpg 300w, https:\/\/www.prensa-latina.cu\/wp-content\/uploads\/2022\/06\/Sierra-MINTUR-150x100.jpg 150w\" data-lazy-sizes=\"(max-width: 748px) 100vw, 748px\" data-lazy-src=\"https:\/\/www.prensa-latina.cu\/wp-content\/uploads\/2022\/06\/Sierra-MINTUR.jpg\"\/><noscript><img decoding=\"async\" class=\"alignnone wp-image-266812 size-full\" src=\"https:\/\/www.prensa-latina.cu\/wp-content\/uploads\/2022\/06\/Sierra-MINTUR.jpg\" alt=\"\" width=\"748\" height=\"498\" srcset=\"https:\/\/www.prensa-latina.cu\/wp-content\/uploads\/2022\/06\/Sierra-MINTUR.jpg 748w, https:\/\/www.prensa-latina.cu\/wp-content\/uploads\/2022\/06\/Sierra-MINTUR-300x200.jpg 300w, https:\/\/www.prensa-latina.cu\/wp-content\/uploads\/2022\/06\/Sierra-MINTUR-150x100.jpg 150w\" sizes=\"(max-width: 748px) 100vw, 748px\"\/><\/noscript><\/p>\n<p>La cita es organizada por la C\u00e1tedra de Turismo de la Uni\u00f3n de Periodismo de Cuba (UPEC), con sede en el Instituto Internacional de Periodismo Jos\u00e9 Mart\u00ed (participan 50 periodistas latinoamericanos).<\/p>\n<p><img decoding=\"async\" class=\"alignnone wp-image-266814 size-full\" src=\"data:image\/svg+xml,%3Csvg%20xmlns=\" http:=\"\" alt=\"\" width=\"748\" height=\"498\" data-lazy-srcset=\"https:\/\/www.prensa-latina.cu\/wp-content\/uploads\/2022\/06\/seminario-turismo-1.jpg 748w, https:\/\/www.prensa-latina.cu\/wp-content\/uploads\/2022\/06\/seminario-turismo-1-300x200.jpg 300w, https:\/\/www.prensa-latina.cu\/wp-content\/uploads\/2022\/06\/seminario-turismo-1-150x100.jpg 150w\" data-lazy-sizes=\"(max-width: 748px) 100vw, 748px\" data-lazy-src=\"https:\/\/www.prensa-latina.cu\/wp-content\/uploads\/2022\/06\/seminario-turismo-1.jpg\"\/><noscript><img decoding=\"async\" class=\"alignnone wp-image-266814 size-full\" src=\"https:\/\/www.prensa-latina.cu\/wp-content\/uploads\/2022\/06\/seminario-turismo-1.jpg\" alt=\"\" width=\"748\" height=\"498\" srcset=\"https:\/\/www.prensa-latina.cu\/wp-content\/uploads\/2022\/06\/seminario-turismo-1.jpg 748w, https:\/\/www.prensa-latina.cu\/wp-content\/uploads\/2022\/06\/seminario-turismo-1-300x200.jpg 300w, https:\/\/www.prensa-latina.cu\/wp-content\/uploads\/2022\/06\/seminario-turismo-1-150x100.jpg 150w\" sizes=\"(max-width: 748px) 100vw, 748px\"\/><\/noscript><\/p>\n<p>Bajo el t\u00edtulo Estrategias de Comercializaci\u00f3n y Desarrollo del Turismo put up pandemia en Cuba, Sierra explic\u00f3 que la isla tiene condiciones para salir de las dificultades que enfrenta esta esfera econ\u00f3mica, tanto en este pa\u00eds como en el mundo.<\/p>\n<p>En la actualidad la isla cuenta con 77 mil 809 habitaciones hoteleras de las que el 44,5 por ciento tienen categor\u00eda de cinco estrellas, 29,6 de cuatro estrellas, 13,6 tres y 12 por ciento otra clasificaci\u00f3n.<\/p>\n<p>El 48 por ciento de las instalaciones de alojamiento pertenecen al Grupo Gaviota, el 22 por ciento a Cubanac\u00e1n, 18 por ciento a Gran Caribe y 12 por ciento a Islazul.<\/p>\n<p>De esas cifras, 50 mil habitaciones tienen administraci\u00f3n de importantes compa\u00f1\u00edas hoteleras extranjeras, principalmente Meli\u00e1, Iberostar, BlueDiamond, Roc, Barcel\u00f3, Blau, Kempinski, Accor, NH, Axel, Be Dwell y Sirenis.<\/p>\n<p>Por dem\u00e1s, la isla abarca una representaci\u00f3n en el extranjero de su turismo mediante 13 Consejeros y 12 delegaciones de Havanatur.<\/p>\n<p>Los contratos de administraci\u00f3n est\u00e1n creados a partir de 18 firmas for\u00e1neas, fundamentalmente espa\u00f1olas y canadienses.<\/p>\n<p>Entre los principales mercados emisores aparecen Rusia (hasta febrero), Canad\u00e1 (se reafirma en perspectivas como el principal), cubanos en el exterior, Espa\u00f1a, Alemania y los Estados Unidos.<\/p>\n<p>Hasta el cierre del 16 de junio, la isla atendi\u00f3 a 623 mil 541 visitantes extranjeros (el Mintur planifica cerrar el a\u00f1o con 2,5 millones).<\/p>\n<p>En los per\u00edodos antes de la declaraci\u00f3n de pandemia de la Covid-19 (11 marzo de 2020), la isla atendi\u00f3 por a\u00f1o a poco m\u00e1s de cuatro millones de visitantes.<\/p>\n<p>Para las tendencias del presente (denominadas put up Covid) buscan el regreso del turismo de entretenimiento, las visitas a lo pure, la preocupaci\u00f3n por el cambio clim\u00e1tico y sus efectos, transformaci\u00f3n de la industria para hacer sostenible los bienes y servicios.<\/p>\n<p>Adem\u00e1s, en la lista de tendencias del turismo presente est\u00e1 delimitar cada proyecto, y tener en cuenta la elevaci\u00f3n del nivel medio del mar y las temporadas cicl\u00f3nicas, todo ello para conformar los planes de desarrollo tur\u00edstico.<\/p>\n<p>Mencion\u00f3 adem\u00e1s el programa del Estado nombrado Tarea Vida que incluye mantenimiento y recuperaci\u00f3n de las playas arenosas.<\/p>\n<p>Rese\u00f1\u00f3 la existencia en Cuba de 114 polos tur\u00edsticos estudiados mediante un censo de suelo, fundamentalmente ubicados en el litoral norte de la isla, y nueve regiones tur\u00edsticas para desarrollar la actividad recreativa.<\/p>\n<p>Por su parte, la especialista principal en comunicaci\u00f3n del Mintur, Dalila Gonz\u00e1lez, explic\u00f3 que la nueva campa\u00f1a de promoci\u00f3n tur\u00edstica de la isla se nombra \u00danica, al hacer referencia a la gente de este pa\u00eds, su amabilidad y amistad, principal atractivo para los viajeros.<\/p>\n<p><img decoding=\"async\" class=\"alignnone wp-image-266830 size-full\" src=\"data:image\/svg+xml,%3Csvg%20xmlns=\" http:=\"\" alt=\"\" width=\"748\" height=\"498\" data-lazy-srcset=\"https:\/\/www.prensa-latina.cu\/wp-content\/uploads\/2022\/06\/Dalila.jpg 748w, https:\/\/www.prensa-latina.cu\/wp-content\/uploads\/2022\/06\/Dalila-300x200.jpg 300w, https:\/\/www.prensa-latina.cu\/wp-content\/uploads\/2022\/06\/Dalila-150x100.jpg 150w\" data-lazy-sizes=\"(max-width: 748px) 100vw, 748px\" data-lazy-src=\"https:\/\/www.prensa-latina.cu\/wp-content\/uploads\/2022\/06\/Dalila.jpg\"\/><noscript><img decoding=\"async\" class=\"alignnone wp-image-266830 size-full\" src=\"https:\/\/www.prensa-latina.cu\/wp-content\/uploads\/2022\/06\/Dalila.jpg\" alt=\"\" width=\"748\" height=\"498\" srcset=\"https:\/\/www.prensa-latina.cu\/wp-content\/uploads\/2022\/06\/Dalila.jpg 748w, https:\/\/www.prensa-latina.cu\/wp-content\/uploads\/2022\/06\/Dalila-300x200.jpg 300w, https:\/\/www.prensa-latina.cu\/wp-content\/uploads\/2022\/06\/Dalila-150x100.jpg 150w\" sizes=\"(max-width: 748px) 100vw, 748px\"\/><\/noscript><\/p>\n<p>automotive\/rfc<\/p>\n<\/p><\/div>\n\n<p><em> &#8221; Fuentes www.prensa-latina.cu &#8221; <\/em><\/p>\n","protected":false},"excerpt":{"rendered":"<p>En su intervenci\u00f3n ante el XV Seminario Internacional de Periodismo y Turismo (20-24 de junio), el funcionario rese\u00f1\u00f3 una panor\u00e1mica de este sector en la isla en la actualidad. La cita es organizada por la C\u00e1tedra de Turismo de la Uni\u00f3n de Periodismo de Cuba (UPEC), con sede en el Instituto Internacional de Periodismo Jos\u00e9 [&hellip;]<\/p>\n","protected":false},"author":4,"featured_media":339868,"comment_status":"open","ping_status":"closed","sticky":false,"template":"","format":"standard","meta":{"om_disable_all_campaigns":false,"jnews-multi-image_gallery":[],"jnews_single_post":[],"jnews_primary_category":[],"jnews_social_meta":[],"footnotes":""},"categories":[40],"tags":[715,35201,544],"class_list":["post-339867","post","type-post","status-publish","format-standard","has-post-thumbnail","hentry","category-industria","tag-economia","tag-nota-informativa","tag-turismo"],"_links":{"self":[{"href":"https:\/\/dimensionturistica.com\/es\/wp-json\/wp\/v2\/posts\/339867","targetHints":{"allow":["GET"]}}],"collection":[{"href":"https:\/\/dimensionturistica.com\/es\/wp-json\/wp\/v2\/posts"}],"about":[{"href":"https:\/\/dimensionturistica.com\/es\/wp-json\/wp\/v2\/types\/post"}],"author":[{"embeddable":true,"href":"https:\/\/dimensionturistica.com\/es\/wp-json\/wp\/v2\/users\/4"}],"replies":[{"embeddable":true,"href":"https:\/\/dimensionturistica.com\/es\/wp-json\/wp\/v2\/comments?post=339867"}],"version-history":[{"count":0,"href":"https:\/\/dimensionturistica.com\/es\/wp-json\/wp\/v2\/posts\/339867\/revisions"}],"wp:featuredmedia":[{"embeddable":true,"href":"https:\/\/dimensionturistica.com\/es\/wp-json\/wp\/v2\/media\/339868"}],"wp:attachment":[{"href":"https:\/\/dimensionturistica.com\/es\/wp-json\/wp\/v2\/media?parent=339867"}],"wp:term":[{"taxonomy":"category","embeddable":true,"href":"https:\/\/dimensionturistica.com\/es\/wp-json\/wp\/v2\/categories?post=339867"},{"taxonomy":"post_tag","embeddable":true,"href":"https:\/\/dimensionturistica.com\/es\/wp-json\/wp\/v2\/tags?post=339867"}],"curies":[{"name":"wp","href":"https:\/\/api.w.org\/{rel}","templated":true}]}}